{"id":75414,"date":"2026-04-30T00:27:08","date_gmt":"2026-04-30T00:27:08","guid":{"rendered":"https:\/\/bihavadis.com\/?p=75414"},"modified":"2026-04-30T00:27:08","modified_gmt":"2026-04-30T00:27:08","slug":"iranda-hamaneyin-olumu-sonrasi-meydanlara-inen-kalabalik-havadan-goruntulendi","status":"publish","type":"post","link":"https:\/\/bihavadis.com\/index.php\/2026\/04\/30\/iranda-hamaneyin-olumu-sonrasi-meydanlara-inen-kalabalik-havadan-goruntulendi\/","title":{"rendered":"\u0130ran&#8217;da Hamaney&#8217;in \u00f6l\u00fcm\u00fc sonras\u0131 meydanlara inen kalabal\u0131k havadan g\u00f6r\u00fcnt\u00fclendi"},"content":{"rendered":"<p>Orta Do\u011fu&#8217;da sava\u015f \u00e7anlar\u0131&#8230;<\/p>\n<p>D\u00fcn itibariyle \u0130srail ve ABD koordinasyonuyla \u0130ran&#8217;a y\u00f6nelik \u00f6nc\u00fc bir sald\u0131r\u0131 ba\u015flat\u0131ld\u0131.\u00a0<\/p>\n<p>Sald\u0131r\u0131da bir\u00e7ok \u00fcst d\u00fczey isim hedef al\u0131n\u0131rken 200&#8217;den fazla \u0130ranl\u0131 hayat\u0131n\u0131 kaybetti.<\/p>\n<p><strong>HAMANEY HAYATINI KAYBETT\u0130<\/strong><\/p>\n<p>Sald\u0131r\u0131da hedef al\u0131nan isimlerden biri de\u00a0<span>\u00a0<\/span>\u0130ran lideri Ayetullah Ali Hamaney oldu.\u00a0<\/p>\n<p>\u0130ran Devlet Televizyonu, Ali Hamaney&#8217;in ABD-\u0130srail sald\u0131r\u0131s\u0131nda hayat\u0131n\u0131 kaybetti\u011fini do\u011frulad\u0131.<\/p>\n<p><img decoding=\"async\" src=\"https:\/\/bihavadis.com\/wp-content\/uploads\/2026\/04\/iranda-hamaneyin-olumu-sonrasi-meydanlara-inen-kalabalik-havadan-goruntulendi-0-1TqrRnJj.jpg\"\/><\/p>\n<p><strong>\u00dcLKE GENEL\u0130NDE YAS \u0130LAN ED\u0130LD\u0130<\/strong><\/p>\n<p>Hamaney&#8217;in \u00f6l\u00fcm\u00fcn\u00fcn ard\u0131ndan\u00a0\u00fclke genelinde 40 g\u00fcn ulusal yas ve 7 g\u00fcn genel tatil ilan edildi.\u00a0<\/p>\n<p>Tahran ba\u015fta olmak \u00fczere bir\u00e7ok kentte sokaklara d\u00f6k\u00fclen binlerce ki\u015fi, Hamaney posterleri ta\u015f\u0131yarak \u0130ran bayraklar\u0131yla y\u00fcr\u00fcy\u00fc\u015f yapt\u0131.<\/p>\n<p><img decoding=\"async\" src=\"https:\/\/bihavadis.com\/wp-content\/uploads\/2026\/04\/iranda-hamaneyin-olumu-sonrasi-meydanlara-inen-kalabalik-havadan-goruntulendi-1-e1dciP7v.jpg\"\/><\/p>\n<p><strong>MAH\u015eER KALABALI\u011eI <\/strong><\/p>\n<p>Ba\u015fkent Tahran&#8217;daki \u0130nk\u0131lap Meydan\u0131&#8217;nda toplanan \u00e7ok say\u0131da ki\u015fi, ellerinde \u0130ran bayraklar\u0131 ve Hamaney posterleriyle ABD ve \u0130srail kar\u015f\u0131t\u0131 sloganlar att\u0131.<\/p>\n<p>Olu\u015fan kalabal\u0131k nedeniyle meydanda ad\u0131m atacak yer kalmazken o anlar havadan g\u00f6r\u00fcnt\u00fclendi.\u00a0<\/p>\n<p><img decoding=\"async\" src=\"https:\/\/bihavadis.com\/wp-content\/uploads\/2026\/04\/iranda-hamaneyin-olumu-sonrasi-meydanlara-inen-kalabalik-havadan-goruntulendi-2-Q8xRQX22.jpg\"\/><\/p>\n<p><strong>ABD VE \u0130SRA\u0130L&#8217;E YO\u011eUN TEPK\u0130<\/strong><\/p>\n<p>Kum kentinde, Hz. Masume T\u00fcrbesi&#8217;nde toplanan y\u00fczlerce ki\u015fi ABD ve \u0130srail&#8217;i lanetledi.<\/p>\n<p>\u00d6te yandan Me\u015fhed kentindeki \u0130mam R\u0131za T\u00fcrbesi&#8217;nin kubbesine siyah bayrak \u00e7ekilirken b\u00f6lgeye gelen \u0130ranl\u0131lar, Hamaney&#8217;in \u00f6l\u00fcm\u00fc nedeniyle g\u00f6zya\u015f\u0131 d\u00f6kt\u00fc.<\/p>\n<p><img decoding=\"async\" src=\"https:\/\/bihavadis.com\/wp-content\/uploads\/2026\/04\/iranda-hamaneyin-olumu-sonrasi-meydanlara-inen-kalabalik-havadan-goruntulendi-3-iilqDATJ.jpg\"\/><\/p>\n<p><strong>1989&#8217;DAN BER\u0130 G\u00d6REVDEYD\u0130<\/strong><\/p>\n<p>Humeyni&#8217;nin vefat\u0131ndan sonra Hamaney, \u00fclke liderini se\u00e7me ve denetlemeyle g\u00f6revli Uzmanlar Meclisi taraf\u0131ndan Ha\u015fimi Rafsancani&#8217;nin deste\u011fiyle 1989 y\u0131l\u0131nda \u00fclkedeki en \u00fcst makam olan Lider (Rehber) olarak se\u00e7ildi.<\/p>\n<div> <span><strong>Kaynak:<\/strong> Ensonhaber Haber Merkezi<\/span> <\/div>\n","protected":false},"excerpt":{"rendered":"<p>Orta Do\u011fu&#8217;da sava\u015f \u00e7anlar\u0131&#8230; D\u00fcn itibariyle \u0130srail ve ABD koordinasyonuyla \u0130ran&#8217;a y\u00f6nelik \u00f6nc\u00fc bir sald\u0131r\u0131 ba\u015flat\u0131ld\u0131.\u00a0 Sald\u0131r\u0131da bir\u00e7ok \u00fcst d\u00fczey isim hedef al\u0131n\u0131rken 200&#8217;den fazla \u0130ranl\u0131 hayat\u0131n\u0131 kaybetti. HAMANEY HAYATINI KAYBETT\u0130 Sald\u0131r\u0131da hedef &#8230;<\/p>\n","protected":false},"author":1,"featured_media":75415,"comment_status":"open","ping_status":"open","sticky":false,"template":"","format":"standard","meta":{"footnotes":""},"categories":[6],"tags":[272,3845,271,792],"class_list":["post-75414","post","type-post","status-publish","format-standard","has-post-thumbnail","hentry","category-dunya","tag-abd","tag-hamaney","tag-iran","tag-israil"],"_links":{"self":[{"href":"https:\/\/bihavadis.com\/index.php\/wp-json\/wp\/v2\/posts\/75414","targetHints":{"allow":["GET"]}}],"collection":[{"href":"https:\/\/bihavadis.com\/index.php\/wp-json\/wp\/v2\/posts"}],"about":[{"href":"https:\/\/bihavadis.com\/index.php\/wp-json\/wp\/v2\/types\/post"}],"author":[{"embeddable":true,"href":"https:\/\/bihavadis.com\/index.php\/wp-json\/wp\/v2\/users\/1"}],"replies":[{"embeddable":true,"href":"https:\/\/bihavadis.com\/index.php\/wp-json\/wp\/v2\/comments?post=75414"}],"version-history":[{"count":1,"href":"https:\/\/bihavadis.com\/index.php\/wp-json\/wp\/v2\/posts\/75414\/revisions"}],"predecessor-version":[{"id":75420,"href":"https:\/\/bihavadis.com\/index.php\/wp-json\/wp\/v2\/posts\/75414\/revisions\/75420"}],"wp:featuredmedia":[{"embeddable":true,"href":"https:\/\/bihavadis.com\/index.php\/wp-json\/wp\/v2\/media\/75415"}],"wp:attachment":[{"href":"https:\/\/bihavadis.com\/index.php\/wp-json\/wp\/v2\/media?parent=75414"}],"wp:term":[{"taxonomy":"category","embeddable":true,"href":"https:\/\/bihavadis.com\/index.php\/wp-json\/wp\/v2\/categories?post=75414"},{"taxonomy":"post_tag","embeddable":true,"href":"https:\/\/bihavadis.com\/index.php\/wp-json\/wp\/v2\/tags?post=75414"}],"curies":[{"name":"wp","href":"https:\/\/api.w.org\/{rel}","templated":true}]}}