{"id":75454,"date":"2026-04-30T00:48:06","date_gmt":"2026-04-30T00:48:06","guid":{"rendered":"https:\/\/bihavadis.com\/?p=75454"},"modified":"2026-04-30T00:48:06","modified_gmt":"2026-04-30T00:48:06","slug":"selcuk-ozdag-dis-hekimlerinin-atama-krizi-hakkinda-onerge-verdi","status":"publish","type":"post","link":"https:\/\/bihavadis.com\/index.php\/2026\/04\/30\/selcuk-ozdag-dis-hekimlerinin-atama-krizi-hakkinda-onerge-verdi\/","title":{"rendered":"Sel\u00e7uk \u00d6zda\u011f, Di\u015f Hekimlerinin Atama Krizi Hakk\u0131nda \u00d6nerge Verdi"},"content":{"rendered":"<p><span>\u00d6nerge hakk\u0131nda sosyal medyada payla\u015f\u0131m yapan \u00d6zda\u011f, \u201cDi\u015f Hekimleri T\u00fcrkiye\u2019de a\u011f\u0131z ve di\u015f sa\u011fl\u0131\u011f\u0131 hizmetlerinde ciddi bir planlama sorunu ya\u015fanmaktad\u0131r. Bir yanda kamuda atanmay\u0131 bekleyen di\u015f hekimleri, di\u011fer yanda aylar sonras\u0131na verilen randevular nedeniyle tedavi olamayan vatanda\u015flar\u0131m\u0131z bulunmaktad\u0131r. Yakla\u015f\u0131k 20 bin di\u015f hekiminin ba\u015fvuru potansiyeline kar\u015f\u0131l\u0131k 2026 y\u0131l\u0131 ilk defa ve yeniden atama kuras\u0131nda yaln\u0131zca 521 kadro ilan edilmesi, meslekte ciddi bir istihdam ve hizmet krizine yol a\u00e7m\u0131\u015f durumdad\u0131r. Konu ile ilgili Sa\u011fl\u0131k Bakanl\u0131\u011f\u0131\u2019na <\/span><span>soru \u00f6nergesi verdim. Cevab\u0131 a\u015fa\u011f\u0131daki ba\u011flant\u0131 \u00fczerinden hep birlikte takip edelim\u201d ifadelerine yer verdi. (BSHA \/ Bilim ve Sa\u011fl\u0131k Haber Ajans\u0131)\u00a0<\/span><\/p>\n<p><img decoding=\"async\" src=\"https:\/\/www.bsha.com.tr\/wp-content\/uploads\/2026\/04\/Goruntu-17.04.2026-19.49.jpeg\"\/><img decoding=\"async\" src=\"https:\/\/www.bsha.com.tr\/wp-content\/uploads\/2026\/04\/Goruntu-17.04.2026-19.49-1.jpeg\"\/><\/p>\n","protected":false},"excerpt":{"rendered":"<p>Yeniyol Grup Ba\u015fkan Vekili Sel\u00e7uk \u00d6zda\u011f, di\u015f hekimlerinin istihdam\u0131 ve atamalar\u0131 hakk\u0131nda ya\u015fanan sorunun \u00e7\u00f6z\u00fcm\u00fc i\u00e7in mecliste \u00f6nerge verdi.<\/p>\n","protected":false},"author":1,"featured_media":75455,"comment_status":"open","ping_status":"open","sticky":false,"template":"","format":"standard","meta":{"footnotes":""},"categories":[11],"tags":[],"class_list":["post-75454","post","type-post","status-publish","format-standard","has-post-thumbnail","hentry","category-saglik"],"_links":{"self":[{"href":"https:\/\/bihavadis.com\/index.php\/wp-json\/wp\/v2\/posts\/75454","targetHints":{"allow":["GET"]}}],"collection":[{"href":"https:\/\/bihavadis.com\/index.php\/wp-json\/wp\/v2\/posts"}],"about":[{"href":"https:\/\/bihavadis.com\/index.php\/wp-json\/wp\/v2\/types\/post"}],"author":[{"embeddable":true,"href":"https:\/\/bihavadis.com\/index.php\/wp-json\/wp\/v2\/users\/1"}],"replies":[{"embeddable":true,"href":"https:\/\/bihavadis.com\/index.php\/wp-json\/wp\/v2\/comments?post=75454"}],"version-history":[{"count":1,"href":"https:\/\/bihavadis.com\/index.php\/wp-json\/wp\/v2\/posts\/75454\/revisions"}],"predecessor-version":[{"id":75456,"href":"https:\/\/bihavadis.com\/index.php\/wp-json\/wp\/v2\/posts\/75454\/revisions\/75456"}],"wp:featuredmedia":[{"embeddable":true,"href":"https:\/\/bihavadis.com\/index.php\/wp-json\/wp\/v2\/media\/75455"}],"wp:attachment":[{"href":"https:\/\/bihavadis.com\/index.php\/wp-json\/wp\/v2\/media?parent=75454"}],"wp:term":[{"taxonomy":"category","embeddable":true,"href":"https:\/\/bihavadis.com\/index.php\/wp-json\/wp\/v2\/categories?post=75454"},{"taxonomy":"post_tag","embeddable":true,"href":"https:\/\/bihavadis.com\/index.php\/wp-json\/wp\/v2\/tags?post=75454"}],"curies":[{"name":"wp","href":"https:\/\/api.w.org\/{rel}","templated":true}]}}