{"id":7546,"date":"2026-01-31T05:57:04","date_gmt":"2026-01-31T05:57:04","guid":{"rendered":"https:\/\/bihavadis.com\/?p=7546"},"modified":"2026-01-31T05:57:04","modified_gmt":"2026-01-31T05:57:04","slug":"bulent-arinctan-umut-hakki-ve-siyasi-suclara-af-cagrisi","status":"publish","type":"post","link":"https:\/\/bihavadis.com\/index.php\/2026\/01\/31\/bulent-arinctan-umut-hakki-ve-siyasi-suclara-af-cagrisi\/","title":{"rendered":"B\u00fclent Ar\u0131n\u00e7&#8217;tan umut hakk\u0131 ve siyasi su\u00e7lara af \u00e7a\u011fr\u0131s\u0131"},"content":{"rendered":"<p>Ter\u00f6rs\u00fcz T\u00fcrkiye hedefine emin ad\u0131mlarla ilerlerken, Suriye&#8217;de de tarihi anlar ya\u015fan\u0131yor.<\/p>\n<p>Esad rejimi boyunca\u00a0K\u00fcrt n\u00fcfusunun \u00f6nemli bir k\u0131sm\u0131 fiilen vatans\u0131z b\u0131rak\u0131lm\u0131\u015f, a\u011f\u0131r ma\u011fduriyetler ya\u015fanm\u0131\u015ft\u0131.<\/p>\n<p>Suriye&#8217;nin yeni Cumhurba\u015fkan\u0131 Ahmed \u015eara&#8217;n\u0131n imzalad\u0131\u011f\u0131 2026 Y\u0131l\u0131 13 Numaral\u0131 Cumhurba\u015fkanl\u0131\u011f\u0131 Kararnamesi ile Suriyeli K\u00fcrtler, Suriye halk\u0131n\u0131n <em><b>&#8216;temel ve asli bir par\u00e7as\u0131&#8217;<\/b><\/em> olarak resmen kabul edildi.<\/p>\n<p>B\u00f6ylece\u00a0K\u00fcrtlerin k\u00fclt\u00fcrel ve dilsel kimli\u011fi, Suriye&#8217;nin birle\u015fik ve \u00e7e\u015fitli ulusal kimli\u011finin ayr\u0131lmaz par\u00e7as\u0131 olarak tan\u0131nd\u0131.<\/p>\n<p>Sosyal medya hesab\u0131ndan yapt\u0131\u011f\u0131 a\u00e7\u0131klamas\u0131nda Suriye&#8217;deki geli\u015fmeleri olumlu buldu\u011funu belirten\u00a022. D\u00f6nem TBMM Ba\u015fkan\u0131 B\u00fclent Ar\u0131n\u00e7,<span>\u00a0<\/span>yurt d\u0131\u015f\u0131nda bulunan veya \u00e7\u0131kmak zorunda kalacak olan siyasi su\u00e7lular\u0131n durumuna da dikkat \u00e7ekti.<\/p>\n<p><strong>S\u0130YAS\u0130 SU\u00c7LARA AF VE UMUT HAKKI \u00c7A\u011eRISI<\/strong><\/p>\n<p>Umut hakk\u0131 ve siyasi su\u00e7lara af \u00e7a\u011fr\u0131s\u0131nda bulunan Ar\u0131n\u00e7, \u015fu ifadeleri kulland\u0131:<\/p>\n<p>Siyasi d\u00fc\u015f\u00fcnceleri, fikirleri ve eylemleri sebebiyle su\u00e7lanan bir\u00e7ok insan yurtd\u0131\u015f\u0131nda ve bir\u00e7o\u011fu da yurtd\u0131\u015f\u0131na \u00e7\u0131kmak zorunda kalacak. Bu gibi siyas\u00ee su\u00e7lardan yarg\u0131lanan isimler i\u00e7in yap\u0131lacak en do\u011fru ve hay\u0131rl\u0131 i\u015f, ter\u00f6rs\u00fcz T\u00fcrkiye hedefine giderken af ve umut hakk\u0131 dahil olmak \u00fczere A\u0130HM kararlar\u0131n\u0131n uygulanmas\u0131 gibi b\u00fct\u00fcn se\u00e7eneklerin de\u011ferlendirilmesi do\u011fru olacakt\u0131r. \u00d6zellikle siyasi su\u00e7lar\u0131n aff\u0131 toplumsal bar\u0131\u015fa giden yolu a\u00e7mak ad\u0131na \u00f6nemli bir ad\u0131m olacakt\u0131r.<\/p>\n<p><strong>&#8220;K\u00dcRTLER\u0130N DUYARLILIKLARINI D\u0130KKATE ALMADAN A\u015eA\u011eILIYICI VE D\u00dc\u015eMAN D\u0130L KULLANILMASI DO\u011eRU DE\u011e\u0130L&#8221;<\/strong><\/p>\n<p>\u015eunu a\u00e7\u0131kl\u0131kla s\u00f6yleyelim ki Cumhurba\u015fkan\u0131m\u0131z Say\u0131n Erdo\u011fan\u2019\u0131n g\u00fc\u00e7l\u00fc liderli\u011fi ve Say\u0131n Bah\u00e7eli\u2019nin i\u015fbirli\u011fi ile a\u00e7\u0131lan yolda Suriye&#8217;deki geli\u015fmeleri fevkalade olumlu bulmakla birlikte, K\u00fcrtlerin duyarl\u0131l\u0131klar\u0131n\u0131 dikkate almadan, a\u015fa\u011f\u0131lay\u0131c\u0131 ve d\u00fc\u015fmanca bir dil kullan\u0131lmas\u0131n\u0131 do\u011fru bulmuyorum. K\u00fcrtler, ister Anadolu\u2019da olsun ister b\u00fct\u00fcn kom\u015fu co\u011frafyalarda olsun her zaman haks\u0131zl\u0131\u011fa ve gadre u\u011fram\u0131\u015f, aldat\u0131lm\u0131\u015f bir toplumdur. Onlar\u0131 anlamak i\u00e7in bug\u00fcn yap\u0131lacak en do\u011fru i\u015f, empati yapmakt\u0131r.<\/p>\n<p><strong>AHMET \u00d6ZER \u00d6RNE\u011e\u0130<\/strong><\/p>\n<p>Ancak empati yapt\u0131\u011f\u0131m\u0131z, kendimizi onlar\u0131n yerine koydu\u011fumuz takdirde annelerin \u00e7ocuklar\u0131n sa\u00e7lar\u0131n\u0131 \u00f6rmesinin ter\u00f6r \u00f6rg\u00fct\u00fc propagandas\u0131 say\u0131lmas\u0131 sa\u00e7mal\u0131\u011f\u0131ndan uzakla\u015fabilir ve yine empati yapt\u0131\u011f\u0131m\u0131z takdirde Esenyurt Belediye Ba\u015fkan\u0131 Ahmet \u00d6zer hakk\u0131nda verilen karar\u0131n yanl\u0131\u015fl\u0131\u011f\u0131n\u0131 anlayabiliriz. 50 y\u0131ll\u0131k karanl\u0131k bir d\u00f6nemi, bir fecaat d\u00f6nemini kapat\u0131rken bunlara ihtiyac\u0131m\u0131z oldu\u011funu d\u00fc\u015f\u00fcn\u00fcyorum.<\/p>\n<p><img decoding=\"async\" src=\"https:\/\/bihavadis.com\/wp-content\/uploads\/2026\/01\/bulent-arinctan-umut-hakki-ve-siyasi-suclara-af-cagrisi-0-552DGYct.jpg\"\/><\/p>\n","protected":false},"excerpt":{"rendered":"<p>Umut hakk\u0131 ve siyasi su\u00e7lar i\u00e7in af dahil t\u00fcm se\u00e7eneklerin de\u011ferlendirilmesi gerekti\u011finin alt\u0131n\u0131 \u00e7izen Eski TBMM Ba\u015fkan\u0131 B\u00fclent Ar\u0131n\u00e7, K\u00fcrtlere y\u00f6nelik a\u015fa\u011f\u0131lay\u0131c\u0131 ve d\u00fc\u015fmanca bir dil kullan\u0131lmas\u0131n\u0131 da do\u011fru bulmad\u0131\u011f\u0131n\u0131 s\u00f6yledi.<\/p>\n","protected":false},"author":1,"featured_media":7547,"comment_status":"open","ping_status":"open","sticky":false,"template":"","format":"standard","meta":{"footnotes":""},"categories":[9,13],"tags":[1807,361],"class_list":["post-7546","post","type-post","status-publish","format-standard","has-post-thumbnail","hentry","category-genel","category-son-dakika","tag-dogru","tag-suriye"],"_links":{"self":[{"href":"https:\/\/bihavadis.com\/index.php\/wp-json\/wp\/v2\/posts\/7546","targetHints":{"allow":["GET"]}}],"collection":[{"href":"https:\/\/bihavadis.com\/index.php\/wp-json\/wp\/v2\/posts"}],"about":[{"href":"https:\/\/bihavadis.com\/index.php\/wp-json\/wp\/v2\/types\/post"}],"author":[{"embeddable":true,"href":"https:\/\/bihavadis.com\/index.php\/wp-json\/wp\/v2\/users\/1"}],"replies":[{"embeddable":true,"href":"https:\/\/bihavadis.com\/index.php\/wp-json\/wp\/v2\/comments?post=7546"}],"version-history":[{"count":1,"href":"https:\/\/bihavadis.com\/index.php\/wp-json\/wp\/v2\/posts\/7546\/revisions"}],"predecessor-version":[{"id":7549,"href":"https:\/\/bihavadis.com\/index.php\/wp-json\/wp\/v2\/posts\/7546\/revisions\/7549"}],"wp:featuredmedia":[{"embeddable":true,"href":"https:\/\/bihavadis.com\/index.php\/wp-json\/wp\/v2\/media\/7547"}],"wp:attachment":[{"href":"https:\/\/bihavadis.com\/index.php\/wp-json\/wp\/v2\/media?parent=7546"}],"wp:term":[{"taxonomy":"category","embeddable":true,"href":"https:\/\/bihavadis.com\/index.php\/wp-json\/wp\/v2\/categories?post=7546"},{"taxonomy":"post_tag","embeddable":true,"href":"https:\/\/bihavadis.com\/index.php\/wp-json\/wp\/v2\/tags?post=7546"}],"curies":[{"name":"wp","href":"https:\/\/api.w.org\/{rel}","templated":true}]}}