{"id":75512,"date":"2026-04-30T01:42:11","date_gmt":"2026-04-30T01:42:11","guid":{"rendered":"https:\/\/bihavadis.com\/?p=75512"},"modified":"2026-04-30T01:42:11","modified_gmt":"2026-04-30T01:42:11","slug":"irakta-hamaneyin-olumu-nedeniyle-3-gunluk-yas-ilan-edildi","status":"publish","type":"post","link":"https:\/\/bihavadis.com\/index.php\/2026\/04\/30\/irakta-hamaneyin-olumu-nedeniyle-3-gunluk-yas-ilan-edildi\/","title":{"rendered":"Irak\u2019ta Hamaney\u2019in \u00f6l\u00fcm\u00fc nedeniyle 3 g\u00fcnl\u00fck yas ilan edildi"},"content":{"rendered":"<p>\u0130ran, ABD-\u0130srail ortak sald\u0131r\u0131lar\u0131nda dini lideri Ayetullah Ali Hamaney\u2019in \u00f6ld\u00fcr\u00fcld\u00fc\u011f\u00fcn\u00fc do\u011frulad\u0131.<\/p>\n<p>Irak h\u00fck\u00fcmeti a\u00e7\u0131klaman\u0131n ard\u0131ndan \u00fclke genelinde 3 g\u00fcnl\u00fck milli yas ilan edildi\u011fini duyurdu.<\/p>\n<p><strong>&#8220;\u00dcLKEY\u0130 \u015e\u0130DDETE S\u00dcR\u00dcKLEYEN OPERASYONLAR DURMALI&#8221;<\/strong><\/p>\n<p>Irak H\u00fck\u00fcmet S\u00f6zc\u00fcs\u00fc Basim el-Avvadi taraf\u0131ndan yap\u0131lan a\u00e7\u0131klamada, sald\u0131r\u0131 sert bir dille k\u0131nan\u0131rken, <em><b>&#8220;Irak, b\u00f6lgeyi e\u015fi benzeri g\u00f6r\u00fclmemi\u015f d\u00fczeyde bir \u015fiddete s\u00fcr\u00fckleyen, \u00e7at\u0131\u015fmalar\u0131 k\u00f6r\u00fckleyen, uluslararas\u0131 g\u00fcvenlik ve bar\u0131\u015f\u0131 temelden sarsan askeri operasyonlar\u0131n derhal ve \u015farts\u0131z olarak durdurulmas\u0131 \u00e7a\u011fr\u0131s\u0131n\u0131 tekrarlamaktad\u0131r&#8221; <\/b><\/em>dedi.<\/p>\n<p><img decoding=\"async\" src=\"https:\/\/bihavadis.com\/wp-content\/uploads\/2026\/04\/irakta-hamaneyin-olumu-nedeniyle-3-gunluk-yas-ilan-edildi-0-DMQIv8jX.jpg\"\/><\/p>\n<p><strong>\u0130RANLI YANLILARI YE\u015e\u0130L B\u00d6LGE&#8217;YE G\u0130RMEYE \u00c7ALI\u015eTI <\/strong><\/p>\n<p>Ba\u015fkent Ba\u011fdat\u2019ta sabah saatlerinde \u0130ran yanl\u0131s\u0131 silahl\u0131 gruplar\u0131n destek\u00e7ileri, Hamaney\u2019in \u00f6ld\u00fcr\u00fclmesine ve hava sald\u0131r\u0131lar\u0131na tepki g\u00f6stermek amac\u0131yla ABD B\u00fcy\u00fckel\u00e7ili\u011fi\u2019nin bulundu\u011fu y\u00fcksek g\u00fcvenlikli Ye\u015fil B\u00f6lge\u2019ye girmeye \u00e7al\u0131\u015ft\u0131.<\/p>\n<p>Ye\u015fil B\u00f6lge giri\u015findeki Asma K\u00f6pr\u00fc \u00f6n\u00fcnde toplanan kalabal\u0131k, beton bariyerleri a\u015fmaya \u00e7al\u0131\u015f\u0131nca g\u00fcvenlik g\u00fc\u00e7leri m\u00fcdahale etti.<\/p>\n<p>Irak g\u00fcvenlik g\u00fc\u00e7leri, protestocular\u0131 da\u011f\u0131tmak i\u00e7in g\u00f6z ya\u015fart\u0131c\u0131 gaz ve tazyikli su kulland\u0131.<\/p>\n<p><img decoding=\"async\" src=\"https:\/\/bihavadis.com\/wp-content\/uploads\/2026\/04\/irakta-hamaneyin-olumu-nedeniyle-3-gunluk-yas-ilan-edildi-1-eysB8bPM.jpg\"\/><\/p>\n<p><img decoding=\"async\" src=\"https:\/\/bihavadis.com\/wp-content\/uploads\/2026\/04\/irakta-hamaneyin-olumu-nedeniyle-3-gunluk-yas-ilan-edildi-2-VRyxHABJ.jpg\"\/> <\/p>\n<div> <span><strong>Kaynak:<\/strong> \u0130hlas Haber Ajans\u0131 (\u0130HA)<\/span> <\/div>\n","protected":false},"excerpt":{"rendered":"<p>\u0130ran, ABD-\u0130srail ortak sald\u0131r\u0131lar\u0131nda dini lideri Ayetullah Ali Hamaney\u2019in \u00f6ld\u00fcr\u00fcld\u00fc\u011f\u00fcn\u00fc do\u011frulad\u0131. Irak h\u00fck\u00fcmeti a\u00e7\u0131klaman\u0131n ard\u0131ndan \u00fclke genelinde 3 g\u00fcnl\u00fck milli yas ilan edildi\u011fini duyurdu. &#8220;\u00dcLKEY\u0130 \u015e\u0130DDETE S\u00dcR\u00dcKLEYEN OPERASYONLAR DURMALI&#8221; Irak &#8230;<\/p>\n","protected":false},"author":1,"featured_media":75513,"comment_status":"open","ping_status":"open","sticky":false,"template":"","format":"standard","meta":{"footnotes":""},"categories":[6],"tags":[],"class_list":["post-75512","post","type-post","status-publish","format-standard","has-post-thumbnail","hentry","category-dunya"],"_links":{"self":[{"href":"https:\/\/bihavadis.com\/index.php\/wp-json\/wp\/v2\/posts\/75512","targetHints":{"allow":["GET"]}}],"collection":[{"href":"https:\/\/bihavadis.com\/index.php\/wp-json\/wp\/v2\/posts"}],"about":[{"href":"https:\/\/bihavadis.com\/index.php\/wp-json\/wp\/v2\/types\/post"}],"author":[{"embeddable":true,"href":"https:\/\/bihavadis.com\/index.php\/wp-json\/wp\/v2\/users\/1"}],"replies":[{"embeddable":true,"href":"https:\/\/bihavadis.com\/index.php\/wp-json\/wp\/v2\/comments?post=75512"}],"version-history":[{"count":1,"href":"https:\/\/bihavadis.com\/index.php\/wp-json\/wp\/v2\/posts\/75512\/revisions"}],"predecessor-version":[{"id":75517,"href":"https:\/\/bihavadis.com\/index.php\/wp-json\/wp\/v2\/posts\/75512\/revisions\/75517"}],"wp:featuredmedia":[{"embeddable":true,"href":"https:\/\/bihavadis.com\/index.php\/wp-json\/wp\/v2\/media\/75513"}],"wp:attachment":[{"href":"https:\/\/bihavadis.com\/index.php\/wp-json\/wp\/v2\/media?parent=75512"}],"wp:term":[{"taxonomy":"category","embeddable":true,"href":"https:\/\/bihavadis.com\/index.php\/wp-json\/wp\/v2\/categories?post=75512"},{"taxonomy":"post_tag","embeddable":true,"href":"https:\/\/bihavadis.com\/index.php\/wp-json\/wp\/v2\/tags?post=75512"}],"curies":[{"name":"wp","href":"https:\/\/api.w.org\/{rel}","templated":true}]}}