{"id":7553,"date":"2026-01-31T06:03:08","date_gmt":"2026-01-31T06:03:08","guid":{"rendered":"https:\/\/bihavadis.com\/?p=7553"},"modified":"2026-01-31T06:03:08","modified_gmt":"2026-01-31T06:03:08","slug":"fatih-arda-ipcioglu-ucuncu-kez-olimpiyat-sahnesine-cikiyor","status":"publish","type":"post","link":"https:\/\/bihavadis.com\/index.php\/2026\/01\/31\/fatih-arda-ipcioglu-ucuncu-kez-olimpiyat-sahnesine-cikiyor\/","title":{"rendered":"Fatih Arda \u0130pcio\u011flu, \u00fc\u00e7\u00fcnc\u00fc kez olimpiyat sahnesine \u00e7\u0131k\u0131yor"},"content":{"rendered":"<p>Kayakla atlamada ad\u0131n\u0131 T\u00fcrk spor tarihine yazd\u0131ran ve bu spora kiral\u0131k ekipmanla ba\u015flayan Fatih Arda \u0130pcio\u011flu, T\u00fcrkiye&#8217;yi \u00fc\u00e7\u00fcnc\u00fc kez olimpiyatlarda temsil etmeye haz\u0131rlan\u0131yor.<\/p>\n<p>Memleketi Erzurum&#8217;da bulunan milli sporcu Fatih Arda \u0130pcio\u011flu, AA muhabirine, kariyerinin ba\u015flang\u0131c\u0131n\u0131n Paland\u00f6ken Da\u011f\u0131 oldu\u011funu s\u00f6yledi.<\/p>\n<p><img decoding=\"async\" src=\"https:\/\/bihavadis.com\/wp-content\/uploads\/2026\/01\/fatih-arda-ipcioglu-ucuncu-kez-olimpiyat-sahnesine-cikiyor-0-C2ePj4ZB.jpg\"\/><\/p>\n<p><strong>&#8220;KAYAKLA ATLAMAYA K\u0130RALADI\u011eIM KAYAKLARLA BA\u015eLADIM&#8221;<\/strong><\/p>\n<p>Alp disiplininde yakla\u015f\u0131k 4 y\u0131l kayak yapt\u0131\u011f\u0131n\u0131 ve ulusal ba\u015far\u0131lar elde etti\u011fini ifade eden Fatih Arda, \u015f\u00f6yle konu\u015ftu:<\/p>\n<p>Bu d\u00f6nemde Erzurum&#8217;da kayakla atlama kulelerinin yap\u0131laca\u011f\u0131n\u0131 ve yeni bir bran\u015f\u0131n a\u00e7\u0131laca\u011f\u0131n\u0131 duydum. O d\u00f6nem iyi kayak yap\u0131yordum ve y\u00f6neticilerimiz bu tarz sporcular\u0131n\u0131n olmad\u0131\u011f\u0131n\u0131, bu bran\u015fa sporcu vermek istemediklerini s\u00f6yledi. Ben de yemek yiyordum ve kulak misafiri oldum. O s\u0131rada &#8216;Yar\u0131n saat 12&#8217;de otelin \u00f6n\u00fcnde kayakla atlama se\u00e7meleri var, e\u011fer karar de\u011fi\u015ftirirseniz se\u00e7melere bekleriz.&#8217; dediler. Bunu duydu\u011fumda ak\u015fam babama s\u00f6yledim. Yurt d\u0131\u015f\u0131ndan antren\u00f6rler geldi, se\u00e7meler yap\u0131ld\u0131 ama benim \u015fahsi kayak tak\u0131m\u0131m yoktu ve kul\u00fcpten de kaya\u011f\u0131m\u0131 alamazd\u0131m \u00e7\u00fcnk\u00fc se\u00e7melere gitti\u011fimi anlar ve izin vermezlerdi. Ben de kayak tak\u0131m\u0131 kiralad\u0131m ve kayakla atlamaya kiralad\u0131\u011f\u0131m kayaklarla ba\u015flad\u0131m.<\/p>\n<p><img decoding=\"async\" src=\"https:\/\/bihavadis.com\/wp-content\/uploads\/2026\/01\/fatih-arda-ipcioglu-ucuncu-kez-olimpiyat-sahnesine-cikiyor-1-ISSlbuMa.jpg\"\/><\/p>\n<p><strong>&#8220;ERZURUM&#8217;DA ATLAMA KULELER\u0130 YOKTU&#8221;<\/strong><\/p>\n<p>Fatih Arda \u0130pcio\u011flu, yurt d\u0131\u015f\u0131ndan gelen antren\u00f6rlerin temel hareketleri g\u00f6stermesi \u00fczerine onlar\u0131 yapmaya \u00e7al\u0131\u015ft\u0131\u011f\u0131n\u0131 belirterek, <em><b>&#8220;Se\u00e7ilenleri arayacaklar\u0131n\u0131 s\u00f6ylediler ama ilk plan yurt d\u0131\u015f\u0131na gitmek \u00e7\u00fcnk\u00fc Erzurum&#8217;da atlama kuleleri yoktu. Babam \u015fa\u015f\u0131rm\u0131\u015ft\u0131, yurt d\u0131\u015f\u0131na gidece\u011fiz gibi \u015feyler hayal geliyordu. 15-20 g\u00fcn sonra telefon geldi. Slovenya&#8217;ya gidece\u011fimiz s\u00f6ylendi ve gittim. Bu \u015fekilde kayakla atlamaya ba\u015flad\u0131m. Buralara gelmemde Erzurum&#8217;un co\u011frafi \u015fartlar\u0131n\u0131n, bizim Erzurumlu olmam\u0131z\u0131n b\u00fcy\u00fck etkisi var. Bu hikaye asl\u0131nda Paland\u00f6ken Da\u011f\u0131&#8217;n\u0131n eteklerinde ba\u015flad\u0131. D\u00fcnyan\u0131n bir\u00e7ok \u00fclkesine, \u00f6zellikle \u0130skandinav \u00fclkelerine gidiyoruz. Bu noktada Erzurum&#8217;un co\u011frafi \u015fans\u0131 var \u00e7\u00fcnk\u00fc ger\u00e7ekten bazen Norve\u00e7&#8217;ten bile daha \u00f6nce sezonun a\u00e7\u0131labilece\u011fi hava \u015fartlar\u0131 oluyor.&#8221;<\/b><\/em> ifadelerini kulland\u0131.<\/p>\n<p><img decoding=\"async\" src=\"https:\/\/bihavadis.com\/wp-content\/uploads\/2026\/01\/fatih-arda-ipcioglu-ucuncu-kez-olimpiyat-sahnesine-cikiyor-2-JA9MkBJc.jpg\"\/><\/p>\n<p><strong>&#8220;HERKES &#8216;U\u00c7AN T\u00dcRK&#8217; D\u0130YOR&#8221;<\/strong><\/p>\n<p>\u015eehrin spor altyap\u0131s\u0131na \u00f6nemli yat\u0131r\u0131mlar yap\u0131ld\u0131\u011f\u0131ndan bahseden Fatih Arda \u0130pcio\u011flu, bu tesisler sayesinde iyi haz\u0131rlan\u0131p 3&#8217;\u00fcnc\u00fc kez olimpiyatlara gidece\u011fini anlatt\u0131.<\/p>\n<p>Tak\u0131m arkada\u015f\u0131 Muhammed Ali Bedir ile \u0130talya&#8217;daki olimpiyatlara kat\u0131laca\u011f\u0131n\u0131 hat\u0131rlatan 28 ya\u015f\u0131ndaki sporcu, \u015f\u00f6yle devam etti:<\/p>\n<p>\u00dclkemize ben 3, Ali Bedir de bir olmak \u00fczere 4 olimpiyat kotas\u0131 kazand\u0131rd\u0131k. Bunu d\u00fcnyada kayakla atlama bran\u015f\u0131nda ba\u015faran ba\u015fka bir \u00fclke yok. Biz bu bran\u015f\u0131n T\u00fcrkiye&#8217;de ba\u015far\u0131l\u0131 olabilece\u011fini ve T\u00fcrklere yatk\u0131n oldu\u011funu ispatlad\u0131k. Bu y\u00fczden de \u00e7ok gururluyuz \u00e7\u00fcnk\u00fc 2018 y\u0131l\u0131nda ilk olimpiyata giderken \u00e7ok b\u00fcy\u00fck bir sorumluluk hissettim. Olimpiyatlar bir sporcunun hayal etti\u011fi en \u00fcst seviye. T\u00fcrk bayra\u011f\u0131n\u0131n sorumlulu\u011funu ta\u015f\u0131mak ayr\u0131 bir hissiyat veriyor, bunu ya\u015fayan bilir. Y\u0131llar \u00f6nce Paland\u00f6ken&#8217;de ba\u015flayan hikayede kayakla atlamaya ge\u00e7ip buralara gelece\u011fimi tahmin edemezdim. \u00d6nemli olan emek vermek. S\u00fcrekli yurt d\u0131\u015f\u0131na kamplara, yar\u0131\u015flara gittik. Bunlar zor i\u015fler \u00e7\u00fcnk\u00fc s\u00fcrekli ailemizden ayr\u0131 kald\u0131k ama hedefimiz T\u00fcrk bayra\u011f\u0131n\u0131 en iyi \u015fekilde temsil etmekti. Bu \u015fehrin co\u011frafi \u015fartlar\u0131n\u0131 kullan\u0131p hakk\u0131n\u0131 verebildiysek ne mutlu bize. T\u00fcrkiye olarak k\u0131\u015f sporlar\u0131nda &#8216;Biz de var\u0131z&#8217; diyebilmemiz \u00f6nemli \u00e7\u00fcnk\u00fc Avrupa&#8217;da ilk yar\u0131\u015flara giderken &#8216;T\u00fcrkiye&#8217;de kar var m\u0131?&#8217; gibi sorularla kar\u015f\u0131la\u015f\u0131yorduk. \u015eimdi herkes &#8216;U\u00e7an T\u00fcrk&#8217; diyor.<\/p>\n<p><img decoding=\"async\" src=\"https:\/\/bihavadis.com\/wp-content\/uploads\/2026\/01\/fatih-arda-ipcioglu-ucuncu-kez-olimpiyat-sahnesine-cikiyor-3-EFdpWRap.jpg\"\/><\/p>\n<p><strong>&#8220;\u0130N\u015eALLAH BUNLARIN KAR\u015eILI\u011eINI ALACA\u011eIZ&#8221;<\/strong><\/p>\n<p>Fatih Arda \u0130pcio\u011flu, olimpiyatlara daha tecr\u00fcbeli \u015fekilde gidece\u011fini vurgulayarak, y\u0131llard\u0131r ba\u015far\u0131l\u0131 olmak i\u00e7in \u00e7ok emek harcad\u0131\u011f\u0131n\u0131 dile getirdi.<\/p>\n<p>Muhammed Ali Bedir ile T\u00fcrkiye&#8217;yi en iyi \u015fekilde temsil edeceklerine inand\u0131klar\u0131n\u0131 belirten Fatih Arda, <em><b>&#8220;\u00d6zellikle Ali Bedir&#8217;in gelmesiyle &#8216;S\u00fcper Tak\u0131m&#8217; yar\u0131\u015flar\u0131na da girmeye hak kazan\u0131yoruz. Bu da olimpiyatlarda bir ilk olacak \u00e7\u00fcnk\u00fc daha \u00f6nceden d\u00f6rtl\u00fc tak\u0131m yar\u0131\u015fmas\u0131 vard\u0131, bunda format\u0131 ikili tak\u0131m yar\u0131\u015fmas\u0131na \u00e7evirdiler. \u0130lk yar\u0131\u015f normal tepede, sonra geni\u015f tepede, daha sonra da geni\u015f tepede tak\u0131m yar\u0131\u015f\u0131m\u0131z var. Yani 3 yar\u0131\u015fmaya kat\u0131laca\u011f\u0131z. 2018&#8217;de kota almaya \u00e7al\u0131\u015f\u0131rken r\u00fczgar nereye esiyorsa o tarafa gidiyordum ama \u015fu an \u00f6yle de\u011fil tamamen bilin\u00e7li \u015fekilde sorumluluk al\u0131p sakinim. Olimpiyatlara gitmemiz bile verdi\u011fimiz eme\u011fin kar\u015fl\u0131\u011f\u0131n\u0131 ald\u0131\u011f\u0131m\u0131z\u0131n \u00f6rne\u011fidir. \u015eu an \u00fc\u00e7\u00fcnc\u00fc kez olimpiyatlara gidiyoruz. T\u00fcrkiye ad\u0131na kayakla atlama, olimpiyatlarda vazge\u00e7ilmez oldu. Biz de elimizden geldi\u011fince emek veriyoruz, yani olimpiyatlarda b\u00fcy\u00fck hedeflerimiz var. Bir\u00e7ok antrenman yapt\u0131k, emek verdik, in\u015fallah bunlar\u0131n kar\u015f\u0131l\u0131\u011f\u0131n\u0131 alaca\u011f\u0131z.&#8221;<\/b><\/em> de\u011ferlendirmesinde bulundu.<\/p>\n<p><img decoding=\"async\" src=\"https:\/\/bihavadis.com\/wp-content\/uploads\/2026\/01\/fatih-arda-ipcioglu-ucuncu-kez-olimpiyat-sahnesine-cikiyor-4-65HNTn4w.jpg\"\/><\/p>\n","protected":false},"excerpt":{"rendered":"<p>Milli sporcu Fatih Arda \u0130pcio\u011flu, &#8220;T\u00fcrkiye olarak k\u0131\u015f sporlar\u0131nda &#8216;Biz de var\u0131z&#8217; diyebilmemiz \u00f6nemli \u00e7\u00fcnk\u00fc Avrupa&#8217;da ilk yar\u0131\u015flara giderken &#8216;T\u00fcrkiye&#8217;de kar var m\u0131?&#8217; gibi sorularla kar\u015f\u0131la\u015f\u0131yorduk. \u015eimdi herkes &#8216;U\u00e7an T\u00fcrk&#8217; diyor&#8221; a\u00e7\u0131klamas\u0131n\u0131 yapt\u0131.<\/p>\n","protected":false},"author":1,"featured_media":7554,"comment_status":"open","ping_status":"open","sticky":false,"template":"","format":"standard","meta":{"footnotes":""},"categories":[14],"tags":[297,1810,440,517,444],"class_list":["post-7553","post","type-post","status-publish","format-standard","has-post-thumbnail","hentry","category-spor","tag-kar","tag-kayakla-atlama","tag-spor","tag-turk","tag-yaris"],"_links":{"self":[{"href":"https:\/\/bihavadis.com\/index.php\/wp-json\/wp\/v2\/posts\/7553","targetHints":{"allow":["GET"]}}],"collection":[{"href":"https:\/\/bihavadis.com\/index.php\/wp-json\/wp\/v2\/posts"}],"about":[{"href":"https:\/\/bihavadis.com\/index.php\/wp-json\/wp\/v2\/types\/post"}],"author":[{"embeddable":true,"href":"https:\/\/bihavadis.com\/index.php\/wp-json\/wp\/v2\/users\/1"}],"replies":[{"embeddable":true,"href":"https:\/\/bihavadis.com\/index.php\/wp-json\/wp\/v2\/comments?post=7553"}],"version-history":[{"count":1,"href":"https:\/\/bihavadis.com\/index.php\/wp-json\/wp\/v2\/posts\/7553\/revisions"}],"predecessor-version":[{"id":7560,"href":"https:\/\/bihavadis.com\/index.php\/wp-json\/wp\/v2\/posts\/7553\/revisions\/7560"}],"wp:featuredmedia":[{"embeddable":true,"href":"https:\/\/bihavadis.com\/index.php\/wp-json\/wp\/v2\/media\/7554"}],"wp:attachment":[{"href":"https:\/\/bihavadis.com\/index.php\/wp-json\/wp\/v2\/media?parent=7553"}],"wp:term":[{"taxonomy":"category","embeddable":true,"href":"https:\/\/bihavadis.com\/index.php\/wp-json\/wp\/v2\/categories?post=7553"},{"taxonomy":"post_tag","embeddable":true,"href":"https:\/\/bihavadis.com\/index.php\/wp-json\/wp\/v2\/tags?post=7553"}],"curies":[{"name":"wp","href":"https:\/\/api.w.org\/{rel}","templated":true}]}}