{"id":75549,"date":"2026-04-30T02:07:05","date_gmt":"2026-04-30T02:07:05","guid":{"rendered":"https:\/\/bihavadis.com\/?p=75549"},"modified":"2026-04-30T02:07:05","modified_gmt":"2026-04-30T02:07:05","slug":"kiyafeti-nedeniyle-asagilanan-belediye-baskaninin-goruntusu-olay-oldu","status":"publish","type":"post","link":"https:\/\/bihavadis.com\/index.php\/2026\/04\/30\/kiyafeti-nedeniyle-asagilanan-belediye-baskaninin-goruntusu-olay-oldu\/","title":{"rendered":"K\u0131yafeti nedeniyle a\u015fa\u011f\u0131lanan belediye ba\u015fkan\u0131n\u0131n g\u00f6r\u00fcnt\u00fcs\u00fc olay oldu"},"content":{"rendered":"<p>\u0130Y\u0130 Partili Mehmet Emin Korkmaz&#8217;\u0131n k\u0131yafeti nedeniyle hedef ald\u0131\u011f\u0131 Eski\u015fehir Mihalgazi Belediye Ba\u015fkan\u0131 Zeynep G\u00fcne\u015f Akg\u00fcn&#8217;\u00fcn \u0130srail bayra\u011f\u0131n\u0131 paspas etti\u011fi g\u00f6r\u00fcnt\u00fcler ortaya \u00e7\u0131kt\u0131.<\/p>\n<p><b>SORU\u015eTURMA BA\u015eLATILDI <\/b><\/p>\n<p>\u00d6te yandan Korkmaz hakk\u0131nda &#8220;Halk\u0131 kin ve d\u00fc\u015fmanl\u0131\u011fa tahrik&#8221; su\u00e7undan resen soru\u015fturma ba\u015flat\u0131ld\u0131. Ba\u015fsavc\u0131l\u0131\u011f\u0131n talimat\u0131 \u00fczerine, \u0130l Emniyet M\u00fcd\u00fcrl\u00fc\u011f\u00fcnce y\u00fcr\u00fct\u00fclen ara\u015ft\u0131rma ve \u00e7al\u0131\u015fma neticesinde payla\u015f\u0131m\u0131 yapan hesap sahibinin M.E.K. oldu\u011fu tespit edildi.<\/p>\n<div>\n<figure><img decoding=\"async\" src=\"https:\/\/bihavadis.com\/wp-content\/uploads\/2026\/04\/kiyafeti-nedeniyle-asagilanan-belediye-baskaninin-goruntusu-olay-oldu-0-kGh5sgZm.jpg\"\/><\/figure>\n<\/div>\n<p><b>ERZURUM&#8217;DA YAKALANDI, TUTUKLANDI <\/b><\/p>\n<p>Erzurum&#8217;da polis ekiplerince g\u00f6zalt\u0131na al\u0131nan \u015f\u00fcpheli, emniyetteki i\u015flemlerin ard\u0131ndan adliyeye sevk edildi. \u00dcniversite \u00f6\u011frencisi oldu\u011fu \u00f6\u011frenilen zanl\u0131, savc\u0131l\u0131k sorgusu sonras\u0131 &#8220;Halk\u0131 kin ve d\u00fc\u015fmanl\u0131\u011fa tahrik su\u00e7u&#8221; kapsam\u0131nda sevk edildi\u011fi N\u00f6bet\u00e7i Sulh Ceza Hakimli\u011fince tutukland\u0131.<\/p>\n","protected":false},"excerpt":{"rendered":"<p>\u0130Y\u0130 Partili Mehmet Emin Korkmaz&#8217;\u0131n k\u0131yafeti \u00fczerinden ele\u015ftirilerde bulundu\u011fu Eski\u015fehir Mihalgazi Belediye Ba\u015fkan\u0131 Zeynep G\u00fcne\u015f Akg\u00fcn&#8217;e ait, \u0130srail bayra\u011f\u0131n\u0131 paspas yapt\u0131\u011f\u0131 g\u00f6r\u00fcnt\u00fcler ortaya \u00e7\u0131kt\u0131.<\/p>\n","protected":false},"author":1,"featured_media":75550,"comment_status":"open","ping_status":"open","sticky":false,"template":"","format":"standard","meta":{"footnotes":""},"categories":[12],"tags":[],"class_list":["post-75549","post","type-post","status-publish","format-standard","has-post-thumbnail","hentry","category-siyaset"],"_links":{"self":[{"href":"https:\/\/bihavadis.com\/index.php\/wp-json\/wp\/v2\/posts\/75549","targetHints":{"allow":["GET"]}}],"collection":[{"href":"https:\/\/bihavadis.com\/index.php\/wp-json\/wp\/v2\/posts"}],"about":[{"href":"https:\/\/bihavadis.com\/index.php\/wp-json\/wp\/v2\/types\/post"}],"author":[{"embeddable":true,"href":"https:\/\/bihavadis.com\/index.php\/wp-json\/wp\/v2\/users\/1"}],"replies":[{"embeddable":true,"href":"https:\/\/bihavadis.com\/index.php\/wp-json\/wp\/v2\/comments?post=75549"}],"version-history":[{"count":1,"href":"https:\/\/bihavadis.com\/index.php\/wp-json\/wp\/v2\/posts\/75549\/revisions"}],"predecessor-version":[{"id":75552,"href":"https:\/\/bihavadis.com\/index.php\/wp-json\/wp\/v2\/posts\/75549\/revisions\/75552"}],"wp:featuredmedia":[{"embeddable":true,"href":"https:\/\/bihavadis.com\/index.php\/wp-json\/wp\/v2\/media\/75550"}],"wp:attachment":[{"href":"https:\/\/bihavadis.com\/index.php\/wp-json\/wp\/v2\/media?parent=75549"}],"wp:term":[{"taxonomy":"category","embeddable":true,"href":"https:\/\/bihavadis.com\/index.php\/wp-json\/wp\/v2\/categories?post=75549"},{"taxonomy":"post_tag","embeddable":true,"href":"https:\/\/bihavadis.com\/index.php\/wp-json\/wp\/v2\/tags?post=75549"}],"curies":[{"name":"wp","href":"https:\/\/api.w.org\/{rel}","templated":true}]}}