{"id":75569,"date":"2026-04-30T02:30:07","date_gmt":"2026-04-30T02:30:07","guid":{"rendered":"https:\/\/bihavadis.com\/?p=75569"},"modified":"2026-04-30T02:30:07","modified_gmt":"2026-04-30T02:30:07","slug":"ogrencilere-istiklal-marsindan-sonra-dini-toren-yapin-talimati-verildi-iddiasi","status":"publish","type":"post","link":"https:\/\/bihavadis.com\/index.php\/2026\/04\/30\/ogrencilere-istiklal-marsindan-sonra-dini-toren-yapin-talimati-verildi-iddiasi\/","title":{"rendered":"\u201c\u00d6\u011frencilere \u0130stiklal Mar\u015f\u0131ndan Sonra Dini T\u00f6ren Yap\u0131n Talimat\u0131 Verildi\u201d \u0130ddias\u0131!"},"content":{"rendered":"<p><span>E\u011fitim Sen \u0130zmir 5 Nolu \u015eube Ba\u015fkan\u0131 Sava\u015f Candemir, Buca\u2019da okullarda ya\u015fam\u0131n\u0131 yitiren \u00f6\u011frenci ve \u00f6\u011fretmenlerin an\u0131lmas\u0131 amac\u0131yla okul m\u00fcd\u00fcrlerine, \u201c\u00d6\u011frencilerinize \u0130stiklal Mar\u015f\u0131 t\u00f6reninden sonra dini t\u00f6ren yapt\u0131r\u0131n\u201d talimat\u0131 verildi\u011fini iddia etti.\u00a0\u00a0<\/span><\/p>\n<p><span>\u0130\u015fte o a\u00e7\u0131klama,\u00a0<\/span><\/p>\n<p><span>Ge\u00e7en hafta Sal\u0131 g\u00fcn\u00fc Siverek\u2019te bir okulda ya\u015fanan \u015fiddet olay\u0131 nedeniyle onlarca ki\u015fi yaralanm\u0131\u015ft\u0131. Ya\u015fanan \u015fiddet olay\u0131n\u0131n \u00fclke genelinde protesto edildi\u011fi saatlerde Kahramanmara\u015f\u2019tan bir sald\u0131r\u0131 haberi daha geldi. Bir ortaokulda, okul \u00f6\u011frencisi babas\u0131n\u0131n silahlar\u0131yla okulu bast\u0131 ve 1 \u00f6\u011fretmen ile 9 \u00f6\u011frenciyi katletti, onlarcas\u0131n\u0131 yaralad\u0131. \u00dclke tarihinde g\u00f6r\u00fclmemi\u015f bu okul sald\u0131r\u0131s\u0131 nedeniyle herkes yasa bo\u011fuldu. E\u011fitim sendikalar\u0131n\u0131n tamam\u0131 2 g\u00fcn i\u015f b\u0131rakt\u0131, 81 ilde anma ve protestolar yap\u0131ld\u0131. Ankara Milli E\u011fitim Bakanl\u0131\u011f\u0131 \u00f6n\u00fcnde E\u011fitim Sen d\u00f6rt g\u00fcn oturma eylemi yapt\u0131. Herkes \u00fcz\u00fcld\u00fc, yas tuttu ve bir daha b\u00f6yle bir ac\u0131 ya\u015famayal\u0131m diye \u00f6nlem al\u0131nmas\u0131n\u0131 talep etti. Olayda sorumlulu\u011fu olan ba\u015fta Milli E\u011fitim Bakan\u0131 Yusuf Tekin olmak \u00fczere yetkilileri istifaya \u00e7a\u011f\u0131rd\u0131.<\/span><\/p>\n<p><span>Okullarda bir daha benzer bir \u015fiddet olay\u0131 ya\u015fanmas\u0131n diye onlarca tedbir karar\u0131 a\u00e7\u0131kland\u0131. Pazartesi g\u00fcn\u00fc \u00fclkenin her yerinde oldu\u011fu gibi Buca\u2019da da okullar a\u00e7\u0131ld\u0131. Sabah bayrak t\u00f6renleri yap\u0131ld\u0131. Herkes, okullarda ne gibi bir \u00f6nlem al\u0131nd\u0131\u011f\u0131n\u0131, \u00f6\u011frencilerin ya\u015fad\u0131\u011f\u0131 travmaya kar\u015f\u0131 psikolojik ve pedagojik anlamda ne gibi planlamalar yap\u0131ld\u0131\u011f\u0131n\u0131 merak ederken, onlarca okulda bayrak t\u00f6renlerinden sonra hi\u00e7bir yasal dayana\u011f\u0131 olmayan dua etkinlikleri yap\u0131ld\u0131. Pedagojik anlamda \u00f6\u011frencilerin ya\u015flar\u0131na uygun olmayan bu uygulama, yasa ve y\u00f6netmeliklere, ayr\u0131ca Anayasam\u0131z\u0131n temel ilkelerinden olan laiklik ilkesine de ayk\u0131r\u0131d\u0131r.<\/span><\/p>\n<p><span>Herkesin okul g\u00fcvenlikleri ve \u015fiddet olaylar\u0131 kar\u015f\u0131s\u0131nda tedbir al\u0131nmas\u0131n\u0131 bekledi\u011fi bir g\u00fcnde Buca \u0130l\u00e7e Milli E\u011fitim M\u00fcd\u00fcrl\u00fc\u011f\u00fc, okul m\u00fcd\u00fcrlerini telefonla aray\u0131p, yasal dayana\u011f\u0131 olmad\u0131\u011f\u0131 i\u00e7in yaz\u0131l\u0131 olarak veremedikleri emri, s\u00f6zl\u00fc bir talimatla vermi\u015ftir. Buca\u2019da bulunan y\u00fcz\u00fcn \u00fcst\u00fcnde okul m\u00fcd\u00fcr\u00fcne verilen bu s\u00f6zl\u00fc talimatla, okullarda bir daha \u015fiddet olaylar\u0131 ya\u015fanmas\u0131n diye bayrak t\u00f6renlerinden sonra dua okuma etkinlikleri yap\u0131lmas\u0131 istenmi\u015ftir. Yaz\u0131l\u0131 olarak veremedikleri talimat\u0131 telefonla vermi\u015f, hatta baz\u0131 okul m\u00fcd\u00fcrlerini tehdide varan bir dille uyararak s\u00f6zl\u00fc emirlerini yerine getirmeye zorlam\u0131\u015ft\u0131r. Bu zorlamalara ra\u011fmen, verilen s\u00f6zl\u00fc talimat\u0131n yasal olmad\u0131\u011f\u0131n\u0131 bilen \u00e7o\u011fu m\u00fcd\u00fcr verilen s\u00f6zl\u00fc emri yerine getirmemi\u015ftir.<\/span><\/p>\n<p><b><strong>Okullarda dua etkinlikleri ile \u015fiddet \u00f6nlenmeye \u00e7al\u0131\u015f\u0131l\u0131yor<\/strong><\/b><\/p>\n<p><span>Okullarda dua etkinlikleri yaparak okullardaki \u015fiddeti \u00f6nlemeye \u00e7al\u0131\u015fan il\u00e7e milli e\u011fitim m\u00fcd\u00fcrl\u00fc\u011f\u00fc, bak\u0131n ayr\u0131ca neler yapm\u0131\u015ft\u0131r: Buca\u2019da bulunan I\u015f\u0131lay Sayg\u0131n G\u00fczel Sanatlar Lisesi \u00f6\u011frencileri, Siverek ve Mara\u015f\u2019ta okullarda ya\u015fanan \u015fiddet olay\u0131 nedeniyle hayat\u0131n\u0131 kaybeden \u00f6\u011fretmen ve \u00f6\u011frencileri anmak i\u00e7in sabah \u0130stiklal Mar\u015f\u0131 t\u00f6reninden sonra anma yapmak istemi\u015flerdir. \u00d6\u011frencilerin yapt\u0131\u011f\u0131 bu sessiz anmalar yaln\u0131zca burada olmam\u0131\u015f, yurdun onlarca farkl\u0131 ilinde ve okulunda yap\u0131lm\u0131\u015ft\u0131r. \u00d6\u011frencilerin yapmak istedi\u011fi anmaya okul idaresi tepki g\u00f6stermi\u015f, \u00e7ocuklar\u0131 tehdit edip cezaland\u0131raca\u011f\u0131n\u0131 s\u00f6ylemi\u015ftir. Ya\u015fananlar kar\u015f\u0131s\u0131nda \u00f6\u011frencilerin vermeye \u00e7al\u0131\u015ft\u0131klar\u0131 masumane tepkiyi anlamam\u0131\u015flard\u0131r. Okulu ziyaret eden il\u00e7e mill\u00ee e\u011fitim m\u00fcd\u00fcr\u00fc de \u00f6\u011frencilerin cezaland\u0131r\u0131lmas\u0131n\u0131 talep etmi\u015ftir. \u00c7ocuklar\u0131 cezaland\u0131rmak i\u00e7in g\u00f6r\u00fcnt\u00fcler kaydedilmi\u015ftir. <\/span><span>\u00dclkede ya\u015fanan vahim olaylar kar\u015f\u0131s\u0131nda \u00f6\u011frenci psikolojisinden anlamayan, \u00f6\u011frencilerin kendilerince ya\u015fanan \u015fiddet olaylar\u0131 kar\u015f\u0131s\u0131nda bir tutum almaya \u00e7al\u0131\u015fmas\u0131n\u0131 cezaland\u0131rmak kabul edilebilir bir durum de\u011fildir. Ayr\u0131ca \u00f6\u011frencilerin ya\u015fanan olaylar kar\u015f\u0131s\u0131nda yapmak istedi\u011fi anmaya kar\u015f\u0131 \u00e7\u0131k\u0131p, kendilerinin su\u00e7 oldu\u011fu i\u00e7in yaz\u0131yla talimat veremedikleri bir konuda okul idarelerini arayarak s\u00f6zl\u00fc talimatlarla dua okutmalar\u0131, dini t\u00f6ren yapt\u0131rmalar\u0131 bu konudaki yakla\u015f\u0131mlar\u0131n\u0131 a\u00e7\u0131k\u00e7a ortaya koymaktad\u0131r.<\/span><\/p>\n<p><b><strong>Disiplin cezas\u0131 veren bir anlay\u0131\u015f\u0131 kabul etmiyoruz<\/strong><\/b><\/p>\n<p><span>\u201cBuradan belirtmek isteriz ki; \u00e7ocuklar\u0131n psikolojisinden anlamayan, ya\u015fananlar kar\u015f\u0131s\u0131nda \u00f6\u011frencilerin verdi\u011fi tepkiyi hemen cezaland\u0131rmakla, disiplin cezas\u0131 vermekle tehdit eden bu anlay\u0131\u015f\u0131 kabul etmiyoruz. \u00dclkemizin \u00e7ok hassas g\u00fcnlerden ge\u00e7ti\u011fi, tarihi boyunca ya\u015famad\u0131\u011f\u0131 okul \u015fiddetiyle kar\u015f\u0131 kar\u015f\u0131ya kald\u0131\u011f\u0131 bug\u00fcnlerde, \u00f6\u011frencilerin masumane \u015fekilde yapmak istediklerini su\u00e7 olarak g\u00f6r\u00fcp onlar\u0131 cezayla tehdit eden idareciler, i\u00e7inde bulundu\u011fumuz g\u00fcnlerin hassasiyetini ve \u00f6nemini anlamam\u0131\u015flard\u0131r. <\/span><span>E\u011fitim sen ve Veliler olarak \u00d6\u011frencilerin insani tepkilerini anlayamayan, onlar\u0131 su\u00e7 i\u015flemekle itham eden ve cezaland\u0131rmaya \u00e7al\u0131\u015fan idarecileri buradan uyar\u0131yoruz. \u00d6\u011frencilerimiz yaln\u0131z de\u011fildir.\u00c7ocuklar\u0131m\u0131z\u0131 sizler gibi idarecilerin keyfi tutumlar\u0131 kar\u015f\u0131s\u0131nda asla yaln\u0131z b\u0131rakmayaca\u011f\u0131z. \u00c7ocuklar\u0131m\u0131z\u0131n ya\u015fananlar kar\u015f\u0131s\u0131nda verdikleri tepkiyi anlamay\u0131p cezaland\u0131rmaya kalk\u0131\u015fan idarecileri. Okul M\u00fcd\u00fcrlerine hi\u00e7 bir yasal dayana\u011f\u0131 olmayan emirleri veren il\u00e7e milli e\u011fitim yetkililerini Verilen hukuksuz\u00a0 emirleri yerine getiren okul idarecileri hakk\u0131nda su\u00e7 duyurusunda bulunaca\u011f\u0131z. Bu konuda yetkilileri gere\u011fini yapmaya davet ediyoruz\u201d (BSHA \/ Bilim ve Sa\u011fl\u0131k Haber Ajans\u0131)\u00a0<\/span><\/p>\n","protected":false},"excerpt":{"rendered":"<p>&#8220;\u00d6\u011frencilere \u0130stiklal Mar\u015f\u0131ndan Sonra Dini T\u00f6ren Yap\u0131n Talimat\u0131 Verildi&#8221; \u0130ddias\u0131!<\/p>\n","protected":false},"author":1,"featured_media":0,"comment_status":"open","ping_status":"open","sticky":false,"template":"","format":"standard","meta":{"footnotes":""},"categories":[7],"tags":[449,973,316,2005,3558],"class_list":["post-75569","post","type-post","status-publish","format-standard","hentry","category-egitim","tag-mudur","tag-ogrenci","tag-okul","tag-siddet","tag-yasanan"],"_links":{"self":[{"href":"https:\/\/bihavadis.com\/index.php\/wp-json\/wp\/v2\/posts\/75569","targetHints":{"allow":["GET"]}}],"collection":[{"href":"https:\/\/bihavadis.com\/index.php\/wp-json\/wp\/v2\/posts"}],"about":[{"href":"https:\/\/bihavadis.com\/index.php\/wp-json\/wp\/v2\/types\/post"}],"author":[{"embeddable":true,"href":"https:\/\/bihavadis.com\/index.php\/wp-json\/wp\/v2\/users\/1"}],"replies":[{"embeddable":true,"href":"https:\/\/bihavadis.com\/index.php\/wp-json\/wp\/v2\/comments?post=75569"}],"version-history":[{"count":1,"href":"https:\/\/bihavadis.com\/index.php\/wp-json\/wp\/v2\/posts\/75569\/revisions"}],"predecessor-version":[{"id":75570,"href":"https:\/\/bihavadis.com\/index.php\/wp-json\/wp\/v2\/posts\/75569\/revisions\/75570"}],"wp:attachment":[{"href":"https:\/\/bihavadis.com\/index.php\/wp-json\/wp\/v2\/media?parent=75569"}],"wp:term":[{"taxonomy":"category","embeddable":true,"href":"https:\/\/bihavadis.com\/index.php\/wp-json\/wp\/v2\/categories?post=75569"},{"taxonomy":"post_tag","embeddable":true,"href":"https:\/\/bihavadis.com\/index.php\/wp-json\/wp\/v2\/tags?post=75569"}],"curies":[{"name":"wp","href":"https:\/\/api.w.org\/{rel}","templated":true}]}}