{"id":75604,"date":"2026-04-30T02:57:07","date_gmt":"2026-04-30T02:57:07","guid":{"rendered":"https:\/\/bihavadis.com\/?p=75604"},"modified":"2026-04-30T02:57:07","modified_gmt":"2026-04-30T02:57:07","slug":"250-milyonluk-tesis-icin-imzalar-atildi-istanbuldaki-fabrikada-bu-ilceye-tasinacak","status":"publish","type":"post","link":"https:\/\/bihavadis.com\/index.php\/2026\/04\/30\/250-milyonluk-tesis-icin-imzalar-atildi-istanbuldaki-fabrikada-bu-ilceye-tasinacak\/","title":{"rendered":"250 milyonluk tesis i\u00e7in imzalar at\u0131ld\u0131! \u0130stanbul&#8217;daki fabrikada bu il\u00e7eye ta\u015f\u0131nacak"},"content":{"rendered":"<p> \u00c7ank\u0131r\u0131&#8217;n\u0131n \u00c7erke\u015f il\u00e7esindeki Organize Sanayi B\u00f6lgesi&#8217;ne (OSB) 250 milyon TL&#8217;lik yeni yat\u0131r\u0131m i\u00e7in s\u00f6zle\u015fme imzaland\u0131. Proje kapsam\u0131nda, \u00e7anta \u00fcretimi yapacak firmaya 12 bin 762 metrekarelik arsa tahsis edildi.<\/p>\n<p><b>\u00dcRET\u0130M HATTI \u0130STANBUL&#8217;DAN \u00c7ERKE\u015e&#8217;E TA\u015eINACAK<\/b><\/p>\n<p>\u0130lk etapta 4 bin metrekare kapal\u0131 alana sahip bir \u00fcretim tesisi kurulmas\u0131 planlan\u0131yor. \u0130stanbul&#8217;daki \u00fcretim faaliyetlerinin de yeni tesisle birlikte \u00c7erke\u015f&#8217;e ta\u015f\u0131nmas\u0131 \u00f6ng\u00f6r\u00fcl\u00fcyor.<\/p>\n<div>\n<figure><img decoding=\"async\" src=\"https:\/\/bihavadis.com\/wp-content\/uploads\/2026\/04\/250-milyonluk-tesis-icin-imzalar-atildi-istanbuldaki-fabrikada-bu-ilceye-tasinacak-0-XFNYhLDP.jpg\"\/><\/figure>\n<\/div>\n<p><b>&#8220;BU YATIRIMIN ASIL SAH\u0130B\u0130 \u00c7ERKE\u015e HALKIDIR&#8221;<\/b><\/p>\n<p>OSB ve Belediye Ba\u015fkan\u0131 Hasan Sopac\u0131 ise yat\u0131r\u0131m\u0131n il\u00e7e ekonomisine katk\u0131 sa\u011flayaca\u011f\u0131n\u0131 ifade ederek, &#8220;Yap\u0131lan her yat\u0131r\u0131m bizim i\u00e7in son derece de\u011ferli ve \u00f6nemlidir; ancak bu yat\u0131r\u0131m\u0131n as\u0131l sahibi \u00c7erke\u015f halk\u0131d\u0131r. Bug\u00fcn imzalar\u0131m\u0131z\u0131 att\u0131k, hay\u0131rl\u0131 ve u\u011furlu olmas\u0131n\u0131 temenni ediyoruz. Bundan sonraki s\u00fcre\u00e7 yat\u0131r\u0131mc\u0131 firmam\u0131za aittir. S\u00f6z konusu firma, gen\u00e7lere ve \u00e7ocuklara y\u00f6nelik son derece k\u0131ymetli \u00fcretimler ger\u00e7ekle\u015ftirmektedir.&#8221; diye konu\u015ftu.<\/p>\n<div>\n<figure><img decoding=\"async\" src=\"https:\/\/bihavadis.com\/wp-content\/uploads\/2026\/04\/250-milyonluk-tesis-icin-imzalar-atildi-istanbuldaki-fabrikada-bu-ilceye-tasinacak-1-n5wmS1P5.jpg\"\/><\/figure>\n<\/div>\n<p><b>100 K\u0130\u015e\u0130YE \u0130ST\u0130HDAM SA\u011eLAYACAK<\/b><\/p>\n<p>Yat\u0131r\u0131mc\u0131 i\u015f adam\u0131 \u0130brahim K\u0131l\u0131n\u00e7, ilk a\u015famada 100 ki\u015filik istihdam olu\u015fturmay\u0131 planlad\u0131klar\u0131n\u0131, ilerleyen s\u00fcre\u00e7te bu say\u0131n\u0131n art\u0131r\u0131laca\u011f\u0131n\u0131 belirtti. K\u0131l\u0131n\u00e7, &#8220;\u00c7erke\u015f&#8217;te g\u00fc\u00e7l\u00fc bir istihdam olu\u015fturarak \u00fcretim ve ticari faaliyetlerimize devam etmek istiyoruz. \u0130lk etapta 100 ki\u015filik istihdam sa\u011flamay\u0131, ilerleyen s\u00fcre\u00e7te ise bu say\u0131y\u0131 daha da art\u0131rmay\u0131 hedefliyoruz.&#8221; dedi.<\/p>\n","protected":false},"excerpt":{"rendered":"<p>\u00c7ank\u0131r\u0131&#8217;da \u00c7erke\u015f Organize Sanayi B\u00f6lgesi&#8217;nde 250 milyon liral\u0131k yeni yat\u0131r\u0131m i\u00e7in imzalar at\u0131ld\u0131. Kurulacak \u00e7anta \u00fcretim tesisinde ilk etapta 100 ki\u015fiye istihdam sa\u011flanmas\u0131 hedefleniyor. Ayr\u0131ca firma, \u0130stanbul&#8217;daki \u00fcretim faaliyetlerini yeni tesisle birlikte \u00c7erke\u015f&#8217;e ta\u015f\u0131yacak.<\/p>\n","protected":false},"author":1,"featured_media":75605,"comment_status":"open","ping_status":"open","sticky":false,"template":"","format":"standard","meta":{"footnotes":""},"categories":[8],"tags":[2638,375,216],"class_list":["post-75604","post","type-post","status-publish","format-standard","has-post-thumbnail","hentry","category-ekonomi","tag-cerkes","tag-uretim","tag-yatirim"],"_links":{"self":[{"href":"https:\/\/bihavadis.com\/index.php\/wp-json\/wp\/v2\/posts\/75604","targetHints":{"allow":["GET"]}}],"collection":[{"href":"https:\/\/bihavadis.com\/index.php\/wp-json\/wp\/v2\/posts"}],"about":[{"href":"https:\/\/bihavadis.com\/index.php\/wp-json\/wp\/v2\/types\/post"}],"author":[{"embeddable":true,"href":"https:\/\/bihavadis.com\/index.php\/wp-json\/wp\/v2\/users\/1"}],"replies":[{"embeddable":true,"href":"https:\/\/bihavadis.com\/index.php\/wp-json\/wp\/v2\/comments?post=75604"}],"version-history":[{"count":1,"href":"https:\/\/bihavadis.com\/index.php\/wp-json\/wp\/v2\/posts\/75604\/revisions"}],"predecessor-version":[{"id":75608,"href":"https:\/\/bihavadis.com\/index.php\/wp-json\/wp\/v2\/posts\/75604\/revisions\/75608"}],"wp:featuredmedia":[{"embeddable":true,"href":"https:\/\/bihavadis.com\/index.php\/wp-json\/wp\/v2\/media\/75605"}],"wp:attachment":[{"href":"https:\/\/bihavadis.com\/index.php\/wp-json\/wp\/v2\/media?parent=75604"}],"wp:term":[{"taxonomy":"category","embeddable":true,"href":"https:\/\/bihavadis.com\/index.php\/wp-json\/wp\/v2\/categories?post=75604"},{"taxonomy":"post_tag","embeddable":true,"href":"https:\/\/bihavadis.com\/index.php\/wp-json\/wp\/v2\/tags?post=75604"}],"curies":[{"name":"wp","href":"https:\/\/api.w.org\/{rel}","templated":true}]}}