{"id":75644,"date":"2026-04-30T03:27:06","date_gmt":"2026-04-30T03:27:06","guid":{"rendered":"https:\/\/bihavadis.com\/?p=75644"},"modified":"2026-04-30T03:27:06","modified_gmt":"2026-04-30T03:27:06","slug":"egitim-is-bornova-temsilciliginden-resat-nuri-guntekin-ortaokulu-hakkinda-aciklama","status":"publish","type":"post","link":"https:\/\/bihavadis.com\/index.php\/2026\/04\/30\/egitim-is-bornova-temsilciliginden-resat-nuri-guntekin-ortaokulu-hakkinda-aciklama\/","title":{"rendered":"E\u011fitim-\u0130\u015f Bornova Temsilcili\u011fi\u2019nden Re\u015fat Nuri G\u00fcntekin Ortaokulu Hakk\u0131nda A\u00e7\u0131klama"},"content":{"rendered":"<p>E\u011fiti\u015f-\u0130\u015f Bornova Temsilcili\u011fi \u015fu a\u00e7\u0131klamay\u0131 yapt\u0131,<\/p>\n<p><b>Okulun \u0130yi Niyetli Uygulamas\u0131 Yanl\u0131\u015f Yorumlanarak, Okul \u0130daresi Hedef G\u00f6sterildi<\/b><\/p>\n<p>\u201cE\u011fitim-\u0130\u015f Bornova temsilcili\u011fi olarak Re\u015fat Nuri G\u00fcntekin Ortaokulu\u2019nda pazartesi g\u00fcn\u00fc \u00f6\u011frencilerin s\u0131rayla okula al\u0131nmas\u0131na ili\u015fkin ya\u015fanan s\u00fcrece dair kamuoyunu bilgilendirme gere\u011fi do\u011fmu\u015ftur. S\u00f6z konusu uygulama, \u00f6\u011frencilerin g\u00fcvenli\u011fini sa\u011flamak ve okulda d\u00fczeni korumak amac\u0131yla al\u0131nm\u0131\u015f bir tedbirdir. Ancak bu durum, k\u0131sa s\u00fcrede yanl\u0131\u015f yorumlanarak okul idaresine y\u00f6nelik haks\u0131z ele\u015ftirilere ve hedef g\u00f6stermelere d\u00f6n\u00fc\u015fm\u00fc\u015ft\u00fcr\u201d<\/p>\n<p><b>\u201cE\u011fitimcilerimizin \u0130yi Niyeti Tart\u0131\u015fmaya A\u00e7\u0131k De\u011fildir\u201d<\/b><\/p>\n<p>\u201cUnutulmamal\u0131d\u0131r ki; ya\u015fanan olaylar\u0131n ard\u0131ndan okulun a\u00e7\u0131ld\u0131\u011f\u0131 ilk g\u00fcn, idareci ve \u00f6\u011fretmenlerimiz b\u00fcy\u00fck bir \u00fcz\u00fcnt\u00fc i\u00e7inde, t\u00fcm sorumluluklar\u0131n\u0131 en iyi \u015fekilde yerine getirmeye \u00e7al\u0131\u015fm\u0131\u015ft\u0131r. \u00d6\u011frencilerini koruma refleksiyle hareket eden e\u011fitimcilerimizin iyi niyeti tart\u0131\u015fmaya a\u00e7\u0131k de\u011fildir. Ortada herhangi bir k\u00f6t\u00fc niyet bulunmazken, okul idaresinin sosyal medyada lin\u00e7 edilmesi kabul edilemez. Bu yakla\u015f\u0131m, zaten zor bir s\u00fcre\u00e7ten ge\u00e7en e\u011fitim emek\u00e7ilerinin moralini daha da zedelemektedir. T\u00fcm e\u011fitimci arkada\u015flar\u0131m\u0131z\u0131n \u00f6zverisine ve iyi niyetine g\u00fcvenimiz tamd\u0131r. E\u011fitim kurumlar\u0131n\u0131n itibar\u0131 korunmal\u0131, \u00f6\u011fretmen ve idarecilerimizin emekleri haks\u0131z ithamlarla g\u00f6lgelenmemelidir. Biz E\u011fitim \u0130\u015f olarak y\u0131llard\u0131r \u00f6\u011fretmenlerimizin sayg\u0131nl\u0131\u011f\u0131 ve itibar\u0131 i\u00e7in m\u00fccadele ediyoruz , etmeye de devam edece\u011fiz\u201d (BSHA \/ Bilim ve Sa\u011fl\u0131k Haber Ajans\u0131)<\/p>\n","protected":false},"excerpt":{"rendered":"<p>E\u011fitim-\u0130\u015f Bornova temsilcili\u011fi Re\u015fat Nuri G\u00fcntekin Ortaokulu\u2019nda pazartesi g\u00fcn\u00fc \u00f6\u011frencilerin s\u0131rayla okula al\u0131nmas\u0131na ili\u015fkin a\u00e7\u0131klama yapt\u0131. Uygulaman\u0131n okul y\u00f6neticileri taraf\u0131ndan iyi niyetle al\u0131nan bir tedbir oldu\u011fu ifade edildi.<\/p>\n","protected":false},"author":1,"featured_media":75645,"comment_status":"open","ping_status":"open","sticky":false,"template":"","format":"standard","meta":{"footnotes":""},"categories":[7],"tags":[233,2963,316],"class_list":["post-75644","post","type-post","status-publish","format-standard","has-post-thumbnail","hentry","category-egitim","tag-egitim","tag-niyet","tag-okul"],"_links":{"self":[{"href":"https:\/\/bihavadis.com\/index.php\/wp-json\/wp\/v2\/posts\/75644","targetHints":{"allow":["GET"]}}],"collection":[{"href":"https:\/\/bihavadis.com\/index.php\/wp-json\/wp\/v2\/posts"}],"about":[{"href":"https:\/\/bihavadis.com\/index.php\/wp-json\/wp\/v2\/types\/post"}],"author":[{"embeddable":true,"href":"https:\/\/bihavadis.com\/index.php\/wp-json\/wp\/v2\/users\/1"}],"replies":[{"embeddable":true,"href":"https:\/\/bihavadis.com\/index.php\/wp-json\/wp\/v2\/comments?post=75644"}],"version-history":[{"count":1,"href":"https:\/\/bihavadis.com\/index.php\/wp-json\/wp\/v2\/posts\/75644\/revisions"}],"predecessor-version":[{"id":75646,"href":"https:\/\/bihavadis.com\/index.php\/wp-json\/wp\/v2\/posts\/75644\/revisions\/75646"}],"wp:featuredmedia":[{"embeddable":true,"href":"https:\/\/bihavadis.com\/index.php\/wp-json\/wp\/v2\/media\/75645"}],"wp:attachment":[{"href":"https:\/\/bihavadis.com\/index.php\/wp-json\/wp\/v2\/media?parent=75644"}],"wp:term":[{"taxonomy":"category","embeddable":true,"href":"https:\/\/bihavadis.com\/index.php\/wp-json\/wp\/v2\/categories?post=75644"},{"taxonomy":"post_tag","embeddable":true,"href":"https:\/\/bihavadis.com\/index.php\/wp-json\/wp\/v2\/tags?post=75644"}],"curies":[{"name":"wp","href":"https:\/\/api.w.org\/{rel}","templated":true}]}}