{"id":75705,"date":"2026-04-30T04:12:11","date_gmt":"2026-04-30T04:12:11","guid":{"rendered":"https:\/\/bihavadis.com\/?p=75705"},"modified":"2026-04-30T04:12:11","modified_gmt":"2026-04-30T04:12:11","slug":"istanbulda-mac-izleyen-taraftar-gol-atilinca-bayildi","status":"publish","type":"post","link":"https:\/\/bihavadis.com\/index.php\/2026\/04\/30\/istanbulda-mac-izleyen-taraftar-gol-atilinca-bayildi\/","title":{"rendered":"\u0130stanbul&#8217;da ma\u00e7 izleyen taraftar gol at\u0131l\u0131nca bay\u0131ld\u0131"},"content":{"rendered":"<p>25 \u015eubat \u00c7ar\u015famba g\u00fcn\u00fc saat 22.30 s\u0131ralar\u0131nda \u0130stanbul&#8217;un Zeytinburnu il\u00e7esi Merkezefendi Mahallesi&#8217;nde bulunan bir kafede ilgin\u00e7 anlar ya\u015fand\u0131.\u00a0<\/p>\n<p>Koyu bir Galatasaray taraftar\u0131 oldu\u011fu \u00f6\u011frenilen Emrecan T\u00fcrkg\u00f6z, kafede arkada\u015flar\u0131yla Galatasaray &#8211; Juventus ma\u00e7\u0131n\u0131 izlemeye ba\u015flad\u0131.<\/p>\n<p>Son dakikalara kadar Galatasaray&#8217;dan gol gelmeyince T\u00fcrkg\u00f6z iddiaya g\u00f6re strese girdi.<\/p>\n<p>Uzatmalarda Galatasaray pe\u015f pe\u015fe 2 gol at\u0131nca T\u00fcrkg\u00f6z a\u015f\u0131r\u0131 sevin\u00e7ten bay\u0131ld\u0131.<\/p>\n<p>Bayg\u0131nl\u0131k ge\u00e7iren T\u00fcrkg\u00f6z&#8217;e o s\u0131rada kafede bulunan bir sa\u011fl\u0131k \u00e7al\u0131\u015fan\u0131 m\u00fcdahale etti.<\/p>\n<p><strong>&#8220;HEYECANI KALDIRAMADIK, GOL OLDU D\u00dc\u015eT\u00dcK&#8221;<\/strong><\/p>\n<p>Emrecan T\u00fcrkg\u00f6z, <em><b>&#8220;Ma\u00e7 boyunca zaten stresliydim. Bu benim zaten do\u011fal halim. Herkes beni biliyor; benim nas\u0131l Galatasarayl\u0131 oldu\u011fumu biliyor, ma\u00e7 izlerken nas\u0131l tepkiler verdi\u011fimi biliyor. Ma\u00e7\u0131n ilk yar\u0131s\u0131nda gol yedik, onun stresi vard\u0131. \u0130kinci yar\u0131da tak\u0131m\u0131m\u0131z daha da k\u00f6t\u00fcle\u015fti. Rakip tak\u0131m h\u00fccum yapt\u0131k\u00e7a stres artmaya ba\u015flad\u0131. 70&#8217;inci dakikadan sonras\u0131n\u0131 hat\u0131rlam\u0131yorum. <\/b><\/em><\/p>\n<p>dedi.<\/p>\n<p><img decoding=\"async\" src=\"https:\/\/bihavadis.com\/wp-content\/uploads\/2026\/04\/istanbulda-mac-izleyen-taraftar-gol-atilinca-bayildi-0-QzeFCJ1i.jpg\"\/><\/p>\n<p><strong>&#8220;BAKTIM ARKADA\u015e YERDE YATIYOR&#8221;<\/strong><\/p>\n<p>\u0130\u015fletme M\u00fcd\u00fcr\u00fc Ramazan \u00c7i\u00e7ek, <em><b>&#8220;Bakt\u0131m arkada\u015f yerde yat\u0131yor, bay\u0131lm\u0131\u015f. Geldik kolonyayla m\u00fcdahale ettik; m\u00fc\u015fteriler aras\u0131nda yer alan sa\u011fl\u0131k\u00e7\u0131 arkada\u015f da m\u00fcdahale etti. Emrecan her ma\u00e7ta b\u00f6yle heyecanl\u0131. Genelde evde izlemeyi seviyorum ma\u00e7lar\u0131, ben onu buraya getiriyorum. \u00c7\u00fcnk\u00fc onu g\u00f6r\u00fcnce ben de heyecanlan\u0131yorum. \u015eimdi Liverpool ma\u00e7\u0131n\u0131 bekliyoruz, in\u015fallah bu sefer bay\u0131lmaz.&#8221;<\/b><\/em> dedi.<\/p>\n<p><img decoding=\"async\" src=\"https:\/\/bihavadis.com\/wp-content\/uploads\/2026\/04\/istanbulda-mac-izleyen-taraftar-gol-atilinca-bayildi-1-63KrFHxL.jpg\"\/><\/p>\n<p><strong>O ANLAR KAMERADA<\/strong><\/p>\n<p>Taraftar Emrecan T\u00fcrkg\u00f6z&#8217;\u00fcn bay\u0131lma an\u0131 i\u015f yerinin g\u00fcvenlik kameras\u0131na da yans\u0131d\u0131. G\u00f6r\u00fcnt\u00fclerde yan\u0131ndaki arkada\u015flar\u0131yla ma\u00e7 izleyen T\u00fcrkg\u00f6z&#8217;\u00fcn bir anda aya\u011fa kal\u0131p tezah\u00fcrat yapt\u0131\u011f\u0131 anlar g\u00f6r\u00fcl\u00fcyor.<\/p>\n<p>Bir s\u00fcre sonra hareketsiz kalan T\u00fcrkg\u00f6z arkada\u015f\u0131n\u0131n kuca\u011f\u0131na do\u011fru bay\u0131l\u0131yor.<\/p>\n<p>Kar\u015f\u0131s\u0131nda oturan ki\u015finin fark etmesi \u00fczerine T\u00fcrkg\u00f6z&#8217;e \u00e7evredekiler ve arkada\u015flar\u0131 m\u00fcdahale etmeye ba\u015fl\u0131yor.<\/p>\n<p><img decoding=\"async\" src=\"https:\/\/bihavadis.com\/wp-content\/uploads\/2026\/04\/istanbulda-mac-izleyen-taraftar-gol-atilinca-bayildi-2-p6d7GG7Q.jpg\"\/><\/p>\n<p><img decoding=\"async\" src=\"https:\/\/bihavadis.com\/wp-content\/uploads\/2026\/04\/istanbulda-mac-izleyen-taraftar-gol-atilinca-bayildi-3-eZWNzVwc.jpg\"\/> <\/p>\n<div> <span><strong>Kaynak:<\/strong> Demir\u00f6ren Haber Ajans\u0131 (DHA)<\/span> <\/div>\n","protected":false},"excerpt":{"rendered":"<p>25 \u015eubat \u00c7ar\u015famba g\u00fcn\u00fc saat 22.30 s\u0131ralar\u0131nda \u0130stanbul&#8217;un Zeytinburnu il\u00e7esi Merkezefendi Mahallesi&#8217;nde bulunan bir kafede ilgin\u00e7 anlar ya\u015fand\u0131.\u00a0 Koyu bir Galatasaray taraftar\u0131 oldu\u011fu \u00f6\u011frenilen Emrecan T\u00fcrkg\u00f6z, kafede arkada\u015flar\u0131yla Galatasaray &#8230;<\/p>\n","protected":false},"author":1,"featured_media":75706,"comment_status":"open","ping_status":"open","sticky":false,"template":"","format":"standard","meta":{"footnotes":""},"categories":[4,13],"tags":[4608,496,364],"class_list":["post-75705","post","type-post","status-publish","format-standard","has-post-thumbnail","hentry","category-gundem","category-son-dakika","tag-arkadas","tag-galatasaray","tag-mac"],"_links":{"self":[{"href":"https:\/\/bihavadis.com\/index.php\/wp-json\/wp\/v2\/posts\/75705","targetHints":{"allow":["GET"]}}],"collection":[{"href":"https:\/\/bihavadis.com\/index.php\/wp-json\/wp\/v2\/posts"}],"about":[{"href":"https:\/\/bihavadis.com\/index.php\/wp-json\/wp\/v2\/types\/post"}],"author":[{"embeddable":true,"href":"https:\/\/bihavadis.com\/index.php\/wp-json\/wp\/v2\/users\/1"}],"replies":[{"embeddable":true,"href":"https:\/\/bihavadis.com\/index.php\/wp-json\/wp\/v2\/comments?post=75705"}],"version-history":[{"count":1,"href":"https:\/\/bihavadis.com\/index.php\/wp-json\/wp\/v2\/posts\/75705\/revisions"}],"predecessor-version":[{"id":75711,"href":"https:\/\/bihavadis.com\/index.php\/wp-json\/wp\/v2\/posts\/75705\/revisions\/75711"}],"wp:featuredmedia":[{"embeddable":true,"href":"https:\/\/bihavadis.com\/index.php\/wp-json\/wp\/v2\/media\/75706"}],"wp:attachment":[{"href":"https:\/\/bihavadis.com\/index.php\/wp-json\/wp\/v2\/media?parent=75705"}],"wp:term":[{"taxonomy":"category","embeddable":true,"href":"https:\/\/bihavadis.com\/index.php\/wp-json\/wp\/v2\/categories?post=75705"},{"taxonomy":"post_tag","embeddable":true,"href":"https:\/\/bihavadis.com\/index.php\/wp-json\/wp\/v2\/tags?post=75705"}],"curies":[{"name":"wp","href":"https:\/\/api.w.org\/{rel}","templated":true}]}}