{"id":75743,"date":"2026-04-30T04:42:16","date_gmt":"2026-04-30T04:42:16","guid":{"rendered":"https:\/\/bihavadis.com\/?p=75743"},"modified":"2026-04-30T04:42:16","modified_gmt":"2026-04-30T04:42:16","slug":"antalyada-ehliyetine-el-konuldu-ucuncu-kez-alkollu-yakalandi-surucuye-rekor-ceza","status":"publish","type":"post","link":"https:\/\/bihavadis.com\/index.php\/2026\/04\/30\/antalyada-ehliyetine-el-konuldu-ucuncu-kez-alkollu-yakalandi-surucuye-rekor-ceza\/","title":{"rendered":"Antalya&#8217;da ehliyetine el konuldu, \u00fc\u00e7\u00fcnc\u00fc kez alkoll\u00fc yakaland\u0131: S\u00fcr\u00fcc\u00fcye rekor ceza"},"content":{"rendered":"<p>Antalya&#8217;da Side istikametinden \u00c7akalderesi istikametine seyir halindeki Ziya Furkan R.&#8217;nin kulland\u0131\u011f\u0131 otomobil, ayn\u0131 istikamette kald\u0131r\u0131m \u00fczerinde seyrederken kald\u0131r\u0131mdan yola inen Mehmet \u015eerif U.&#8217;nun kulland\u0131\u011f\u0131 motosiklete \u00e7arpt\u0131.<\/p>\n<p>Kazada yaralanan ve 112 sa\u011fl\u0131k ekiplerinin olay yerindeki m\u00fcdahalesinin ard\u0131ndan ambulansla hastaneye kald\u0131r\u0131lan motosiklet s\u00fcr\u00fcc\u00fcs\u00fc Mehmet \u015eerif U.&#8217;nun sa\u011fl\u0131k durumunun iyi oldu\u011fu bildirildi.<\/p>\n<p><strong>EHL\u0130YET\u0130NE 2 YIL S\u00dcREYLE EL KONULDU\u011eU \u00d6\u011eREN\u0130LD\u0130<\/strong><\/p>\n<p>Kazan\u0131n ard\u0131ndan Manavgat Emniyet M\u00fcd\u00fcrl\u00fc\u011f\u00fc Trafik Denetleme B\u00fcro Amirli\u011fi ekiplerince yap\u0131lan kontrolde otomobil s\u00fcr\u00fcc\u00fcs\u00fc Ziya Furkan R.&#8217;nin 1.16 promil alkoll\u00fc oldu\u011fu, ikinci kez alkoll\u00fc yakaland\u0131\u011f\u0131 i\u00e7in s\u00fcr\u00fcc\u00fc belgesine 2 y\u0131ll\u0131\u011f\u0131na el konulmu\u015f oldu\u011fu ve ehliyetinin olmad\u0131\u011f\u0131 belirlendi.<\/p>\n<p><img decoding=\"async\" src=\"https:\/\/bihavadis.com\/wp-content\/uploads\/2026\/04\/antalyada-ehliyetine-el-konuldu-ucuncu-kez-alkollu-yakalandi-surucuye-rekor-ceza-0-w7hvVykf.jpg\"\/><\/p>\n<p><strong>390 B\u0130N TL CEZA KES\u0130LD\u0130<\/strong><\/p>\n<p>Otomobil s\u00fcr\u00fcc\u00fcs\u00fcne ehliyeti ge\u00e7ici olarak al\u0131nmas\u0131na ra\u011fmen ara\u00e7 kullanmaktan 200 bin TL, \u00fc\u00e7\u00fcnc\u00fc kez alkoll\u00fc ara\u00e7 kullan\u0131rken yakaland\u0131\u011f\u0131 i\u00e7in 150 bin TL, ara\u00e7 sahibine de arac\u0131n\u0131 ehliyetsiz bir ki\u015fiye kulland\u0131rmaktan 40 bin TL olmak \u00fczere toplam 390 bin TL para cezas\u0131 uyguland\u0131.<\/p>\n<p><img decoding=\"async\" src=\"https:\/\/bihavadis.com\/wp-content\/uploads\/2026\/04\/antalyada-ehliyetine-el-konuldu-ucuncu-kez-alkollu-yakalandi-surucuye-rekor-ceza-1-GQRTXzSU.jpg\"\/><\/p>\n<p><strong>EHL\u0130YET\u0130NE 2032&#8217;E KADAR EL KONULDU<\/strong><\/p>\n<p>S\u00fcr\u00fcc\u00fc belgesine de 2032 y\u0131l\u0131na kadar el konuldu.<\/p>\n<p>Alkoll\u00fc s\u00fcr\u00fcc\u00fc kesilen ceza kar\u015f\u0131s\u0131nda \u015fa\u015fk\u0131na d\u00f6nerken trafik polisi<em><b> &#8220;Yeni cezalardan haberin yok san\u0131r\u0131m&#8221;<\/b><\/em> cevab\u0131n\u0131 verdi.<\/p>\n<p><img decoding=\"async\" src=\"https:\/\/bihavadis.com\/wp-content\/uploads\/2026\/04\/antalyada-ehliyetine-el-konuldu-ucuncu-kez-alkollu-yakalandi-surucuye-rekor-ceza-2-IkJR8yv3.jpg\"\/><\/p>\n<p><strong>&#8220;\u00dc\u00c7 KEZ ALKOLL\u00dc ARA\u00c7 KULLANANIN EHL\u0130YET\u0130 TAMAMEN \u0130PTAL OLUYOR&#8221;<\/strong><\/p>\n<p>Trafik polisine ehliyetini ne zaman geri alaca\u011f\u0131n\u0131 sordu\u011fu trafik polisi ise <em><b>&#8220;Sistemde 2032 y\u0131l\u0131nda geri alabilece\u011finiz g\u00f6r\u00fcl\u00fcyor. Ama ben ehliyetinizi geri vereceklerini zannetmiyorum. Yeni cezalarda \u00fc\u00e7\u00fcnc\u00fc kez alkoll\u00fc ara\u00e7 kullan\u0131rken yakalanan\u0131n ehliyeti tamamen iptal ediliyor&#8221;<\/b><\/em> dedi.<\/p>\n<p>Alkoll\u00fc s\u00fcr\u00fcc\u00fc, ifadesine ba\u015fvurulmak \u00fczere polis merkezine g\u00f6t\u00fcr\u00fcld\u00fc.<\/p>\n<p><img decoding=\"async\" src=\"https:\/\/bihavadis.com\/wp-content\/uploads\/2026\/04\/antalyada-ehliyetine-el-konuldu-ucuncu-kez-alkollu-yakalandi-surucuye-rekor-ceza-3-kdYTc17R.jpg\"\/> <\/p>\n<div> <span><strong>Kaynak:<\/strong> \u0130hlas Haber Ajans\u0131 (\u0130HA)<\/span> <\/div>\n","protected":false},"excerpt":{"rendered":"<p>Antalya&#8217;da Side istikametinden \u00c7akalderesi istikametine seyir halindeki Ziya Furkan R.&#8217;nin kulland\u0131\u011f\u0131 otomobil, ayn\u0131 istikamette kald\u0131r\u0131m \u00fczerinde seyrederken kald\u0131r\u0131mdan yola inen Mehmet \u015eerif U.&#8217;nun kulland\u0131\u011f\u0131 motosiklete \u00e7arpt\u0131. Kazada yaralanan &#8230;<\/p>\n","protected":false},"author":1,"featured_media":75744,"comment_status":"open","ping_status":"open","sticky":false,"template":"","format":"standard","meta":{"footnotes":""},"categories":[4,13],"tags":[2302,581,258,8157,328],"class_list":["post-75743","post","type-post","status-publish","format-standard","has-post-thumbnail","hentry","category-gundem","category-son-dakika","tag-alkollu","tag-arac","tag-ceza","tag-ehliyeti","tag-surucu"],"_links":{"self":[{"href":"https:\/\/bihavadis.com\/index.php\/wp-json\/wp\/v2\/posts\/75743","targetHints":{"allow":["GET"]}}],"collection":[{"href":"https:\/\/bihavadis.com\/index.php\/wp-json\/wp\/v2\/posts"}],"about":[{"href":"https:\/\/bihavadis.com\/index.php\/wp-json\/wp\/v2\/types\/post"}],"author":[{"embeddable":true,"href":"https:\/\/bihavadis.com\/index.php\/wp-json\/wp\/v2\/users\/1"}],"replies":[{"embeddable":true,"href":"https:\/\/bihavadis.com\/index.php\/wp-json\/wp\/v2\/comments?post=75743"}],"version-history":[{"count":1,"href":"https:\/\/bihavadis.com\/index.php\/wp-json\/wp\/v2\/posts\/75743\/revisions"}],"predecessor-version":[{"id":75749,"href":"https:\/\/bihavadis.com\/index.php\/wp-json\/wp\/v2\/posts\/75743\/revisions\/75749"}],"wp:featuredmedia":[{"embeddable":true,"href":"https:\/\/bihavadis.com\/index.php\/wp-json\/wp\/v2\/media\/75744"}],"wp:attachment":[{"href":"https:\/\/bihavadis.com\/index.php\/wp-json\/wp\/v2\/media?parent=75743"}],"wp:term":[{"taxonomy":"category","embeddable":true,"href":"https:\/\/bihavadis.com\/index.php\/wp-json\/wp\/v2\/categories?post=75743"},{"taxonomy":"post_tag","embeddable":true,"href":"https:\/\/bihavadis.com\/index.php\/wp-json\/wp\/v2\/tags?post=75743"}],"curies":[{"name":"wp","href":"https:\/\/api.w.org\/{rel}","templated":true}]}}