{"id":75753,"date":"2026-04-30T04:48:06","date_gmt":"2026-04-30T04:48:06","guid":{"rendered":"https:\/\/bihavadis.com\/?p=75753"},"modified":"2026-04-30T04:48:06","modified_gmt":"2026-04-30T04:48:06","slug":"osmangazi-belediyesi-ramazan-bereketini-sirameselere-tasidi","status":"publish","type":"post","link":"https:\/\/bihavadis.com\/index.php\/2026\/04\/30\/osmangazi-belediyesi-ramazan-bereketini-sirameselere-tasidi\/","title":{"rendered":"Osmangazi Belediyesi Ramazan Bereketini S\u0131rame\u015feler&#8217;e Ta\u015f\u0131d\u0131"},"content":{"rendered":"<p><span><span><span><span>Osmangazi Belediyesi\u2019nin Ramazan ay\u0131 boyunca mahalle mahalle kurdu\u011fu iftar sofralar\u0131n\u0131n bu kez adresi S\u0131rame\u015feler Mahallesi oldu. Y\u00fczlerce vatanda\u015f\u0131n kat\u0131ld\u0131\u011f\u0131 g\u00f6n\u00fcl sofras\u0131nda dualar e\u015fli\u011finde oru\u00e7lar a\u00e7\u0131l\u0131rken, birlik ve beraberlik duygusu ayn\u0131 sofrada payla\u015f\u0131ld\u0131.<\/span><\/span><\/span><\/span><\/p>\n<p><span><span><span><span>Osmangazi Belediyesi\u2019nin Ramazan ay\u0131 boyunca il\u00e7enin farkl\u0131 mahallelerinde d\u00fczenledi\u011fi iftar programlar\u0131, birlik ve beraberlik duygusunu g\u00fc\u00e7lendirmeye devam ediyor. Payla\u015fma ve dayan\u0131\u015fma ay\u0131 olan Ramazan\u2019\u0131n bereketini mahallelere ta\u015f\u0131yan Osmangazi Belediyesi, bu kez S\u0131rame\u015feler Mahallesi\u2019nde kurdu\u011fu g\u00f6n\u00fcl sofras\u0131nda vatanda\u015flar\u0131 bir araya getirdi.<\/span><\/span> <span><span>Mahalle sakinlerinin yo\u011fun ilgi g\u00f6sterdi\u011fi iftar program\u0131nda y\u00fczlerce vatanda\u015f ayn\u0131 sofrada bulu\u015farak Ramazan\u2019\u0131n manevi atmosferini birlikte ya\u015fad\u0131. Kurulan iftar sofralar\u0131nda vatanda\u015flar ezan\u0131n okunmas\u0131yla birlikte dualar e\u015fli\u011finde oru\u00e7lar\u0131n\u0131 a\u00e7arken, payla\u015f\u0131lan lokmalar Ramazan\u2019\u0131n bereketini ve karde\u015flik ruhunu bir kez daha ortaya koydu. <\/span><\/span><\/span><\/span><\/p>\n<p><span><span><span><span>Samimi bir atmosferde ger\u00e7ekle\u015fen iftar program\u0131na Osmangazi Belediye Ba\u015fkan Yard\u0131mc\u0131lar\u0131 Fatih Vardar ve M\u00fccahit Y\u0131ld\u0131zhan ile birlikte belediye meclis \u00fcyeleri kat\u0131ld\u0131. Vatanda\u015flarla ayn\u0131 sofrada bulu\u015fan protokol \u00fcyeleri, mahalle sakinleriyle sohbet ederek Ramazan\u2019\u0131n manevi iklimini payla\u015ft\u0131.<\/span><\/span><\/span><\/span><\/p>\n<p><span><span><b><span><span>\u201cS\u0131rame\u015feler Mahallesi\u2019ndeki Dostlar\u0131m\u0131zla Bir Araya Geldik\u201d<\/span><\/span><\/b><\/span><\/span><\/p>\n<p><span><span><span><span>Ramazan dolay\u0131s\u0131yla her ak\u015fam farkl\u0131 bir mahallede vatanda\u015flarla bir araya geldiklerini dile getiren Osmangazi Belediye Ba\u015fkan Yard\u0131mc\u0131s\u0131 Fatih Vardar, \u201cS\u0131rame\u015feler Mahallesi dostlar\u0131m\u0131zla bir araya geldik. Ramazan\u2019\u0131n kutsall\u0131\u011f\u0131ndan, bereketinden yararlanarak birlikte iftar\u0131m\u0131z\u0131 a\u00e7t\u0131k. \u015eimdiden herkesin Ramazan Bayram\u0131 kutlu olsun. Nice Ramazan\u2019lara sa\u011fl\u0131k ve s\u0131hhat i\u00e7erisinde bulu\u015fmak dile\u011fiyle\u201d ifadelerini kulland\u0131.<\/span><\/span><\/span><\/span><\/p>\n<p><span><span><span><span>S\u0131rame\u015feler Mahalle Muhtar\u0131 Hatice G\u00fcnd\u00fcz ise mahalle halk\u0131n\u0131n yo\u011fun ilgi g\u00f6sterdi\u011fini belirterek, desteklerinden \u00f6t\u00fcr\u00fc Osmangazi Belediye Ba\u015fkan\u0131 Erkan Ayd\u0131n\u2019a te\u015fekk\u00fcr etti.<\/span><\/span><\/span><\/span><\/p>\n<p>\u00a0<\/p>\n<p>Kaynak: (BYZHA) Beyaz Haber Ajans\u0131<\/p>\n<p>\u00a0<\/p>\n","protected":false},"excerpt":{"rendered":"<p>Osmangazi Belediyesi\u2019nin Ramazan ay\u0131 boyunca mahalle mahalle kurdu\u011fu iftar sofralar\u0131n\u0131n bu kez adresi S\u0131rame\u015feler Mahallesi oldu. Y\u00fczlerce vatanda\u015f\u0131n kat\u0131ld\u0131\u011f\u0131 g\u00f6n\u00fcl sofras\u0131nda dualar e\u015fli\u011finde oru\u00e7lar a\u00e7\u0131l\u0131rken, birlik ve beraberlik duygusu ayn\u0131 sofrada payla\u015f\u0131ld\u0131.<\/p>\n","protected":false},"author":1,"featured_media":75754,"comment_status":"open","ping_status":"open","sticky":false,"template":"","format":"standard","meta":{"footnotes":""},"categories":[4],"tags":[2435,675,1018,2714,1226],"class_list":["post-75753","post","type-post","status-publish","format-standard","has-post-thumbnail","hentry","category-gundem","tag-birlik","tag-iftar","tag-mahalle","tag-ramazan","tag-vatandas"],"_links":{"self":[{"href":"https:\/\/bihavadis.com\/index.php\/wp-json\/wp\/v2\/posts\/75753","targetHints":{"allow":["GET"]}}],"collection":[{"href":"https:\/\/bihavadis.com\/index.php\/wp-json\/wp\/v2\/posts"}],"about":[{"href":"https:\/\/bihavadis.com\/index.php\/wp-json\/wp\/v2\/types\/post"}],"author":[{"embeddable":true,"href":"https:\/\/bihavadis.com\/index.php\/wp-json\/wp\/v2\/users\/1"}],"replies":[{"embeddable":true,"href":"https:\/\/bihavadis.com\/index.php\/wp-json\/wp\/v2\/comments?post=75753"}],"version-history":[{"count":1,"href":"https:\/\/bihavadis.com\/index.php\/wp-json\/wp\/v2\/posts\/75753\/revisions"}],"predecessor-version":[{"id":75755,"href":"https:\/\/bihavadis.com\/index.php\/wp-json\/wp\/v2\/posts\/75753\/revisions\/75755"}],"wp:featuredmedia":[{"embeddable":true,"href":"https:\/\/bihavadis.com\/index.php\/wp-json\/wp\/v2\/media\/75754"}],"wp:attachment":[{"href":"https:\/\/bihavadis.com\/index.php\/wp-json\/wp\/v2\/media?parent=75753"}],"wp:term":[{"taxonomy":"category","embeddable":true,"href":"https:\/\/bihavadis.com\/index.php\/wp-json\/wp\/v2\/categories?post=75753"},{"taxonomy":"post_tag","embeddable":true,"href":"https:\/\/bihavadis.com\/index.php\/wp-json\/wp\/v2\/tags?post=75753"}],"curies":[{"name":"wp","href":"https:\/\/api.w.org\/{rel}","templated":true}]}}