{"id":75788,"date":"2026-04-30T05:12:08","date_gmt":"2026-04-30T05:12:08","guid":{"rendered":"https:\/\/bihavadis.com\/?p=75788"},"modified":"2026-04-30T05:12:08","modified_gmt":"2026-04-30T05:12:08","slug":"karsiyakanin-dususu-devam-ediyor","status":"publish","type":"post","link":"https:\/\/bihavadis.com\/index.php\/2026\/04\/30\/karsiyakanin-dususu-devam-ediyor\/","title":{"rendered":"Kar\u015f\u0131yaka&#8217;n\u0131n D\u00fc\u015f\u00fc\u015f\u00fc Devam Ediyor"},"content":{"rendered":"<p>\n<p>3&#8217;\u00fcnc\u00fc Lig 4&#8217;\u00fcnc\u00fc Grup&#8217;ta sezonun ilk yar\u0131s\u0131nda haftalarca zirvede yer ald\u0131ktan sonra d\u00fc\u015f\u00fc\u015fe ge\u00e7en Kar\u015f\u0131yaka&#8217;da Eski\u015fehir Anadolu deplasman\u0131nda 1 puan\u0131 bahis soru\u015fturmas\u0131nda 3 ay ceza almas\u0131n\u0131n ard\u0131ndan d\u00fcn sahalara d\u00f6nen Erhan \u00d6zt\u00fcrk kurtard\u0131. D\u00fc\u015fme hatt\u0131ndaki rakibi \u00f6n\u00fcnde ilk yar\u0131y\u0131 1-0 yenik tamamlayan Kaf-Kaf&#8217;ta 3 ayl\u0131k cezas\u0131n\u0131 tamamlar tamamlamaz ikinci yar\u0131n\u0131n ba\u015f\u0131nda Adem Ye\u015filyurt&#8217;un yerine oyuna dahil olan y\u0131ld\u0131z kanat oyuncusu 61&#8217;inci dakikada att\u0131\u011f\u0131 \u015f\u0131k golle tak\u0131m\u0131na 1-1 beraberli\u011fi getirdi. Erhan gibi hak mahrumiyeti cezas\u0131n\u0131 tamamlay\u0131p 3 ay sonra tak\u0131ma d\u00f6nen M\u00fccahit&#8217;in bu gol\u00fcn hemen ard\u0131ndan kaydetti\u011fi gol ise ofsayt gerek\u00e7esiyle say\u0131lmad\u0131.<\/p>\n<p>D\u00dc\u015eME HATTINDAK\u0130 RAK\u0130BE Y\u0130NE TAKILDI, SER\u0130YE HASRET KALDI<\/p>\n<p>Ge\u00e7en iki sezonda deplasmanda ma\u011flup oldu\u011fu zay\u0131f rakibine bu sezon da di\u015f ge\u00e7iremeyen Kar\u015f\u0131yaka, d\u00fc\u015fme hatt\u0131ndaki Eski\u015fehir temsilcisi \u00f6n\u00fcnde kaybetti\u011fi puanlarla zirveden iyice uzakla\u015f\u0131rken ikincilik yar\u0131\u015f\u0131nda da geride kald\u0131. Sezonun ikinci yar\u0131s\u0131nda hi\u00e7 seri galibiyet alamayan, devrenin 5 ma\u00e7\u0131n\u0131 1 galibiyet, 2 beraberlik, 2 yenilgiyle ge\u00e7ip 10 puan yitiren \u0130zmir temsilcisi liderlik ve ikincilikten sonra \u00fc\u00e7\u00fcnc\u00fc s\u0131radaki yerini de kapt\u0131rd\u0131. Grupta bitime 10 hafta kala lider K\u00fctahyaspor&#8217;un 12, ikinci Eski\u015fehirspor&#8217;un 4 puan gerisine d\u00fc\u015fen Kaf-Kaf, son ma\u00e7larda 9&#8217;da 9 yapan Ayval\u0131kg\u00fcc\u00fc&#8217;ne de ge\u00e7ildi. 43 puana ula\u015fan Bal\u0131kesir ekibi, 41 puanda kalan ye\u015fil-k\u0131rm\u0131z\u0131l\u0131lar\u0131 d\u00f6rd\u00fcnc\u00fc basama\u011fa itti.<\/p>\n<p>ELE\u015eT\u0130R\u0130LER ARTTI, BASATEM\u00dcR&#8217;E TEPK\u0130 GELD\u0130<\/p>\n<p>Sezona \u00e7ok iyi ba\u015flay\u0131p camiay\u0131 8 y\u0131l sonra 3&#8217;\u00fcnc\u00fc Lig&#8217;den kurtulmak i\u00e7in umutland\u0131ran Kar\u015f\u0131yaka ikinci yar\u0131da 5 ma\u00e7ta 10 puan kaybederken taraftar\u0131n tepkileri de artt\u0131. Taraftarlar ilk kez daha \u00f6nce amat\u00f6rden ke\u015ffetti\u011fi bir\u00e7ok futbolcuyu vitrine \u00e7\u0131karan Teknik Direkt\u00f6r Burhanettin Basatem\u00fcr&#8217;\u00fc de yo\u011fun \u015fekilde ele\u015ftirmeye ba\u015flad\u0131. Kar\u015f\u0131yaka ilk yar\u0131da haftalarca lider olan tak\u0131mdan ara transferde 7 profesyonel futbolcu g\u00f6nderip yerlerine 3&#8217;\u00fc amat\u00f6r ligden 6 takviye yapt\u0131. Kadro d\u0131\u015f\u0131 b\u0131rak\u0131lan golc\u00fc Hamza ge\u00e7en haftaya kadar s\u00f6zle\u015fmesi s\u00fcrmesine ve tak\u0131m\u0131n en y\u00fcksek maliyetli oyuncusu olmas\u0131na ra\u011fmen ikinci yar\u0131daki 4 ma\u00e7ta oynat\u0131lmad\u0131. Amat\u00f6rden gelen H\u00fcseyin, Cumali gibi isimler direkt ilk 11&#8217;e monte edilirken, \u00f6nce bahis soru\u015fturmas\u0131nda as futbolcular\u0131 ceza alan, sonra da yeni takviyeler ve cezal\u0131lar\u0131n d\u00f6nmesiyle uyum sorunu ya\u015fayan Kar\u015f\u0131yaka ikinci yar\u0131da b\u00fcy\u00fck d\u00fc\u015f\u00fc\u015f ya\u015fay\u0131p zirveyi \u0131skalad\u0131. Kar\u015f\u0131yaka&#8217;n\u0131n zirvedeki K\u00fctahyaspor&#8217;la aras\u0131ndaki fark ikinci yar\u0131da 2&#8217;den 12&#8217;ye \u00e7\u0131kt\u0131.<\/p>\n","protected":false},"excerpt":{"rendered":"<p>Kar\u015f\u0131yaka, Eski\u015fehir Anadolu kar\u015f\u0131s\u0131nda 1-1 berabere kalarak zirveden uzakla\u015ft\u0131; ele\u015ftiriler artt\u0131.<\/p>\n","protected":false},"author":1,"featured_media":75789,"comment_status":"open","ping_status":"open","sticky":false,"template":"","format":"standard","meta":{"footnotes":""},"categories":[14],"tags":[258,331,1066,451,8160],"class_list":["post-75788","post","type-post","status-publish","format-standard","has-post-thumbnail","hentry","category-spor","tag-ceza","tag-ikinci","tag-karsiyaka","tag-sezon","tag-yarida"],"_links":{"self":[{"href":"https:\/\/bihavadis.com\/index.php\/wp-json\/wp\/v2\/posts\/75788","targetHints":{"allow":["GET"]}}],"collection":[{"href":"https:\/\/bihavadis.com\/index.php\/wp-json\/wp\/v2\/posts"}],"about":[{"href":"https:\/\/bihavadis.com\/index.php\/wp-json\/wp\/v2\/types\/post"}],"author":[{"embeddable":true,"href":"https:\/\/bihavadis.com\/index.php\/wp-json\/wp\/v2\/users\/1"}],"replies":[{"embeddable":true,"href":"https:\/\/bihavadis.com\/index.php\/wp-json\/wp\/v2\/comments?post=75788"}],"version-history":[{"count":1,"href":"https:\/\/bihavadis.com\/index.php\/wp-json\/wp\/v2\/posts\/75788\/revisions"}],"predecessor-version":[{"id":75790,"href":"https:\/\/bihavadis.com\/index.php\/wp-json\/wp\/v2\/posts\/75788\/revisions\/75790"}],"wp:featuredmedia":[{"embeddable":true,"href":"https:\/\/bihavadis.com\/index.php\/wp-json\/wp\/v2\/media\/75789"}],"wp:attachment":[{"href":"https:\/\/bihavadis.com\/index.php\/wp-json\/wp\/v2\/media?parent=75788"}],"wp:term":[{"taxonomy":"category","embeddable":true,"href":"https:\/\/bihavadis.com\/index.php\/wp-json\/wp\/v2\/categories?post=75788"},{"taxonomy":"post_tag","embeddable":true,"href":"https:\/\/bihavadis.com\/index.php\/wp-json\/wp\/v2\/tags?post=75788"}],"curies":[{"name":"wp","href":"https:\/\/api.w.org\/{rel}","templated":true}]}}