{"id":75807,"date":"2026-04-30T05:27:10","date_gmt":"2026-04-30T05:27:10","guid":{"rendered":"https:\/\/bihavadis.com\/?p=75807"},"modified":"2026-04-30T05:27:10","modified_gmt":"2026-04-30T05:27:10","slug":"muzakere-ile-baslayip-hamaneyin-olumu-ile-bitti-abd-iran-gerilimi-nasil-ilerledi","status":"publish","type":"post","link":"https:\/\/bihavadis.com\/index.php\/2026\/04\/30\/muzakere-ile-baslayip-hamaneyin-olumu-ile-bitti-abd-iran-gerilimi-nasil-ilerledi\/","title":{"rendered":"M\u00fczakere ile ba\u015flay\u0131p Hamaney&#8217;in \u00f6l\u00fcm\u00fc ile bitti: ABD &#8211; \u0130ran gerilimi nas\u0131l ilerledi"},"content":{"rendered":"<p>ABD ile \u0130ran aras\u0131nda n\u00fckleer anla\u015fmazl\u0131\u011f\u0131&#8230;<\/p>\n<p>\u0130ki \u00fclke aras\u0131nda \u0130ran&#8217;\u0131n n\u00fckleer \u00e7al\u0131\u015fmalar\u0131 kapsam\u0131nda yapt\u0131\u011f\u0131 uranyum zengile\u015ftirmesi ile durmaks\u0131z\u0131n y\u00fckseldi.\u00a0<\/p>\n<p>22 Haziran 2025 tarihinde\u00a0ABD Ba\u015fkan\u0131 Donald Trump,\u00a0ABD Hava\u00a0ve\u00a0Deniz Kuvvetleri&#8217;nin\u00a0\u0130ran&#8217;daki\u00a0Fordo N\u00fckleer Tesisi,\u00a0Natanz N\u00fckleer Tesisi\u00a0ve\u00a0\u0130sfahan&#8217;daki \u00e7e\u015fitli n\u00fckleer tesislere y\u00f6nelik sald\u0131r\u0131lar d\u00fczenledi\u011fini a\u00e7\u0131klad\u0131.\u00a0<\/p>\n<p>Bu iki \u00fclke aras\u0131ndaki ilk s\u0131cak temas olarak kayda ge\u00e7ti.\u00a0<\/p>\n<p><strong>&#8216;N\u00dcKLEER \u0130LERLEME YOK ED\u0130LD\u0130&#8217; DED\u0130 <\/strong><\/p>\n<p>Amerika Birle\u015fik Devletleri\u00a0Ba\u015fkan\u0131\u00a0Donald Trump,\u00a0Truth Social\u00a0arac\u0131l\u0131\u011f\u0131yla sald\u0131r\u0131n\u0131n <em><b>&#8220;\u00e7ok ba\u015far\u0131l\u0131 sald\u0131r\u0131&#8221;<\/b><\/em> oldu\u011funu kamuoyuna duyurdu.<\/p>\n<p>Trump a\u00e7\u0131klamas\u0131nda \u0130ran&#8217;\u0131n n\u00fckleer ilerlemesinin b\u00fcy\u00fck oranda yok edildi\u011fini \u00f6ne s\u00fcrd\u00fc.<\/p>\n<p><img decoding=\"async\" src=\"https:\/\/bihavadis.com\/wp-content\/uploads\/2026\/04\/muzakere-ile-baslayip-hamaneyin-olumu-ile-bitti-abd-iran-gerilimi-nasil-ilerledi-0-3mSpfVTd.jpg\"\/><\/p>\n<p><strong>TEHD\u0130TLER\u0130NE DEVAM ETT\u0130<\/strong><\/p>\n<p>Ancak ABD Ba\u015fkan\u0131 Donald Trump, bu sald\u0131r\u0131dan sonra da \u0130ran&#8217;a y\u00f6nelik hamlelerine devam etti.\u00a0<\/p>\n<p>S\u0131k s\u0131k askeri m\u00fcdahale tehdidini yineleyen Trump, \u00f6nceli\u011finin diplomatik \u00e7\u00f6z\u00fcm oldu\u011funu savundu.\u00a0<\/p>\n<p><img decoding=\"async\" src=\"https:\/\/bihavadis.com\/wp-content\/uploads\/2026\/04\/muzakere-ile-baslayip-hamaneyin-olumu-ile-bitti-abd-iran-gerilimi-nasil-ilerledi-1-GkZ2F1v2.jpg\"\/><\/p>\n<p><strong>M\u00dcZAKERELER BA\u015eLATILDI<\/strong><\/p>\n<p>Ba\u015fkan Trump&#8217;\u0131n tehditleri devam ederken iki \u00fclke aras\u0131nda Umman&#8217;\u0131n ara buluculu\u011funda n\u00fckleer m\u00fczakereler ba\u015flat\u0131ld\u0131.\u00a0<\/p>\n<p>\u0130ki \u00fclkenin heyetleri toplam \u00fc\u00e7 tur olmak \u00fczere g\u00f6r\u00fc\u015fmeler ger\u00e7ekle\u015ftirilirken d\u00f6rd\u00fcnc\u00fc g\u00f6r\u00fc\u015fme i\u00e7in Viyana i\u015faret edildi.\u00a0<\/p>\n<p><img decoding=\"async\" src=\"https:\/\/bihavadis.com\/wp-content\/uploads\/2026\/04\/muzakere-ile-baslayip-hamaneyin-olumu-ile-bitti-abd-iran-gerilimi-nasil-ilerledi-2-NNRlmS9G.jpg\"\/><\/p>\n<p><strong>D\u0130PLOMAS\u0130N\u0130N ORTASINDA SALDIRI BA\u015eLADI<\/strong><\/p>\n<p>M\u00fczakerelerin olumlu gitti aktar\u0131l\u0131rken ABD cephesinden s\u00fcrpriz bir hamle geldi.\u00a0<\/p>\n<p>\u0130srail ile koordineli olarak \u0130ran&#8217;a y\u00f6nelik \u00f6nc\u00fc bir sald\u0131r\u0131 ba\u015flat\u0131ld\u0131.\u00a0<\/p>\n<p><img decoding=\"async\" src=\"https:\/\/bihavadis.com\/wp-content\/uploads\/2026\/04\/muzakere-ile-baslayip-hamaneyin-olumu-ile-bitti-abd-iran-gerilimi-nasil-ilerledi-3-DREyFUZr.jpg\"\/><\/p>\n<p><strong>TRUMP &#8216;HAMANEY&#8217;\u0130N CESED\u0130N\u0130 G\u00d6RD\u00dcM&#8217; DED\u0130 <\/strong><\/p>\n<p>Sald\u0131r\u0131larda bir\u00e7ok \u00fcst d\u00fczey \u0130ranl\u0131 yetkili hedef al\u0131n\u0131rken bu isimlerden biri de\u00a0\u0130ran&#8217;\u0131n dini lideri Ayetullah Ali Hamaney oldu.\u00a0<\/p>\n<p>ABD Ba\u015fkan\u0131 Trump, Hamaney&#8217;in cesedinin foto\u011fraf\u0131n\u0131n kendisine g\u00f6sterildi\u011fini s\u00f6yledi.\u00a0<\/p>\n<p>Trump&#8217;\u0131n bu a\u00e7\u0131klamas\u0131ndan saatler sonra \u0130ran Devlet Televizyonu, Hamaney&#8217;in \u00f6l\u00fcm\u00fcn\u00fc resmen do\u011frulad\u0131.\u00a0<\/p>\n<p><img decoding=\"async\" src=\"https:\/\/bihavadis.com\/wp-content\/uploads\/2026\/04\/muzakere-ile-baslayip-hamaneyin-olumu-ile-bitti-abd-iran-gerilimi-nasil-ilerledi-4-mgu35cnG.jpg\"\/><\/p>\n<p><strong>OPERASYONUN DETAYLARI ORTAYA \u00c7IKTI<\/strong><\/p>\n<p>\u00d6te yandan sadece bu \u00fc\u00e7 \u00fclkede de\u011fil d\u00fcnya genelinde geni\u015f yank\u0131 uyand\u0131ran operasyona ili\u015fkin yeni detaylar ortaya \u00e7\u0131kt\u0131.\u00a0<\/p>\n<p>ABD merkezli\u00a0The New York Times (NYT), Hamaney&#8217;in aylard\u0131r\u00a0ABD Merkezi \u0130stihbarat Te\u015fkilat\u0131 (CIA)<span>\u00a0taraf\u0131ndan takip edildi\u011fini yazd\u0131.\u00a0<\/span><\/p>\n<p>Haberde, Hamaney&#8217;in de yer ald\u0131\u011f\u0131 \u00fcst d\u00fczey \u0130ranl\u0131 yetkililerin bir araya gelece\u011fi sabah toplant\u0131s\u0131n\u0131n \u00f6\u011frenilmesinin ard\u0131ndan operasyonun \u00f6ne \u00e7ekildi\u011fi ve dini liderin \u00f6ld\u00fcr\u00fcld\u00fc\u011f\u00fc yaz\u0131ld\u0131.\u00a0<\/p>\n<p><img decoding=\"async\" src=\"https:\/\/bihavadis.com\/wp-content\/uploads\/2026\/04\/muzakere-ile-baslayip-hamaneyin-olumu-ile-bitti-abd-iran-gerilimi-nasil-ilerledi-5-peKDaIYJ.jpg\"\/><\/p>\n<p><strong>ETRAFINI AJANLAR SARDI<\/strong><\/p>\n<p>Hamaney\u2019in hayat\u0131n\u0131 kaybetti\u011fi operasyonda bir Mossad ajan\u0131n\u0131n do\u011frudan sahada oldu\u011fu iddia edildi.<\/p>\n<p>\u0130srail bas\u0131n\u0131ndaki bilgilere g\u00f6re, gizli bir casus sald\u0131r\u0131 noktas\u0131na s\u0131zarak Hamaney\u2019in cans\u0131z bedenini kayda ald\u0131 ve bu g\u00f6r\u00fcnt\u00fcleri anl\u0131k olarak Netanyahu\u2019ya iletti.<\/p>\n<p><img decoding=\"async\" src=\"https:\/\/bihavadis.com\/wp-content\/uploads\/2026\/04\/muzakere-ile-baslayip-hamaneyin-olumu-ile-bitti-abd-iran-gerilimi-nasil-ilerledi-6-7u1bgkVR.jpg\"\/><\/p>\n<p><strong>ESK\u0130 \u0130RAN CUMHURBA\u015eKANI&#8217;NIN R\u00d6PORTAJI YEN\u0130DEN G\u00dcNMEDE GELD\u0130<\/strong><\/p>\n<p>Olay\u0131n ard\u0131ndan\u00a0Eski \u0130ran Cumhurba\u015fkan\u0131 Mahmud Ahmedinejad&#8217;\u0131n y\u0131llar \u00f6nce verdi\u011fi bir r\u00f6portaj yeniden g\u00fcndem oldu.<\/p>\n<p>R\u00f6portaj\u0131nda g\u00f6revi s\u00fcrecinde \u0130srail&#8217;\u0130n istihbarat birimi MOSSAD&#8217;\u0131 yok etmek i\u00e7in bir birim kurduklar\u0131n\u0131 belirten\u00a0Ahmedinejad,\u00a0kurduklar\u0131 bu yap\u0131n\u0131n ba\u015f\u0131na ge\u00e7irdikleri ismin daha sonra \u0130srail ajan\u0131 \u00e7\u0131kt\u0131\u011f\u0131n\u0131 itiraf etmi\u015fti.\u00a0<\/p>\n<div> <span><strong>Kaynak:<\/strong> Ensonhaber Haber Merkezi<\/span> <\/div>\n","protected":false},"excerpt":{"rendered":"<p>ABD ile \u0130ran aras\u0131nda n\u00fckleer anla\u015fmazl\u0131\u011f\u0131&#8230; \u0130ki \u00fclke aras\u0131nda \u0130ran&#8217;\u0131n n\u00fckleer \u00e7al\u0131\u015fmalar\u0131 kapsam\u0131nda yapt\u0131\u011f\u0131 uranyum zengile\u015ftirmesi ile durmaks\u0131z\u0131n y\u00fckseldi.\u00a0 22 Haziran 2025 tarihinde\u00a0ABD Ba\u015fkan\u0131 Donald Trump,\u00a0ABD Hava\u00a0ve\u00a0Deniz Kuvvetleri&#8217;nin &#8230;<\/p>\n","protected":false},"author":1,"featured_media":75808,"comment_status":"open","ping_status":"open","sticky":false,"template":"","format":"standard","meta":{"footnotes":""},"categories":[6],"tags":[3845,271,1539,794,1369],"class_list":["post-75807","post","type-post","status-publish","format-standard","has-post-thumbnail","hentry","category-dunya","tag-hamaney","tag-iran","tag-nukleer","tag-saldiri","tag-trump"],"_links":{"self":[{"href":"https:\/\/bihavadis.com\/index.php\/wp-json\/wp\/v2\/posts\/75807","targetHints":{"allow":["GET"]}}],"collection":[{"href":"https:\/\/bihavadis.com\/index.php\/wp-json\/wp\/v2\/posts"}],"about":[{"href":"https:\/\/bihavadis.com\/index.php\/wp-json\/wp\/v2\/types\/post"}],"author":[{"embeddable":true,"href":"https:\/\/bihavadis.com\/index.php\/wp-json\/wp\/v2\/users\/1"}],"replies":[{"embeddable":true,"href":"https:\/\/bihavadis.com\/index.php\/wp-json\/wp\/v2\/comments?post=75807"}],"version-history":[{"count":1,"href":"https:\/\/bihavadis.com\/index.php\/wp-json\/wp\/v2\/posts\/75807\/revisions"}],"predecessor-version":[{"id":75816,"href":"https:\/\/bihavadis.com\/index.php\/wp-json\/wp\/v2\/posts\/75807\/revisions\/75816"}],"wp:featuredmedia":[{"embeddable":true,"href":"https:\/\/bihavadis.com\/index.php\/wp-json\/wp\/v2\/media\/75808"}],"wp:attachment":[{"href":"https:\/\/bihavadis.com\/index.php\/wp-json\/wp\/v2\/media?parent=75807"}],"wp:term":[{"taxonomy":"category","embeddable":true,"href":"https:\/\/bihavadis.com\/index.php\/wp-json\/wp\/v2\/categories?post=75807"},{"taxonomy":"post_tag","embeddable":true,"href":"https:\/\/bihavadis.com\/index.php\/wp-json\/wp\/v2\/tags?post=75807"}],"curies":[{"name":"wp","href":"https:\/\/api.w.org\/{rel}","templated":true}]}}