{"id":75847,"date":"2026-04-30T05:54:11","date_gmt":"2026-04-30T05:54:11","guid":{"rendered":"https:\/\/bihavadis.com\/?p=75847"},"modified":"2026-04-30T05:54:11","modified_gmt":"2026-04-30T05:54:11","slug":"epstein-belgeleri-siyasi-kriz-yaratti","status":"publish","type":"post","link":"https:\/\/bihavadis.com\/index.php\/2026\/04\/30\/epstein-belgeleri-siyasi-kriz-yaratti\/","title":{"rendered":"Epstein Belgeleri Siyasi Kriz Yaratt\u0131"},"content":{"rendered":"<p>ABD&#8217;de re\u015fit olmayan k\u0131z \u00e7ocuklar\u0131na y\u00f6nelik fuhu\u015f a\u011f\u0131 kurdu\u011fu iddias\u0131yla yarg\u0131land\u0131\u011f\u0131 s\u0131rada hapishanede \u00f6l\u00fc bulunan milyarder Jeffrey Epstein ile ilgili yay\u0131mlanan belgelerde ad\u0131 ge\u00e7enler ba\u015fta \u0130ngiltere ve Norve\u00e7 olmak \u00fczere Avrupa&#8217;da tart\u0131\u015fmalara neden oldu.<\/p>\n<p>ABD Adalet Bakanl\u0131\u011f\u0131n\u0131n Eyl\u00fcl 2025&#8217;te ve ocak sonunda a\u00e7\u0131klad\u0131\u011f\u0131 Epstein belgelerinde \u00e7ok say\u0131da Bat\u0131l\u0131 siyaset\u00e7i, diplomat ve tan\u0131nm\u0131\u015f ismin ad\u0131 yer al\u0131yor. \u0130ngiltere ve Norve\u00e7 siyasi ya\u015fam\u0131, belgelerde ad\u0131 bulunan \u00fcst d\u00fczey isimler nedeniyle \u00e7alkant\u0131l\u0131 g\u00fcnlerden ge\u00e7iyor.<\/p>\n<p><b>MANDELSON SKANDALI: B\u00dcY\u00dcKEL\u00c7\u0130L\u0130KTEN D\u00dc\u015e\u00dc\u015e<\/b><\/p>\n<p>Eyl\u00fclde a\u00e7\u0131klanan belgeler, \u0130ngiltere&#8217;nin Washington B\u00fcy\u00fckel\u00e7isi Peter Mandelson&#8217;u koltu\u011fundan etti. G\u00f6reve 7 ay \u00f6nce atanan Mandelson&#8217;un Epstein&#8217;e &#8220;En iyi dostum&#8221; diye hitap etti\u011fi yaz\u0131\u015fmalar payla\u015f\u0131ld\u0131. Mandelson&#8217;un Epstein&#8217;e g\u00f6nderdi\u011fi do\u011fum g\u00fcn\u00fc mesaj\u0131nda ise &#8220;Gelsin diye saatlerce beklerdiniz. \u00c7o\u011fu zaman etraf\u0131n\u0131zda oldu\u011funa al\u0131\u015ft\u0131\u011f\u0131n\u0131zda birden yine yaln\u0131z kal\u0131rd\u0131n\u0131z. Onun yerine e\u011flendirmeniz gereken baz\u0131 ilgin\u00e7 arkada\u015flar\u0131yla ba\u015f ba\u015fa kal\u0131rd\u0131n\u0131z.&#8221; yazd\u0131\u011f\u0131 g\u00f6r\u00fcld\u00fc.<\/p>\n<p><b>STARMER&#8217;DAN GER\u0130 ADIM VE \u00d6Z\u00dcR<\/b><\/p>\n<p>Bu ifadelerin ard\u0131ndan Mandelson g\u00f6revinden al\u0131n\u0131rken onu atayan Ba\u015fbakan Keir Starmer, &#8220;\u015eimdi bildiklerimi atama zaman\u0131, bilseydim g\u00f6revlendirmezdim.&#8221; dedi. Ancak Starmer&#8217;\u0131n daha sonra Mandelson&#8217;la ilgili baz\u0131 ger\u00e7ekleri daha bildi\u011fi ortaya \u00e7\u0131kt\u0131. Ocak sonunda a\u00e7\u0131klanan belgelerde, Mandelson&#8217;un Epstein&#8217;den 75 bin dolar ald\u0131\u011f\u0131 ve Ticaret Bakanl\u0131\u011f\u0131 yapt\u0131\u011f\u0131 2008-2010 y\u0131llar\u0131nda 2008 kriziyle ilgili piyasa hassasiyeti a\u00e7\u0131s\u0131ndan h\u00fck\u00fcmet taraf\u0131ndan gizli tutulan baz\u0131 bilgileri Epstein&#8217;e aktard\u0131\u011f\u0131 ortaya \u00e7\u0131karken re\u015fit olmad\u0131\u011f\u0131 iddia edilen baz\u0131 k\u0131z \u00e7ocuklar\u0131yla uygunsuz g\u00f6r\u00fcnt\u00fcleri yer ald\u0131.<\/p>\n<p><b>LORDLAR KAMARASI&#8217;NDAN AYRILDI, POL\u0130S DEVREDE<\/b><\/p>\n<p>Bu belgeler, &#8220;Lord Mandelson&#8221; olarak bilinen 72 ya\u015f\u0131ndaki siyaset\u00e7inin \u0130\u015f\u00e7i Partisi \u00fcyeli\u011finden ve Lordlar Kamaras\u0131 \u00fcyeli\u011finden ayr\u0131lmas\u0131na, hakk\u0131nda polis soru\u015fturmas\u0131 a\u00e7\u0131lmas\u0131na neden oldu. Hem Kabine Ofisi hem de 2007-2010 y\u0131llar\u0131nda ba\u015fbakanl\u0131k yapan Gordon Brown, Mandelson hakk\u0131nda elindeki belgeleri polise teslim etti.<\/p>\n<p><b>\u0130NG\u0130L\u0130Z BA\u015eBAKAN \u00d6Z\u00dcR D\u0130LED\u0130, \u0130ST\u0130FA TALEPLER\u0130 Y\u00dcKSELD\u0130<\/b><\/p>\n<p>Epstein-Mandelson ili\u015fkisi, Starmer&#8217;\u0131 istifas\u0131n\u0131n sesli \u015fekilde istendi\u011fi bir yola soktu. Ba\u015fta &#8220;\u015eimdi bildiklerimi o zaman bilmiyordum.&#8221; diyerek Mandelson&#8217;un b\u00fcy\u00fckel\u00e7i atamas\u0131n\u0131n yap\u0131ld\u0131\u011f\u0131 d\u00f6nemde bunlar\u0131n bilinmedi\u011fini savunan Starmer, daha sonra ifadesini de\u011fi\u015ftirdi. Mandelson&#8217;un, re\u015fit olmayan \u00e7ocu\u011fu fuh\u015fa te\u015fvik etmek su\u00e7lamas\u0131yla ceza ald\u0131\u011f\u0131 2008&#8217;den sonra da Epstein ile g\u00f6r\u00fc\u015fmeyi s\u00fcrd\u00fcrd\u00fc\u011f\u00fcn\u00fc bildi\u011fini kaydeden Starmer, bu ili\u015fkinin derinli\u011fini bilmedi\u011fini \u00f6ne s\u00fcrd\u00fc. Bu ili\u015fkiyle ilgili sorulara Mandelson&#8217;un s\u00fcrekli olarak yalanla kar\u015f\u0131l\u0131k verdi\u011fini iddia eden Starmer, yalanlara inand\u0131\u011f\u0131 ve Mandelson&#8217;u b\u00fcy\u00fckel\u00e7i olarak atad\u0131\u011f\u0131 i\u00e7in \u00f6z\u00fcr dilemek zorunda kald\u0131.<\/p>\n<p><b>BA\u015eBAKANLIKTA \u0130ST\u0130FA Z\u0130NC\u0130R\u0130<\/b><\/p>\n<p>Parti i\u00e7inde ve muhalefette Starmer&#8217;\u0131n istifas\u0131n\u0131 isteyenlerin sesi y\u00fckselmeye devam ederken Ba\u015fbakanl\u0131k Genel Sekreteri Morgan McSweeney, d\u00fcn istifa etti. McSweeney, Mandelson&#8217;la ilgili fikri soruldu\u011funda kendisini Washington B\u00fcy\u00fckel\u00e7isi olarak tavsiye etti\u011fini belirterek, &#8220;Bu tavsiyenin sorumlulu\u011funu \u00fczerime al\u0131yorum.&#8221; dedi. Atama d\u00f6neminde D\u0131\u015fi\u015fleri Bakan\u0131 olan David Lammy&#8217;nin de bu atamaya kar\u015f\u0131 \u00e7\u0131kt\u0131\u011f\u0131 ancak Ba\u015fbakan Starmer&#8217;\u0131 ikna edemedi\u011fi \u00f6ne s\u00fcr\u00fcld\u00fc.<\/p>\n<p><b>KRAL\u0130YET A\u0130LES\u0130 DE SARSILDI<\/b><\/p>\n<p>Epstein belgeleri \u00fclkede sadece siyaset kurumunu de\u011fil y\u00fczlerce y\u0131ll\u0131k Kraliyet kurumunu da sarst\u0131. Zaten Epstein ile ili\u015fkisi ve re\u015fit olmayan k\u0131z \u00e7ocuklar\u0131 hakk\u0131nda verdi\u011fi ifadeler nedeniyle &#8220;York D\u00fck\u00fc&#8221; \u00fcnvan\u0131n\u0131 kaybeden Kral Charles&#8217;\u0131n karde\u015fi Andrew, eyl\u00fcl ve ocakta yay\u0131mlanan belgelerin ard\u0131ndan Kraliyet Ailesi \u00fcyesi olarak elde etti\u011fi t\u00fcm \u00fcnvan ve mallar\u0131 yitirdi.<\/p>\n<p><b>PRENSL\u0130KTEN SADE VATANDA\u015eLI\u011eA<\/b><\/p>\n<p>\u00d6nce &#8220;Prens&#8221; \u00fcnvan\u0131 elinden al\u0131nan Andrew, anne ve babas\u0131n\u0131n hanedan adlar\u0131n\u0131 soyad\u0131 olarak alarak sade vatanda\u015f Andrew Mountbatten-Windsor oldu. Mountbatten-Windsor&#8217;un Prens olarak sahip oldu\u011fu sanca\u011f\u0131 ise as\u0131l\u0131 oldu\u011fu Windsor Kalesi&#8217;nden indirildi. Hakk\u0131ndaki iddialar\u0131 hi\u00e7bir zaman kabul etmeyen Mountbatten-Windsor, son yay\u0131mlanan belgelerin ard\u0131ndan evini de kaybetti.<\/p>\n<p><b>SARAYDAN \u00c7\u0130FTL\u0130K EV\u0130NE<\/b><\/p>\n<p>Kraliyet Ailesi&#8217;nin ikamet adresi olan Windsor Kalesi i\u00e7inde yer alan Royal Lodge malikanesinden \u00e7\u0131kar\u0131lan Mountbatten-Windsor, Kral Charles&#8217;\u0131n \u015fahsi m\u00fclk\u00fc olan Sandringham Saray\u0131&#8217;na ta\u015f\u0131nd\u0131. Art\u0131k t\u00fcm masraflar\u0131 hazine yerine a\u011fabeyinin cebinden kar\u015f\u0131lanacak Mountbatten-Windsor, Londra&#8217;ya yakla\u015f\u0131k 200 kilometre uzakl\u0131ktaki Sandringham arazisi i\u00e7inde bulunan ancak \u015fu anda tadilatta olan \u00e7iftlik evine ta\u015f\u0131nacak.<\/p>\n<p><b>SARAH FERGUSON DA ETK\u0130LEND\u0130<\/b><\/p>\n<p>Mountbatten-Windsor&#8217;un eski e\u015fi, eski York D\u00fc\u015fesi Sarah Ferguson ise vak\u0131f ve derneklerde bulunan koltuklar\u0131n\u0131 yitirdi. Son yay\u0131mlanan belgelerde Ferguson&#8217;un Epstein&#8217;le 2008 sonras\u0131 g\u00f6r\u00fc\u015fmeye devam etti\u011fi, hatta \u00e7ocuklar\u0131 Prenses Eugenie ve Beatrice&#8217;i Epstein&#8217;in evine g\u00f6t\u00fcrd\u00fc\u011f\u00fc ortaya \u00e7\u0131kt\u0131. Ferguson, Kraliyet Ailesi \u00fcyesi olarak onursal ba\u015fkan\u0131 say\u0131ld\u0131\u011f\u0131 pek \u00e7ok dernekten uzakla\u015ft\u0131r\u0131l\u0131rken kendi ad\u0131n\u0131 ta\u015f\u0131yan Sarah Vakf\u0131 da kapanma karar\u0131 ald\u0131.<\/p>\n<p><b>NORVE\u00c7&#8217;TE DEPREM ETK\u0130S\u0130<\/b><\/p>\n<p>Belgelerde, Epstein&#8217;in eski k\u0131z arkada\u015f\u0131 ve ABD&#8217;de h\u00fck\u00fcm giymi\u015f su\u00e7 orta\u011f\u0131 Ghislaine Maxwell ile \u00fcnl\u00fc fizik\u00e7i Stephen Hawking gibi ba\u015fka \u0130ngilizlerin de ad\u0131 ge\u00e7iyor. Belgelerde ad\u0131 yer alan Avrupal\u0131lar aras\u0131nda ise eski Fransa K\u00fclt\u00fcr Bakan\u0131 Jack Lang, eski Fransa Maliye Bakan\u0131 ve cumhurba\u015fkan\u0131 aday\u0131 Bruno Le Maire, Norve\u00e7 Veliaht Prensesi Mette-Marit, Danimarka Kral\u0131 Frederik ve \u0130sve\u00e7 Prensesi Sofia gibi isimler bulunuyor.<\/p>\n<p><b>VEL\u0130AHT PRENSES EPSTEIN&#8217;\u0130N EV\u0130NDE KALDI<\/b><\/p>\n<p>Norve\u00e7 Veliaht Prensi Haakon&#8217;un e\u015fi Prenses Mette-Marit gibi \u00fclkenin zirvesindeki bir isim ile eski Ba\u015fbakan Thorbjorn Jagland&#8217;a ait e-postalar\u0131n yer ald\u0131\u011f\u0131 belgeler Norve\u00e7&#8217;te de \u0130ngiltere&#8217;dekine benzer tart\u0131\u015fmalara yol a\u00e7t\u0131. Prenses Mette-Marit&#8217;in Epstein&#8217;le birbirlerine e-posta g\u00f6nderdikleri ve arkada\u015f\u00e7a bir tonla konu\u015ftuklar\u0131, hatta Prenses&#8217;in 2013&#8217;te Epstein&#8217;in evinde birka\u00e7 g\u00fcn kald\u0131\u011f\u0131 ortaya \u00e7\u0131kt\u0131.<\/p>\n<p><b>PRENSESTEN \u00d6Z\u00dcR A\u00c7IKLAMASI<\/b><\/p>\n<p>\u0130f\u015faatlar hakk\u0131nda \u00f6z\u00fcr a\u00e7\u0131klamas\u0131 yapan Prenses, &#8220;Epstein&#8217;le aramda ya\u015fanan baz\u0131 konu\u015fmalar\u0131n i\u00e7eri\u011fi, olmak istedi\u011fim ki\u015fiyi yans\u0131tm\u0131yor. Kraliyet Ailesi&#8217;ni, \u00f6zellikle de Kral ve Krali\u00e7e&#8217;yi bu duruma d\u00fc\u015f\u00fcrd\u00fc\u011f\u00fcm i\u00e7in \u00f6z\u00fcr diliyorum.&#8221; ifadesini kulland\u0131.<\/p>\n<p><b>ESK\u0130 BA\u015eBAKAN HAKKINDA SORU\u015eTURMA<\/b><\/p>\n<p>\u00dclkede 1996-1997&#8217;de ba\u015fbakanl\u0131k, 2009-2019 y\u0131llar\u0131nda da Avrupa Konseyi Genel Sekreterli\u011fi yapan Jagland, Epstein&#8217;e g\u00f6nderdi\u011fi e-posta&#8217;da &#8220;Tiran&#8217;da (Arnavutluk) ola\u011fan\u00fcst\u00fc g\u00fczel k\u0131zlarla birlikteydim. \u00dcrd\u00fcn, Filistin ve \u0130srail&#8217;e gidiyorum. Per\u015fembe g\u00fcn\u00fc d\u00f6nece\u011fim.&#8221; ifadelerini kulland\u0131.<\/p>\n<p>Jagland, bir di\u011fer e-postada ise Epstein&#8217;in adas\u0131n\u0131n foto\u011fraflar\u0131n\u0131 g\u00f6rd\u00fc\u011f\u00fcn\u00fc ve buray\u0131 ziyaret etmekten mutluluk duyaca\u011f\u0131n\u0131 belirterek, &#8220;Bu arada, (e\u015fi) Hanne ve ben, onun 60. do\u011fum g\u00fcn\u00fcn\u00fc kutlamak i\u00e7in iki o\u011flumla Karayipler&#8217;de bir yere gitmeyi konu\u015ftuk (Bildi\u011fin gibi, sadece gen\u00e7 kad\u0131nlarla devam edemem).&#8221; ifadelerine yer verdi.<\/p>\n<p><b>NOBEL KOM\u0130TES\u0130 BA\u015eKANI DA DOSYADA<\/b><\/p>\n<p>Eski ABD Ba\u015fkan\u0131 Barack Obama&#8217;ya Nobel Bar\u0131\u015f \u00d6d\u00fcl\u00fc veren Nobel Komitesi&#8217;nin ba\u015fkanl\u0131\u011f\u0131n\u0131 da yapan Jagland hakk\u0131nda Norve\u00e7&#8217;te soru\u015fturma ba\u015flat\u0131ld\u0131. Jagland, iddialara yan\u0131t vererek, &#8220;Epstein ile ileti\u015fim kurdu\u011fum i\u00e7in pi\u015fman\u0131m. \u015eimdi bildiklerimi o zaman bilseydim asla temas kurmazd\u0131m.&#8221; a\u00e7\u0131klamas\u0131n\u0131 yapt\u0131.<\/p>\n","protected":false},"excerpt":{"rendered":"<p>Jeffrey Epstein belgeleri, \u0130ngiltere ve Norve\u00e7&#8217;te siyasi \u00e7alkant\u0131lara ve istifalara yol a\u00e7t\u0131.<\/p>\n","protected":false},"author":1,"featured_media":75848,"comment_status":"open","ping_status":"open","sticky":false,"template":"","format":"standard","meta":{"footnotes":""},"categories":[9,4,13],"tags":[469,2183,890,3963,2614],"class_list":["post-75847","post","type-post","status-publish","format-standard","has-post-thumbnail","hentry","category-genel","category-gundem","category-son-dakika","tag-bas","tag-epstein","tag-hakkinda","tag-mandelson","tag-prens"],"_links":{"self":[{"href":"https:\/\/bihavadis.com\/index.php\/wp-json\/wp\/v2\/posts\/75847","targetHints":{"allow":["GET"]}}],"collection":[{"href":"https:\/\/bihavadis.com\/index.php\/wp-json\/wp\/v2\/posts"}],"about":[{"href":"https:\/\/bihavadis.com\/index.php\/wp-json\/wp\/v2\/types\/post"}],"author":[{"embeddable":true,"href":"https:\/\/bihavadis.com\/index.php\/wp-json\/wp\/v2\/users\/1"}],"replies":[{"embeddable":true,"href":"https:\/\/bihavadis.com\/index.php\/wp-json\/wp\/v2\/comments?post=75847"}],"version-history":[{"count":1,"href":"https:\/\/bihavadis.com\/index.php\/wp-json\/wp\/v2\/posts\/75847\/revisions"}],"predecessor-version":[{"id":75849,"href":"https:\/\/bihavadis.com\/index.php\/wp-json\/wp\/v2\/posts\/75847\/revisions\/75849"}],"wp:featuredmedia":[{"embeddable":true,"href":"https:\/\/bihavadis.com\/index.php\/wp-json\/wp\/v2\/media\/75848"}],"wp:attachment":[{"href":"https:\/\/bihavadis.com\/index.php\/wp-json\/wp\/v2\/media?parent=75847"}],"wp:term":[{"taxonomy":"category","embeddable":true,"href":"https:\/\/bihavadis.com\/index.php\/wp-json\/wp\/v2\/categories?post=75847"},{"taxonomy":"post_tag","embeddable":true,"href":"https:\/\/bihavadis.com\/index.php\/wp-json\/wp\/v2\/tags?post=75847"}],"curies":[{"name":"wp","href":"https:\/\/api.w.org\/{rel}","templated":true}]}}