{"id":75877,"date":"2026-04-30T06:21:08","date_gmt":"2026-04-30T06:21:08","guid":{"rendered":"https:\/\/bihavadis.com\/?p=75877"},"modified":"2026-04-30T06:21:08","modified_gmt":"2026-04-30T06:21:08","slug":"30-ilcede-kapsamli-temizlik","status":"publish","type":"post","link":"https:\/\/bihavadis.com\/index.php\/2026\/04\/30\/30-ilcede-kapsamli-temizlik\/","title":{"rendered":"30 il\u00e7ede kapsaml\u0131 temizlik"},"content":{"rendered":"<p>\u0130zmir B\u00fcy\u00fck\u015fehir Belediyesi, Ramazan Bayram\u0131 \u00f6ncesinde kent genelindeki mezarl\u0131klarda bak\u0131m ve temizlik \u00e7al\u0131\u015fmalar\u0131n\u0131 h\u0131zland\u0131rd\u0131. 30 il\u00e7ede bulunan toplam 2 bin 500 parselde y\u00fcr\u00fct\u00fclecek \u00e7al\u0131\u015fmalar Gaziemir\u2019den ba\u015flat\u0131ld\u0131.<\/p>\n<p>\u0130zmir B\u00fcy\u00fck\u015fehir Belediye Mezarl\u0131klar Dairesi Ba\u015fkanl\u0131\u011f\u0131, Ramazan Bayram\u0131\u2019na say\u0131l\u0131 g\u00fcnler kala toplu mezarl\u0131k temizli\u011fini Gaziemir\u2019den ba\u015flatt\u0131. \u0130l\u00e7e belediyesi ekiplerinin de destek verdi\u011fi \u00e7al\u0131\u015fmalar kapsam\u0131nda bak\u0131m, temizlik, ila\u00e7lama \u00e7al\u0131\u015fmas\u0131 yap\u0131ld\u0131. Zararl\u0131 b\u00f6ceklere kar\u015f\u0131 a\u011fa\u00e7lar kire\u00e7lendi.<\/p>\n<p>Mezarl\u0131klar Dairesi Ba\u015fkan\u0131 Ali Kemal Elita\u015f, yurtta\u015flar\u0131n Ramazan Bayram\u0131\u2019n\u0131 sa\u011fl\u0131kl\u0131 ve huzurlu bir \u015fekilde ge\u00e7irebilmesi i\u00e7in \u00e7al\u0131\u015fmalar\u0131n il\u00e7e belediyeleriyle dayan\u0131\u015fma i\u00e7inde y\u00fcr\u00fct\u00fcld\u00fc\u011f\u00fcn\u00fc belirtti. Elita\u015f, yap\u0131lan \u00e7al\u0131\u015fmalara ili\u015fkin \u015fu bilgileri payla\u015ft\u0131: \u201cMezarl\u0131klar\u0131m\u0131zda bak\u0131m ve temizlik \u00e7al\u0131\u015fmalar\u0131n\u0131n yan\u0131 s\u0131ra ila\u00e7lama, ot bi\u00e7me, mezar aralar\u0131nda biriken molozlar\u0131n temizlenmesi ve a\u011fa\u00e7lar\u0131n budanmas\u0131 gibi \u00e7al\u0131\u015fmalar ger\u00e7ekle\u015ftiriyoruz. K\u0131\u015f ay\u0131ndan \u00e7\u0131kt\u0131k. A\u015f\u0131r\u0131 ya\u011f\u0131\u015f ve f\u0131rt\u0131na nedeniyle devrilen a\u011fa\u00e7lar\u0131m\u0131z, zarar g\u00f6ren mezarlar\u0131m\u0131z var. Yo\u011fun ya\u011f\u0131\u015flar nedeniyle baz\u0131 mezarlarda \u00e7\u00f6kmeler de olu\u015fabiliyor. Vatanda\u015flar\u0131m\u0131z\u0131n da katk\u0131s\u0131yla mezarlardaki topraklar\u0131n tamamlanmas\u0131 dahil olmak \u00fczere t\u00fcm mezarl\u0131klar\u0131m\u0131z\u0131 Ramazan Bayram\u0131\u2019na haz\u0131r hale getiriyoruz.\u201d<\/p>\n<p><strong>Su tasarrufu \u00e7a\u011fr\u0131s\u0131<\/strong><\/p>\n<p>Yurtta\u015flardan baz\u0131 konularda hassasiyet beklediklerini ifade eden Mezarl\u0131klar Dairesi Ba\u015fkan\u0131 Ali Kemal Elita\u015f, \u201cZiyaret\u00e7ilerin mezarl\u0131k ziyaretinin ard\u0131ndan getirdikleri at\u0131klar\u0131 \u00e7\u00f6p konteynerlerine atmalar\u0131n\u0131 rica ediyoruz\u201d dedi. Kurakl\u0131\u011fa da dikkat \u00e7eken Elita\u015f, mezarl\u0131klarda suyun \u00f6l\u00e7\u00fcl\u00fc kullan\u0131lmas\u0131 gerekti\u011fini vurgulayarak tasarruf \u00e7a\u011fr\u0131s\u0131nda bulundu. Elita\u015f, \u201cAyr\u0131ca ara\u00e7lar\u0131n mezarl\u0131k alanlar\u0131nda y\u0131kanmamas\u0131 da \u00f6zellikle rica etti\u011fimiz konular aras\u0131nda. Herkese iyi bayramlar diliyoruz\u201d diye konu\u015ftu.<\/p>\n<p><strong>\u201cSa\u011fl\u0131kl\u0131 ve temiz bir kent i\u00e7in \u00e7al\u0131\u015f\u0131yoruz\u201d<\/strong><\/p>\n<p>Gaziemir Belediye Ba\u015fkan\u0131 \u00dcnal I\u015f\u0131k, her bayram \u00f6ncesinde \u0130zmir B\u00fcy\u00fck\u015fehir Belediyesi ile birlikte kapsaml\u0131 temizlik \u00e7al\u0131\u015fmalar\u0131 y\u00fcr\u00fctt\u00fcklerini belirterek, \u201cAram\u0131zdan ayr\u0131lan kom\u015fular\u0131m\u0131z\u0131n ebedi istirahatg\u00e2hlar\u0131nda huzur i\u00e7inde uyumalar\u0131, ziyarete gelen vatanda\u015flar\u0131m\u0131z\u0131n da ziyaretlerini daha sa\u011fl\u0131kl\u0131 bir ortamda ger\u00e7ekle\u015ftirebilmeleri i\u00e7in \u00e7al\u0131\u015fmalar\u0131m\u0131z\u0131 s\u00fcrd\u00fcr\u00fcyoruz\u201d dedi.<\/p>\n<p>Belediye olarak yurtta\u015flar i\u00e7in \u00e7al\u0131\u015ft\u0131klar\u0131n\u0131 belirten I\u015f\u0131k, \u201c\u0130l\u00e7emizin ve kentimizin daha sa\u011fl\u0131kl\u0131, daha temiz bir yer olmas\u0131 i\u00e7in yo\u011fun mesai harc\u0131yoruz. Hem\u015fehrilerimizden mezarl\u0131k alanlar\u0131nda ara\u00e7 park\u0131na \u00f6zen g\u00f6sterilmesini ve trafi\u011fin aksat\u0131lmamas\u0131n\u0131 istiyoruz. Yurtta\u015flar\u0131m\u0131z\u0131n birbirlerine kar\u015f\u0131 anlay\u0131\u015fl\u0131 ve ho\u015fg\u00f6r\u00fcl\u00fc olmalar\u0131 da son derece \u00f6nemli\u201d diye konu\u015ftu.<\/p>\n<p>\u00a0<\/p>\n<p>\u00a0<\/p>\n<p>Kaynak: (BYZHA) Beyaz Haber Ajans\u0131<\/p>\n","protected":false},"excerpt":{"rendered":"<p>\u0130zmir B\u00fcy\u00fck\u015fehir Belediyesi, Ramazan Bayram\u0131 \u00f6ncesinde kent genelindeki mezarl\u0131klarda bak\u0131m ve temizlik \u00e7al\u0131\u015fmalar\u0131n\u0131 h\u0131zland\u0131rd\u0131. 30 il\u00e7ede bulunan toplam 2 bin 500 parselde y\u00fcr\u00fct\u00fclecek \u00e7al\u0131\u015fmalar Gaziemir\u2019den ba\u015flat\u0131ld\u0131.<\/p>\n","protected":false},"author":1,"featured_media":75878,"comment_status":"open","ping_status":"open","sticky":false,"template":"","format":"standard","meta":{"footnotes":""},"categories":[4],"tags":[698,991,1671,8165,673],"class_list":["post-75877","post","type-post","status-publish","format-standard","has-post-thumbnail","hentry","category-gundem","tag-bayram","tag-calismalar","tag-mezar","tag-mezarliklar","tag-temiz"],"_links":{"self":[{"href":"https:\/\/bihavadis.com\/index.php\/wp-json\/wp\/v2\/posts\/75877","targetHints":{"allow":["GET"]}}],"collection":[{"href":"https:\/\/bihavadis.com\/index.php\/wp-json\/wp\/v2\/posts"}],"about":[{"href":"https:\/\/bihavadis.com\/index.php\/wp-json\/wp\/v2\/types\/post"}],"author":[{"embeddable":true,"href":"https:\/\/bihavadis.com\/index.php\/wp-json\/wp\/v2\/users\/1"}],"replies":[{"embeddable":true,"href":"https:\/\/bihavadis.com\/index.php\/wp-json\/wp\/v2\/comments?post=75877"}],"version-history":[{"count":1,"href":"https:\/\/bihavadis.com\/index.php\/wp-json\/wp\/v2\/posts\/75877\/revisions"}],"predecessor-version":[{"id":75879,"href":"https:\/\/bihavadis.com\/index.php\/wp-json\/wp\/v2\/posts\/75877\/revisions\/75879"}],"wp:featuredmedia":[{"embeddable":true,"href":"https:\/\/bihavadis.com\/index.php\/wp-json\/wp\/v2\/media\/75878"}],"wp:attachment":[{"href":"https:\/\/bihavadis.com\/index.php\/wp-json\/wp\/v2\/media?parent=75877"}],"wp:term":[{"taxonomy":"category","embeddable":true,"href":"https:\/\/bihavadis.com\/index.php\/wp-json\/wp\/v2\/categories?post=75877"},{"taxonomy":"post_tag","embeddable":true,"href":"https:\/\/bihavadis.com\/index.php\/wp-json\/wp\/v2\/tags?post=75877"}],"curies":[{"name":"wp","href":"https:\/\/api.w.org\/{rel}","templated":true}]}}