{"id":75962,"date":"2026-04-30T07:33:07","date_gmt":"2026-04-30T07:33:07","guid":{"rendered":"https:\/\/bihavadis.com\/?p=75962"},"modified":"2026-04-30T07:33:07","modified_gmt":"2026-04-30T07:33:07","slug":"kayik-cekek-yeri-degirmendereye-cok-yakisti","status":"publish","type":"post","link":"https:\/\/bihavadis.com\/index.php\/2026\/04\/30\/kayik-cekek-yeri-degirmendereye-cok-yakisti\/","title":{"rendered":"&#8220;Kay\u0131k \u00c7ekek Yeri&#8221; De\u011firmendere&#8217;ye \u00e7ok yak\u0131\u015ft\u0131"},"content":{"rendered":"<p>Kocaeli B\u00fcy\u00fck\u015fehir Belediyesi, G\u00f6lc\u00fck De\u011firmendere\u2019de bal\u0131k\u00e7\u0131 ve tekne sahiplerinin teknelerini g\u00fcvenle ba\u011flayabilmesi i\u00e7in in\u015fa etti\u011fi \u201cKay\u0131k \u00c7ekek Yeri\u201dni ge\u00e7en yaz hizmete a\u00e7t\u0131. 1.250 metrekarelik alana kurulan ve 134 tekne kapasitesine sahip tesis, k\u00fc\u00e7\u00fck \u00f6l\u00e7ekli bal\u0131k\u00e7\u0131lar ile tekne sahiplerine d\u00fczenli ve g\u00fcvenli bir kullan\u0131m imk\u00e2n\u0131 sunuyor.<\/p>\n<p><b>134 TEKNEYE EV SAH\u0130PL\u0130\u011e\u0130 YAPACAK<\/b><\/p>\n<p>Kocaeli B\u00fcy\u00fck\u015fehir Belediyesi\u2019nin in\u015fa etti\u011fi \u201cDe\u011firmendere Kay\u0131k \u00c7ekek Yeri\u201d ge\u00e7ti\u011fimiz yaz d\u00f6neminde hizmete al\u0131nd\u0131. Sahil boyunca da\u011f\u0131n\u0131k park edilen kay\u0131klar\u0131n olu\u015fturdu\u011fu g\u00f6r\u00fcnt\u00fc kirlili\u011fini ortadan kald\u0131ran proje, sahil \u015feridinde kesintisiz ba\u011flant\u0131 sa\u011flad\u0131. Bu kapsamda vatanda\u015flar, 134 tekne kapasiteli \u00e7ekek yerini hem \u00e7evresel d\u00fczen hem de k\u0131y\u0131 g\u00fcvenli\u011fi a\u00e7\u0131s\u0131ndan \u00f6nemli bir geli\u015fme olarak tan\u0131mlad\u0131.<\/p>\n<p><b>SOSYAL YA\u015eAMA KATKI SA\u011eLIYOR<\/b><\/p>\n<p>Kocaeli B\u00fcy\u00fck\u015fehir Belediyesi\u2019nin \u201cHal\u0131dere Ba\u011flant\u0131 Yolu\u201d, \u201cAquapark\u201d, \u201cAntikkap\u0131\u201d ve \u201cKay\u0131k \u00c7ekek Yeri\u201d gibi projeleri hayata ge\u00e7irmesiyle birlikte, De\u011firmendere ve \u00e7evresinde sosyal ya\u015fam canland\u0131. Yap\u0131lan d\u00fczenlemeler sayesinde vatanda\u015flar, sahil alanlar\u0131n\u0131 \u00e7ok daha aktif ve keyifli bir \u015fekilde kullanabiliyor.<\/p>\n<p><b>16 KAMERAYLA 24 SAAT G\u00dcVENL\u0130K<\/b><\/p>\n<p>Kay\u0131k \u00e7ekek yerinde kurulan ve 24 saat kay\u0131t yapan 16 g\u00fcvenlik kameras\u0131 sayesinde tekne sahipleri kendilerini daha g\u00fcvende hissediyor. Modern altyap\u0131ya sahip alan, hem g\u00fcvenlik hem de d\u00fczen a\u00e7\u0131s\u0131ndan tekne sahiplerine \u00f6nemli bir kolayl\u0131k sa\u011fl\u0131yor.<\/p>\n<p><b>\u201c\u00c7OCUKLAR G\u0130B\u0130 SEVD\u0130ND\u0130K\u201d<\/b><\/p>\n<p>K\u00f6rfez Dostlar\u0131 ve Bal\u0131k\u00e7\u0131lar Dernek Ba\u015fkan\u0131 \u0130brahim Altay, Kay\u0131k \u00c7ekek Yeri\u2019nin kendileri i\u00e7in b\u00fcy\u00fck bir sevin\u00e7 kayna\u011f\u0131 oldu\u011funu s\u00f6yledi. Ge\u00e7mi\u015fte ya\u015fad\u0131klar\u0131 zorluklar\u0131 anlatan Altay, \u201cDaha \u00f6nce teknelerimiz burada da\u011f\u0131n\u0131k bir \u015fekilde duruyordu. Y\u00fczba\u015f\u0131lardan buraya kadar sandallar\u0131m\u0131z hep da\u011f\u0131n\u0131kt\u0131. Toparlamaya \u00e7al\u0131\u015fsak da ancak y\u00fczde 30\u2019unu toparlayabiliyorduk. \u00c7ekek yeri yap\u0131lacak denildi\u011finde ilk ba\u015fta inanamad\u0131k. Sala\u015f bir halimiz vard\u0131; ufac\u0131k bir f\u0131rt\u0131nada teknelerimiz bat\u0131yor, \u00f6n\u00fcne ge\u00e7emiyorduk. Daha sonra teknelerimizi kald\u0131rmam\u0131z istendi\u011finde bir anda \u00e7ocuklar gibi sevindik. \u00c7al\u0131\u015fmalar ba\u015flad\u0131\u011f\u0131nda bile kendimizi r\u00fcyada gibi hissettik. Allah Tahir B\u00fcy\u00fckak\u0131n\u2019dan raz\u0131 olsun. Bu \u00e7ekek yeri, hem bizim i\u015fimizi kolayla\u015ft\u0131rd\u0131 hem de \u00e7evrenin geli\u015fmesine katk\u0131 sa\u011flad\u0131. E\u011fer bu alan yap\u0131lmasayd\u0131 h\u00e2l\u00e2 dalgalarla u\u011fra\u015f\u0131p teknelerimizi kurtarmaya \u00e7al\u0131\u015f\u0131yor olacakt\u0131k; \u015fimdi ise rahat rahat uyuyabiliyoruz\u201d dedi.<\/p>\n<p><b>\u201cB\u00dcY\u00dcKAKIN VE EK\u0130B\u0130NDEN ALLAH RAZI OLSUN\u201d<\/b><\/p>\n<p>Konu\u015fmas\u0131na devam eden Altay, \u201cArt\u0131k b\u00fct\u00fcn teknelerimizin yeri belli. 16 kamerayla 24 saat g\u00fcvenlik sa\u011flan\u0131yor, hi\u00e7bir \u00fcyemizin g\u00f6z\u00fc arkada de\u011fil. Buradan ge\u00e7en vatanda\u015flar da \u2018\u00c7ok g\u00fczel olmu\u015f\u2019 diyerek ge\u00e7iyor. Eskiden buras\u0131 mezbelelikti, \u015fimdi d\u00f6rt d\u00f6rtl\u00fck bir yer haline geldi. Bu projelerin yap\u0131m s\u00fcrecinde Tahir Ba\u015fkan\u2019\u0131n yan\u0131na gittik; \u00e7\u0131kan en ufak aksakl\u0131kta kendisi do\u011frudan m\u00fcdahale ediyor. Kendisi ve ekibinden Allah raz\u0131 olsun\u201d dedi.<\/p>\n<p><b>\u201cYAPILAN \u0130\u015eTEN \u00c7OK MEMNUNUZ\u201d<\/b><\/p>\n<p>Tekne sahiplerinden Metin Alkan ise \u201cYap\u0131lan i\u015ften \u00e7ok memnunuz. Bizler i\u00e7in \u00e7ok iyi oldu, art\u0131k kapal\u0131 ve g\u00fcvenli bir yerimiz var. F\u0131rt\u0131nadan art\u0131k eskisi gibi korkmuyoruz. Bizim i\u00e7in bu 20 senedir yap\u0131lacakt\u0131 ama Tahir Ba\u015fkan\u2019a nasip oldu. Kendisi buran\u0131n insan\u0131. O olmasa zaten yap\u0131lamazd\u0131. Buras\u0131 bizim i\u00e7in b\u00fcy\u00fck bir olay. Anahtarlar bile teknelerin \u00fczerinde duruyor \u00e7\u00fcnk\u00fc art\u0131k g\u00fcvenlikten yana bir s\u0131k\u0131nt\u0131m\u0131z kalmad\u0131. F\u0131rt\u0131na geldi\u011finde b\u00fct\u00fcn tekneler savruluyordu. Dalga k\u0131ran yapmak i\u00e7in de yine ba\u015fkan\u0131m\u0131zdan s\u00f6z ald\u0131k\u201d dedi.<b>\u00a0<\/b><\/p>\n<p><b>\u201cG\u00dcVENL\u0130K BAKIMINDAN DA \u00c7OK RAHATIZ\u201d<\/b><\/p>\n<p>Tekne sahiplerinden Esat Arsun Karakurt da \u201cBuran\u0131n eski halini biliyorum. Teknem 3 kere karaya vurmu\u015ftu ama buras\u0131 bizim i\u00e7in m\u00fckemmel oldu. Ailemle geliyoruz, teknemizle geziyoruz. Bu i\u015f De\u011firmendere i\u00e7in b\u00fcy\u00fck bir art\u0131 oldu. G\u00fcvenlik bak\u0131m\u0131ndan da \u00e7ok rahat\u0131z\u201d ifadelerini kulland\u0131.<\/p>\n<p><b>&#8220;A\u0130LE G\u0130B\u0130 OLDUK&#8221;<\/b><\/p>\n<p>Tekne sahiplerinden Kadri Emre Girit, \u201cMarinada eme\u011fi ge\u00e7en Tahir B\u00fcy\u00fckak\u0131n Ba\u015fkan\u0131m\u0131za, Ali Y\u0131ld\u0131r\u0131m Sezer Ba\u015fkan\u0131m\u0131za \u00e7ok te\u015fekk\u00fcr ediyorum. Eskiden derme \u00e7atma yerlerdeydik \u015fimdi derli toplu duruyoruz. Hepimiz aile olduk, birbirimizi tan\u0131yoruz\u201d diye konu\u015ftu.<\/p>\n<p>\u00a0<\/p>\n<p>Kaynak: (BYZHA) Beyaz Haber Ajans\u0131<\/p>\n","protected":false},"excerpt":{"rendered":"<p>Kocaeli B\u00fcy\u00fck\u015fehir Belediyesi, G\u00f6lc\u00fck De\u011firmendere\u2019de bal\u0131k\u00e7\u0131 ve tekne sahiplerinin teknelerini g\u00fcvenle ba\u011flayabilmesi i\u00e7in in\u015fa etti\u011fi \u201cKay\u0131k \u00c7ekek Yeri\u201dni ge\u00e7en yaz hizmete a\u00e7t\u0131. 1.250 metrekarelik alana kurulan ve 134 tekne kapasitesine sahip tesis, k\u00fc\u00e7\u00fck \u00f6l\u00e7ekli bal\u0131k\u00e7\u0131lar ile tekne sahiplerine d\u00fczenli ve g\u00fcvenli bir kullan\u0131m imk\u00e2n\u0131 sunuyor.<\/p>\n","protected":false},"author":1,"featured_media":75963,"comment_status":"open","ping_status":"open","sticky":false,"template":"","format":"standard","meta":{"footnotes":""},"categories":[4],"tags":[3026,8170,1271,8171,2759],"class_list":["post-75962","post","type-post","status-publish","format-standard","has-post-thumbnail","hentry","category-gundem","tag-arti","tag-cekek-yeri","tag-guvenli","tag-kayik","tag-tekne"],"_links":{"self":[{"href":"https:\/\/bihavadis.com\/index.php\/wp-json\/wp\/v2\/posts\/75962","targetHints":{"allow":["GET"]}}],"collection":[{"href":"https:\/\/bihavadis.com\/index.php\/wp-json\/wp\/v2\/posts"}],"about":[{"href":"https:\/\/bihavadis.com\/index.php\/wp-json\/wp\/v2\/types\/post"}],"author":[{"embeddable":true,"href":"https:\/\/bihavadis.com\/index.php\/wp-json\/wp\/v2\/users\/1"}],"replies":[{"embeddable":true,"href":"https:\/\/bihavadis.com\/index.php\/wp-json\/wp\/v2\/comments?post=75962"}],"version-history":[{"count":1,"href":"https:\/\/bihavadis.com\/index.php\/wp-json\/wp\/v2\/posts\/75962\/revisions"}],"predecessor-version":[{"id":75964,"href":"https:\/\/bihavadis.com\/index.php\/wp-json\/wp\/v2\/posts\/75962\/revisions\/75964"}],"wp:featuredmedia":[{"embeddable":true,"href":"https:\/\/bihavadis.com\/index.php\/wp-json\/wp\/v2\/media\/75963"}],"wp:attachment":[{"href":"https:\/\/bihavadis.com\/index.php\/wp-json\/wp\/v2\/media?parent=75962"}],"wp:term":[{"taxonomy":"category","embeddable":true,"href":"https:\/\/bihavadis.com\/index.php\/wp-json\/wp\/v2\/categories?post=75962"},{"taxonomy":"post_tag","embeddable":true,"href":"https:\/\/bihavadis.com\/index.php\/wp-json\/wp\/v2\/tags?post=75962"}],"curies":[{"name":"wp","href":"https:\/\/api.w.org\/{rel}","templated":true}]}}