{"id":75993,"date":"2026-04-30T07:57:08","date_gmt":"2026-04-30T07:57:08","guid":{"rendered":"https:\/\/bihavadis.com\/?p=75993"},"modified":"2026-04-30T07:57:08","modified_gmt":"2026-04-30T07:57:08","slug":"baskan-ozarslan-dogu-karadenizlilerle-iftar-sofrasinda-bulustu","status":"publish","type":"post","link":"https:\/\/bihavadis.com\/index.php\/2026\/04\/30\/baskan-ozarslan-dogu-karadenizlilerle-iftar-sofrasinda-bulustu\/","title":{"rendered":"Ba\u015fkan \u00d6zarslan Do\u011fu Karadenizlilerle \u0130ftar Sofras\u0131nda Bulu\u015ftu"},"content":{"rendered":"<p><b>Ke\u00e7i\u00f6ren Belediye Ba\u015fkan\u0131 Dr. Mesut \u00d6zarslan<\/b>, Mevlana K\u00fclt\u00fcr Merkezi\u2019nde d\u00fczenlenen iftar program\u0131nda Ankara\u2019da ya\u015fayan Do\u011fu Karadenizlilerle iftar sofras\u0131nda bulu\u015ftu. \u00c7ok say\u0131da vatanda\u015f\u0131n kat\u0131ld\u0131\u011f\u0131 programda birlik ve beraberlik mesaj\u0131 payla\u015f\u0131l\u0131rken;\u00a0Anadolu Ordulular Federasyonu\u00a0taraf\u0131ndan Ba\u015fkan\u00a0Mesut \u00d6zarslan\u2019a,\u00a0Ordu\u00a0ilinin k\u00fclt\u00fcrel de\u011ferlerinin ya\u015fat\u0131lmas\u0131 ve tan\u0131t\u0131lmas\u0131na sundu\u011fu katk\u0131lar ile hem\u015fehrilik ba\u011flar\u0131n\u0131n g\u00fc\u00e7lendirilmesine verdi\u011fi destekler nedeniyle\u00a0<b>Fahri Hem\u015fehrilik Berat\u0131<\/b>\u00a0takdim edildi.<\/p>\n<p>\u0130ftar program\u0131na Ke\u00e7i\u00f6ren Belediye Ba\u015fkan\u0131 Dr. Mesut \u00d6zarslan\u2019\u0131n yan\u0131 s\u0131ra;\u00a0AK Parti Ordu Milletvekili Mustafa Hamarat, Ankara Anadolu Ordulular Federasyonu Genel Ba\u015fkan\u0131 Mehmet Duman, Ankara Rizeliler Federasyonu Genel Ba\u015fkan\u0131 \u0130dris Kans\u0131zo\u011flu, Akku\u015f Esnaf ve Sanatk\u00e2rlar Kredi ve Kefalet Kooperatifi Ba\u015fkan\u0131 Adem Duman, Akku\u015f \u015eof\u00f6rler ve Otomobilciler Odas\u0131 Ba\u015fkan\u0131 Fahri Bak\u0131rc\u0131, AK Parti Ke\u00e7i\u00f6ren B\u00f6lge Ba\u015fkan\u0131 Cengiz Y\u0131lmaz, K\u0131r\u0131kkale \u0130l K\u00fclt\u00fcr ve Turizm M\u00fcd\u00fcr\u00fc Cemal Erge\u00e7 ve Devlet Demiryollar\u0131 Sat\u0131n Alma Daire Ba\u015fkan\u0131 Sava\u015f \u0130nan, STK temsilcileri, muhtarlar, ba\u015fkan yard\u0131mc\u0131lar\u0131, \u00e7ok say\u0131da Do\u011fu Karadenizli kat\u0131ld\u0131.<\/p>\n<p><b>\u201cKe\u00e7i\u00f6ren\u2019imizde herkese sahip \u00e7\u0131k\u0131yoruz\u201d<\/b><\/p>\n<p><b>Ke\u00e7i\u00f6ren Belediye Ba\u015fkan\u0131 Dr. Mesut \u00d6zarslan<\/b>,\u00a0konu\u015fmas\u0131nda Ke\u00e7i\u00f6ren\u2019de herkese e\u015fit hizmet sunman\u0131n gayretinde olduklar\u0131n\u0131 belirterek \u015fu mesajlar\u0131 payla\u015ft\u0131: \u201cKaradenizli hem\u015ferilerimizle birlikte bu m\u00fcbarek iftar sofralar\u0131n\u0131 beraber payla\u015f\u0131yoruz. Biz sizlere s\u00f6z vermi\u015ftik. Dedik ki; bizim b\u00f6lgemizde kimse yata\u011fa a\u00e7 olarak, \u00fc\u015f\u00fcyerek ve titreyerek girmeyecek. Evlad\u0131 kalkt\u0131\u011f\u0131nda okuluna veremiyor ise onu okuluna verdirece\u011fiz. Ya\u015fl\u0131s\u0131na, engellisine bakaca\u011f\u0131z dedik. \u015e\u00fck\u00fcrler olsun geldi\u011fimiz g\u00fcnden beri hi\u00e7bir parti ayr\u0131m\u0131 yapmadan, bize oy verip vermediklerine asla ve katiyen bakmadan Ke\u00e7i\u00f6ren\u2019de ya\u015fayan t\u00fcm Ordulular\u0131n, Trabzonlular\u0131n ve Karadenizlilerin herkesin hizmetk\u00e2r\u0131 olduk. \u00d6yle de devam edece\u011fiz. Ke\u00e7i\u00f6ren\u2019imizde herkese sahip \u00e7\u0131k\u0131yoruz ama bu aziz vatan co\u011frafyas\u0131 bizim i\u00e7in daha kutsald\u0131r, daha \u00f6nemlidir. Gelecek nesillere b\u0131rakaca\u011f\u0131m\u0131z vatan co\u011frafyas\u0131, \u015fanl\u0131 T\u00fcrk bayra\u011f\u0131m\u0131z her \u015feyden daha \u00fcsttedir. Bunun \u015fan\u0131 ve \u015ferefiyle ya\u015fad\u0131k ve ya\u015famaya devam edece\u011fiz. Kadir Gecesi\u2019ni hep birlikte idrak edece\u011fiz. Geceniz m\u00fcbarek olsun. \u00d6n\u00fcm\u00fcz bayram, hepinizin bayram\u0131 m\u00fcbarek olsun. Ne mutlu T\u00fcrk\u2019\u00fcm diyene.\u201d<\/p>\n<p><b>\u201cBelediye Ba\u015fkan\u0131m\u0131z\u0131 tebrik ediyorum\u201d<\/b><\/p>\n<p><b>AK Parti Ordu Milletvekili Mustafa Hamarat<\/b>, ramazan ay\u0131n\u0131n bayram havas\u0131nda ge\u00e7ti\u011fini vurgulayarak \u015funlar\u0131 dile getirdi: \u201cRamazanlar\u0131m\u0131z \u00e7ok k\u0131ymetli bir iklim olu\u015fturuyor. A\u00e7\u0131n h\u00e2lini anlar oluyoruz, dertlinin derdini anlar oluyoruz. Ak\u015fam sofralarda da bulu\u015fup birbirimizle h\u00e2lle\u015fmi\u015f oluyoruz. Ben her \u015feyden \u00f6nce ba\u015fta Belediye Ba\u015fkan\u0131m\u0131z, federasyon ba\u015fkanlar\u0131m\u0131z ve y\u00f6netim kurulu \u00fcyelerini tebrik ediyorum. Emek veren herkese tekrar te\u015fekk\u00fcr ediyorum. Kadir Gecenizi \u015fimdiden kutluyorum. Bayram\u0131n\u0131z\u0131 \u015fimdiden tebrik ediyorum.\u201d<\/p>\n<p><b>\u201cRabbim birli\u011fimizi beraberli\u011fimizi daim eylesin\u201d<\/b><\/p>\n<p><b>AK Parti Ke\u00e7i\u00f6ren B\u00f6lge Ba\u015fkan\u0131 Cengiz Y\u0131lmaz,\u00a0<\/b>yapt\u0131\u011f\u0131 konu\u015fmada<b>\u00a0<\/b>\u201cRabbim birli\u011fimizi beraberli\u011fimizi daim eylesin. Bir hafta sonra kutlayaca\u011f\u0131m\u0131z Ramazan Bayram\u0131n\u0131z \u015fimdiden hay\u0131rl\u0131 u\u011furlu olsun.\u201d diye konu\u015ftu.<\/p>\n<p><b>\u201cOrdu\u2019ya sahip \u00e7\u0131kan Mesut Ba\u015fkan\u0131m\u0131z var\u201d<\/b><\/p>\n<p><b>Ankara Anadolu Ordulular Federasyonu Genel Ba\u015fkan\u0131 Mehmet Duman<\/b>\u00a0hizmetlerinden dolay\u0131 Ke\u00e7i\u00f6ren Belediye Ba\u015fkan\u0131 Dr. Mesut \u00d6zarslan\u2019a te\u015fekk\u00fcr ederek \u015funlar\u0131 s\u00f6yledi: \u201cOrdulular bug\u00fcn co\u015fkulu bir \u015fekilde Ke\u00e7i\u00f6ren Belediye Ba\u015fkan\u0131m\u0131z Dr. Mesut \u00d6zaslan&#8217;\u0131n ev sahipli\u011finde iftar yap\u0131yoruz. G\u00f6nl\u00fcm\u00fcz, kalbimiz Ordu&#8217;da; mavi ile ye\u015filin kesi\u015fti\u011fi yerde. Ama unutmayal\u0131m doydu\u011fumuz yer Ke\u00e7i\u00f6ren. Onun i\u00e7in biz burada sahipsiz de\u011filiz. Hani bir s\u00f6z vard\u0131r ya Anadolu&#8217;da, \u2018Ordulunun Orduludan ba\u015fka sahibi yoktur\u2019 diye. Art\u0131k Orduluya sahip \u00e7\u0131kan bir ba\u015fkan\u0131m\u0131z var. O da Mesut \u00d6zarslan Ba\u015fkan\u0131m\u0131z. Ne zaman yan\u0131na gitsek, ne zaman \u015fahsi telefonunu \u00e7evirsek, ne zaman Ordu g\u00fcnlerimiz var desek hep destek verdi. Halk ile g\u00f6n\u00fcl ba\u011f\u0131 olan Mesut Ba\u015fkan\u0131ma te\u015fekk\u00fcr etmek istiyorum.\u201d<\/p>\n<p><b>\u201cBa\u015fkan\u0131m\u0131za destekleri i\u00e7in te\u015fekk\u00fcr ediyorum\u201d<\/b><\/p>\n<p><b>Ankara Rizeliler Federasyonu Genel Ba\u015fkan\u0131 \u0130dris Kans\u0131zo\u011flu\u00a0<\/b>ise<b>\u00a0<\/b>\u201cRizeliler Federasyonu olarak, Say\u0131n Ba\u015fkan\u0131m\u0131za, bizleri burada a\u011f\u0131rlad\u0131\u011f\u0131 i\u00e7in, Ke\u00e7i\u00f6ren&#8217;de \u00e7ok iyi hizmetler verdi\u011fi i\u00e7in te\u015fekk\u00fcr ediyorum. Hay\u0131rl\u0131 ramazanlar diliyorum.\u201d dedi.\u00a0\u00a0<\/p>\n<p>\u00a0<\/p>\n<p>\u00a0<\/p>\n<p>Kaynak: (BYZHA) Beyaz Haber Ajans\u0131<\/p>\n","protected":false},"excerpt":{"rendered":"<p>Ke\u00e7i\u00f6ren Belediye Ba\u015fkan\u0131 Dr. Mesut \u00d6zarslan, Mevlana K\u00fclt\u00fcr Merkezi\u2019nde d\u00fczenlenen iftar program\u0131nda Ankara\u2019da ya\u015fayan Do\u011fu Karadenizlilerle iftar sofras\u0131nda bulu\u015ftu.<\/p>\n","protected":false},"author":1,"featured_media":75994,"comment_status":"open","ping_status":"open","sticky":false,"template":"","format":"standard","meta":{"footnotes":""},"categories":[4],"tags":[986,5022,4614,1871,4440],"class_list":["post-75993","post","type-post","status-publish","format-standard","has-post-thumbnail","hentry","category-gundem","tag-baskani","tag-federasyonu","tag-kecioren","tag-ordu","tag-ozarslan"],"_links":{"self":[{"href":"https:\/\/bihavadis.com\/index.php\/wp-json\/wp\/v2\/posts\/75993","targetHints":{"allow":["GET"]}}],"collection":[{"href":"https:\/\/bihavadis.com\/index.php\/wp-json\/wp\/v2\/posts"}],"about":[{"href":"https:\/\/bihavadis.com\/index.php\/wp-json\/wp\/v2\/types\/post"}],"author":[{"embeddable":true,"href":"https:\/\/bihavadis.com\/index.php\/wp-json\/wp\/v2\/users\/1"}],"replies":[{"embeddable":true,"href":"https:\/\/bihavadis.com\/index.php\/wp-json\/wp\/v2\/comments?post=75993"}],"version-history":[{"count":1,"href":"https:\/\/bihavadis.com\/index.php\/wp-json\/wp\/v2\/posts\/75993\/revisions"}],"predecessor-version":[{"id":75995,"href":"https:\/\/bihavadis.com\/index.php\/wp-json\/wp\/v2\/posts\/75993\/revisions\/75995"}],"wp:featuredmedia":[{"embeddable":true,"href":"https:\/\/bihavadis.com\/index.php\/wp-json\/wp\/v2\/media\/75994"}],"wp:attachment":[{"href":"https:\/\/bihavadis.com\/index.php\/wp-json\/wp\/v2\/media?parent=75993"}],"wp:term":[{"taxonomy":"category","embeddable":true,"href":"https:\/\/bihavadis.com\/index.php\/wp-json\/wp\/v2\/categories?post=75993"},{"taxonomy":"post_tag","embeddable":true,"href":"https:\/\/bihavadis.com\/index.php\/wp-json\/wp\/v2\/tags?post=75993"}],"curies":[{"name":"wp","href":"https:\/\/api.w.org\/{rel}","templated":true}]}}