{"id":75996,"date":"2026-04-30T08:03:10","date_gmt":"2026-04-30T08:03:10","guid":{"rendered":"https:\/\/bihavadis.com\/?p=75996"},"modified":"2026-04-30T08:03:10","modified_gmt":"2026-04-30T08:03:10","slug":"abdulkadir-uraloglu-turkiyede-bir-ay-sonra-5gli-hayat-baslayacak","status":"publish","type":"post","link":"https:\/\/bihavadis.com\/index.php\/2026\/04\/30\/abdulkadir-uraloglu-turkiyede-bir-ay-sonra-5gli-hayat-baslayacak\/","title":{"rendered":"Abdulkadir Uralo\u011flu: T\u00fcrkiye&#8217;de bir ay sonra &#8216;5G&#8217;li hayat&#8217; ba\u015flayacak"},"content":{"rendered":"<p>Ula\u015ft\u0131rma ve Altyap\u0131 Bakan\u0131 Abdulkadir Uralo\u011flu, saniyede 20 gigabit veri aktar\u0131m h\u0131z\u0131 sunacak 5G teknolojisine ge\u00e7i\u015f i\u00e7in 1 ay gibi k\u0131sa bir s\u00fcrenin kald\u0131\u011f\u0131n\u0131 s\u00f6yledi.<\/p>\n<p>Bakan Uralo\u011flu, 5G mobil haberle\u015fme altyap\u0131s\u0131n\u0131n yerli ve milli imkanlarla kurulmas\u0131 i\u00e7in 5 Ocak 2023&#8217;te AR-GE destek \u00e7a\u011fr\u0131s\u0131na \u00e7\u0131k\u0131ld\u0131\u011f\u0131n\u0131 an\u0131msatt\u0131.<\/p>\n<p><strong>&#8220;F\u0130RMALARA \u00d6DENEN TOPLAM DESTEK 162,1 M\u0130LYON TL&#8217;YE ULA\u015eTI&#8221;<\/strong><\/p>\n<p>Uralo\u011flu, \u015fu a\u00e7\u0131klamalar\u0131 yapt\u0131:<\/p>\n<p>Ba\u015fvurusu uygun bulunan 14 firma ile 1 Ekim 2023&#8217;te s\u00f6zle\u015fme imzalanarak AR-GE destek s\u00fcre\u00e7leri ba\u015flat\u0131ld\u0131.<\/p>\n<p>2025 y\u0131l\u0131 i\u00e7inde firmalara \u00f6denen toplam AR-GE destek tutar\u0131 39 milyon 774 bin 328 lira oldu.<\/p>\n<p>Bu \u00f6demeyle \u00e7a\u011fr\u0131 kapsam\u0131nda firmalara \u00f6denen toplam destek miktar\u0131 162 milyon 135 bin 610 liraya ula\u015ft\u0131.<\/p>\n<p>\u00c7a\u011fr\u0131 kapsam\u0131nda AR-GE deste\u011fi alan projelerden 8&#8217;inin proje \u00e7al\u0131\u015fmalar\u0131 tamamland\u0131, kalan 6 projeye y\u00f6nelik destek program\u0131 ve izleme faaliyetleri devam ediyor.<\/p>\n<p>Kalan projelerin bu y\u0131l sonland\u0131r\u0131lmas\u0131 hedefleniyor.<\/p>\n<p>Uralo\u011flu, 16 Ekim 2025&#8217;te ger\u00e7ekle\u015ftirilen 5G yetkilendirme ihalesiyle haberle\u015fme alan\u0131nda yeni bir \u00e7a\u011f\u0131n kap\u0131s\u0131n\u0131 aralad\u0131klar\u0131na dikkati \u00e7ekerek, 3 milyar 534 milyon dolar gelir elde ederek stratejik d\u00f6n\u00fc\u015f\u00fcm\u00fcn mali ve kurumsal zeminini de sa\u011flam bi\u00e7imde olu\u015fturduklar\u0131n\u0131 dile getirdi.<\/p>\n<p><img decoding=\"async\" src=\"https:\/\/bihavadis.com\/wp-content\/uploads\/2026\/04\/abdulkadir-uraloglu-turkiyede-bir-ay-sonra-5gli-hayat-baslayacak-0-LmdbsPCi.jpg\"\/><\/p>\n<p><strong>&#8220;\u0130K\u0130 YIL \u0130\u00c7\u0130NDE HER NOKTADA 5G KULLANILAB\u0130LECEK&#8221;<\/strong><\/p>\n<p>T\u00fcrkiye&#8217;nin 5G ge\u00e7i\u015f s\u00fcrecine ili\u015fkin bilgi veren Uralo\u011flu, \u015f\u00f6yle devam etti:\u00fc<\/p>\n<p>Operat\u00f6rlerimiz 5G&#8217;nin kullan\u0131ma al\u0131nmas\u0131 i\u00e7in \u00e7al\u0131\u015fmalar\u0131na devam ediyor. 2 Ocak&#8217;ta i\u015fletmecilerin hak ve y\u00fck\u00fcml\u00fcl\u00fcklerini belirleyen yetki belgelerini verdik.<\/p>\n<p>1 Nisan itibar\u0131yla \u00fclke genelinde 81 il merkezimizde 5G&#8217;yi vatanda\u015flar\u0131n hizmetine sunaca\u011f\u0131z. T\u00fcrkiye&#8217;de 5G&#8217;li hayat bir ay sonra ba\u015flayacak.<\/p>\n<p>5G hizmetlerini 2 y\u0131l i\u00e7inde de T\u00fcrkiye&#8217;nin her noktas\u0131nda vatanda\u015f\u0131m\u0131za ula\u015f\u0131r hale getirece\u011fiz.<\/p>\n<p>Uralo\u011flu, \u00fc\u00e7 b\u00fcy\u00fck operat\u00f6r Turkcell, T\u00fcrk Telekom ve Vodafone&#8217;un 5G frekans paketlerini alarak a\u011flar\u0131n\u0131 bu teknolojiyi destekleyecek \u015fekilde haz\u0131rlamaya devam etti\u011fini belirterek, baz istasyonlar\u0131 ve altyap\u0131 ekipmanlar\u0131n\u0131n bu teknolojiye uygun hale getirilmesi i\u00e7in \u00e7al\u0131\u015fmalar\u0131n s\u00fcrd\u00fc\u011f\u00fcn\u00fc anlatt\u0131.<\/p>\n<p><strong>&#8220;GEC\u0130KME S\u00dcRES\u0130 C\u0130DD\u0130 \u015eEK\u0130LDE D\u00dc\u015eECEK&#8221;<\/strong><\/p>\n<p>5G&#8217;nin sa\u011flayaca\u011f\u0131 faydalara de\u011finen Uralo\u011flu, \u015fu de\u011ferlendirmede bulundu:<\/p>\n<p>H\u0131z ve performans artacak. Mobil internet h\u0131zlar\u0131 ve veri aktar\u0131m\u0131 mevcut 4,5G&#8217;ye g\u00f6re \u00e7ok daha y\u00fcksek olacak.<\/p>\n<p>5G ile gecikme s\u00fcresi ciddi \u015fekilde d\u00fc\u015fecek. Bu da uzaktan ameliyatlarda, otonom ara\u00e7larda, ger\u00e7ek zamanl\u0131 uygulamalarda ve sanal ger\u00e7eklik gibi alanlarda avantaj sa\u011flayacak.<\/p>\n<p>Ayn\u0131 anda \u00e7ok daha fazla cihaz ba\u011flant\u0131s\u0131 desteklenecek. 5G sekt\u00f6rel d\u00f6n\u00fc\u015f\u00fcm\u00fc de getirecek. Bu kapsamda sa\u011fl\u0131k, e\u011fitim, lojistik ve \u00fcretim gibi alanlarda 5G&#8217;nin etkisi b\u00fcy\u00fck olacak.<\/p>\n<p>Uralo\u011flu, 5G&#8217;ye ge\u00e7i\u015fte yerli ve milli teknolojilere \u00f6ncelik verdiklerini belirterek, bu alanda \u00f6zellikle altyap\u0131da d\u0131\u015fa ba\u011f\u0131ml\u0131l\u0131\u011f\u0131 azaltmay\u0131 ve yerli \u00fcr\u00fcnlerle ilerlemeyi hedeflediklerini ifade etti.<\/p>\n<p><img decoding=\"async\" src=\"https:\/\/bihavadis.com\/wp-content\/uploads\/2026\/04\/abdulkadir-uraloglu-turkiyede-bir-ay-sonra-5gli-hayat-baslayacak-1-t2LDYedC.jpg\"\/><\/p>\n<p><strong>&#8220;ALTYAPIDA YERL\u0130 VE M\u0130LL\u0130 \u00dcR\u00dcN DESTEKLENECEK&#8221;<\/strong><\/p>\n<p>T\u00fcrkiye&#8217;de 5G teknolojisine ge\u00e7i\u015fle \u00f6zellikle ileti\u015fim teknolojilerinde b\u00fcy\u00fck bir d\u00f6n\u00fc\u015f\u00fcm ya\u015fanaca\u011f\u0131n\u0131 vurgulayan Uralo\u011flu, \u015funlar\u0131 kaydetti:<\/p>\n<p><em><b>&#8220;Altyap\u0131da yerli ve milli \u00fcr\u00fcn desteklenecek. Elektronik haberle\u015fme sekt\u00f6r\u00fcnde yap\u0131lacak yetkilendirmelerde, yerli katma de\u011feri y\u00fckseltecek \u015fekilde yerlilik oran\u0131 kriterleri belirlenecek ve i\u015fletmecilerin altyap\u0131lar\u0131ndaki teknoloji bazl\u0131 yerlilik oranlar\u0131 d\u00fczenli olarak izlenecek.<\/b><\/em><\/p>\n<p><em><b>5G yetkilendirmeleri kapsam\u0131nda, ilk y\u0131l i\u00e7in y\u00fczde 50 oran\u0131nda yerli mal\u0131 belgeli \u00fcr\u00fcn kullan\u0131m\u0131 ve en az y\u00fczde 5 oran\u0131nda milli haberle\u015fme \u00fcr\u00fcn\u00fc kullan\u0131m zorunlulu\u011fu getirilecek.&#8221;<\/b><\/em><\/p>\n<p><strong>&#8220;5G MOB\u0130L \u0130LET\u0130\u015e\u0130M HIZINIZ 10 KAT ARTIRACAK&#8221;<\/strong><\/p>\n<p>Takip eden y\u0131llarda ise yerli mal\u0131 belgeli \u00fcr\u00fcn oran\u0131 kademeli olarak art\u0131r\u0131larak y\u00fczde 60 seviyesine \u00e7\u0131kar\u0131lacak.<\/p>\n<p>4,5G uygulamas\u0131nda bu y\u00fck\u00fcml\u00fcl\u00fck ba\u015flang\u0131\u00e7ta y\u00fczde 30 olarak uygulanm\u0131\u015f, sonras\u0131nda y\u00fczde 45&#8217;e y\u00fckseltilmi\u015fti.<\/p>\n<p>Bu \u00e7er\u00e7evede 5G, mobil ileti\u015fim h\u0131z\u0131n\u0131 10 kat art\u0131rmas\u0131n\u0131n yan\u0131 s\u0131ra yerli \u00fcr\u00fcn kullan\u0131m oran\u0131ndaki daha y\u00fcksek hedefleriyle 4,5G&#8217;ye g\u00f6re \u00f6nemli bir avantaj sunacak.<\/p>\n<p><img decoding=\"async\" src=\"https:\/\/bihavadis.com\/wp-content\/uploads\/2026\/04\/abdulkadir-uraloglu-turkiyede-bir-ay-sonra-5gli-hayat-baslayacak-2-1SyeiJdu.jpg\"\/> <\/p>\n<div> <span><strong>Kaynak:<\/strong> Anadolu Ajans\u0131 (AA)<\/span> <\/div>\n","protected":false},"excerpt":{"rendered":"<p>Ula\u015ft\u0131rma ve Altyap\u0131 Bakan\u0131 Abdulkadir Uralo\u011flu, saniyede 20 gigabit veri aktar\u0131m h\u0131z\u0131 sunacak 5G teknolojisine ge\u00e7i\u015f i\u00e7in 1 ay gibi k\u0131sa bir s\u00fcrenin kald\u0131\u011f\u0131n\u0131 s\u00f6yledi. Bakan Uralo\u011flu, 5G mobil haberle\u015fme altyap\u0131s\u0131n\u0131n yerli ve milli imkanlarla &#8230;<\/p>\n","protected":false},"author":1,"featured_media":75997,"comment_status":"open","ping_status":"open","sticky":false,"template":"","format":"standard","meta":{"footnotes":""},"categories":[16],"tags":[498,191,267,460,2985],"class_list":["post-75996","post","type-post","status-publish","format-standard","has-post-thumbnail","hentry","category-teknoloji","tag-destek","tag-teknoloji","tag-uraloglu","tag-urun","tag-yerli"],"_links":{"self":[{"href":"https:\/\/bihavadis.com\/index.php\/wp-json\/wp\/v2\/posts\/75996","targetHints":{"allow":["GET"]}}],"collection":[{"href":"https:\/\/bihavadis.com\/index.php\/wp-json\/wp\/v2\/posts"}],"about":[{"href":"https:\/\/bihavadis.com\/index.php\/wp-json\/wp\/v2\/types\/post"}],"author":[{"embeddable":true,"href":"https:\/\/bihavadis.com\/index.php\/wp-json\/wp\/v2\/users\/1"}],"replies":[{"embeddable":true,"href":"https:\/\/bihavadis.com\/index.php\/wp-json\/wp\/v2\/comments?post=75996"}],"version-history":[{"count":1,"href":"https:\/\/bihavadis.com\/index.php\/wp-json\/wp\/v2\/posts\/75996\/revisions"}],"predecessor-version":[{"id":76001,"href":"https:\/\/bihavadis.com\/index.php\/wp-json\/wp\/v2\/posts\/75996\/revisions\/76001"}],"wp:featuredmedia":[{"embeddable":true,"href":"https:\/\/bihavadis.com\/index.php\/wp-json\/wp\/v2\/media\/75997"}],"wp:attachment":[{"href":"https:\/\/bihavadis.com\/index.php\/wp-json\/wp\/v2\/media?parent=75996"}],"wp:term":[{"taxonomy":"category","embeddable":true,"href":"https:\/\/bihavadis.com\/index.php\/wp-json\/wp\/v2\/categories?post=75996"},{"taxonomy":"post_tag","embeddable":true,"href":"https:\/\/bihavadis.com\/index.php\/wp-json\/wp\/v2\/tags?post=75996"}],"curies":[{"name":"wp","href":"https:\/\/api.w.org\/{rel}","templated":true}]}}