{"id":7606,"date":"2026-01-31T06:51:04","date_gmt":"2026-01-31T06:51:04","guid":{"rendered":"https:\/\/bihavadis.com\/?p=7606"},"modified":"2026-01-31T06:51:04","modified_gmt":"2026-01-31T06:51:04","slug":"buyukakin-gecmisle-bagimizi-hicbir-zaman-koparmayacagiz","status":"publish","type":"post","link":"https:\/\/bihavadis.com\/index.php\/2026\/01\/31\/buyukakin-gecmisle-bagimizi-hicbir-zaman-koparmayacagiz\/","title":{"rendered":"B\u00fcy\u00fckak\u0131n: Ge\u00e7mi\u015fle ba\u011f\u0131m\u0131z\u0131 hi\u00e7bir zaman koparmayaca\u011f\u0131z"},"content":{"rendered":"<p>T\u00fcrkiye\u2013Yunanistan N\u00fcfus M\u00fcbadelesi\u2019nin toplumsal haf\u0131zada canl\u0131 tutulmas\u0131 amac\u0131yla hayata ge\u00e7irilen M\u00fcbadele An\u0131t\u0131, Ba\u015fiskele Yenik\u00f6y\u2019de a\u00e7\u0131ld\u0131. \u201cMilletler ge\u00e7mi\u015fleriyle ba\u011flar\u0131n\u0131 kopart\u0131rlarsa haf\u0131za kayb\u0131 ya\u015farlar\u201d diyen Ba\u015fkan B\u00fcy\u00fckak\u0131n, bu ba\u011f\u0131n kopmamas\u0131 i\u00e7in her t\u00fcrl\u00fc m\u00fccadeleyi vereceklerini vurgulad\u0131.<\/p>\n<p><b>TAR\u0130H KOCAEL\u0130\u2019DE YA\u015eATILIYOR<\/b><\/p>\n<p>Kocaeli B\u00fcy\u00fck\u015fehir Belediyesi, T\u00fcrkiye\u2013Yunanistan N\u00fcfus M\u00fcbadelesi\u2019nin toplumsal haf\u0131zada canl\u0131 tutulmas\u0131 ve gelecek ku\u015faklara aktar\u0131lmas\u0131 amac\u0131yla \u00f6nemli bir \u00e7al\u0131\u015fmaya imza att\u0131. Bat\u0131 Trakya T\u00fcrkleri Dayan\u0131\u015fma Derne\u011fi\u2019nin talebi do\u011frultusunda, Ba\u015fiskele Yenik\u00f6y Bayrak Meydan\u0131\u2019nda \u201cM\u00fcbadele An\u0131t\u0131\u201d hayata ge\u00e7irildi. Hem an\u0131t\u0131n tan\u0131t\u0131m\u0131 hem de m\u00fcbadelenin y\u0131l d\u00f6n\u00fcm\u00fc dolay\u0131s\u0131yla s\u00f6z konusu meydanda bir t\u00f6ren d\u00fczenlendi.<\/p>\n<p><b>YO\u011eUN KATILIM SA\u011eLANDI<\/b><\/p>\n<p>T\u00f6rene Kocaeli B\u00fcy\u00fck\u015fehir Belediye Ba\u015fkan\u0131 Tahir B\u00fcy\u00fckak\u0131n, Ba\u015fiskele Belediye Ba\u015fkan\u0131 Yasin \u00d6zl\u00fc, AK Parti Ba\u015fiskele \u0130l\u00e7e Ba\u015fkan\u0131 Mehmet Ba\u015fyi\u011fit, Bat\u0131 Trakya T\u00fcrkleri Dayan\u0131\u015fma Derne\u011fi \u0130zmit \u015eube Ba\u015fkan\u0131 Y\u00fcksel \u00d6zt\u00fcrk, Ba\u015fiskele Balkan Bat\u0131 Trakya \u0130lleri Rumeli T\u00fcrkleri Derne\u011fi Ba\u015fkan\u0131 Ra\u015fit \u0130lhan, sivil toplum kurulu\u015flar\u0131n\u0131n temsilcileri, muhtarlar ve \u00e7ok say\u0131da vatanda\u015f kat\u0131ld\u0131.<\/p>\n<p><b>TOPLUMSAL HAFIZAYA VURGU<\/b><\/p>\n<p>Yenik\u00f6y Camii Merkez Camii \u0130mam\u0131 Numan Ayaz\u2019\u0131n okudu\u011fu Kur\u2019an-\u0131 Kerim tilaveti ile ba\u015flayan t\u00f6rende konu\u015fan Ba\u015fkan B\u00fcy\u00fckak\u0131n, M\u00fcbadele An\u0131t\u0131\u2019n\u0131n ta\u015f\u0131d\u0131\u011f\u0131 anlam ve toplumsal haf\u0131zadaki \u00f6nemine dikkat \u00e7ekerek, \u201c\u0130nsanlar ge\u00e7mi\u015fle ba\u011flant\u0131lar\u0131n\u0131 haf\u0131zalar\u0131 \u00fczerine kurarlar. Milletlerin de haf\u0131zas\u0131 vard\u0131r. Milletler ge\u00e7mi\u015fleriyle ba\u011flant\u0131lar\u0131n\u0131 kopart\u0131rsa haf\u0131za kayb\u0131 ya\u015farlar. Nereden geldiklerini, nereye gittiklerini, ama\u00e7lar\u0131n\u0131n ne oldu\u011funu, kim olduklar\u0131n\u0131, her \u015feylerini kaybederler. K\u00fclt\u00fcrlerinden kopanlar, tarihlerinden koparlar\u201d dedi.<\/p>\n<p><b>\u201cBATI TRAKYA \u0130LE BA\u011e H\u0130\u00c7 KOPMADI\u201d<\/b><\/p>\n<p>1923 y\u0131l\u0131nda imzalanan anla\u015fma ile yakla\u015f\u0131k 500 bin M\u00fcsl\u00fcman T\u00fcrk\u2019\u00fcn m\u00fcbadeleye tabi tutuldu\u011funu hat\u0131rlatan Ba\u015fkan B\u00fcy\u00fckak\u0131n, b\u00f6lgede kalanlara ise asimilasyon politikas\u0131n\u0131n uzunca bir s\u00fcredir uyguland\u0131\u011f\u0131n\u0131 s\u00f6yledi. Ba\u015fkan B\u00fcy\u00fckak\u0131n, \u201cBug\u00fcn asl\u0131nda enteresan bir tarih. 29 Ocak ayn\u0131 zamanda Milli Direni\u015f ve Dayan\u0131\u015fma G\u00fcn\u00fc\u2019n\u00fcn y\u0131ld\u00f6n\u00fcm\u00fc. Bizim, Bat\u0131 Trakya ile ba\u011f\u0131m\u0131z hi\u00e7 kopmad\u0131, temas devam ediyor\u201d dedi.<\/p>\n<p><b>\u201cGE\u00c7M\u0130\u015e\u0130M\u0130ZE B\u0130R GE\u00c7\u0130\u015e KAPISI\u201d<\/b><\/p>\n<p>Ba\u015fkan B\u00fcy\u00fckak\u0131n s\u00f6zlerini \u015f\u00f6yle s\u00fcrd\u00fcrd\u00fc: \u201cAsl\u0131nda k\u00fclt\u00fcr emperyalizmi ve bu do\u011frultuda uygulanan asimilasyon politikalar\u0131 tam da \u00e7a\u011fda\u015f d\u00fcnyan\u0131n mankurtla\u015ft\u0131rma politikalar\u0131n\u0131n izd\u00fc\u015f\u00fcm\u00fcd\u00fcr. Bu manada bizim tarihle olan ba\u011f\u0131m\u0131z\u0131, haf\u0131zam\u0131z\u0131 tazeleyecek olan b\u00fct\u00fcn ba\u011flar i\u015fte bu k\u00f6pr\u00fclerdir. Bu an\u0131ta bakt\u0131\u011f\u0131n\u0131zda burada bir mermer ve \u00fczerine yaz\u0131lm\u0131\u015f yaz\u0131lar ve altta bir foto\u011fraf g\u00f6rmemeniz gerekir. Buras\u0131 asl\u0131nda bizim tarihimize, kimli\u011fimize bir ge\u00e7i\u015f kap\u0131s\u0131n\u0131n an\u0131t\u0131 olarak orada durmaktad\u0131r.<\/p>\n<p><b>\u201cYAPTI\u011eIM EN \u00d6NEML\u0130 H\u0130ZMET\u201d<\/b><\/p>\n<p>Gen\u00e7lerimiz,\u00a0 30 Ocak 1923&#8217;te ve sonras\u0131ndaki iki y\u0131l boyunca devam eden m\u00fcbadele s\u00fcrecinde neler oldu\u011funu g\u00f6rs\u00fcnler. Bug\u00fcn kalanlara neler oluyor? Bug\u00fcn kalanlar i\u00e7in ne yapmam\u0131z gerekir, o davam\u0131z\u0131 nas\u0131l ayakta tutmam\u0131z gerekir. \u0130\u015fte bu, onun an\u0131t\u0131d\u0131r. Ba\u015fiskele&#8217;de bir\u00e7ok i\u015f yap\u0131yoruz? Ama bana, \u2018Ba\u015fiskele\u2019ye yapt\u0131\u011f\u0131n en \u00f6nemli hizmet nedir?\u2019 diye sorarsan\u0131z, size bu an\u0131t\u0131 g\u00f6steririm.<\/p>\n<p><b>\u201cBU, SADECE B\u0130R ANIT DE\u011e\u0130L\u201d<\/b><\/p>\n<p>K\u00f6pr\u00fcler yollar ve di\u011ferlerinin hi\u00e7biri en b\u00fcy\u00fck hizmetler listesinde bunun \u00f6n\u00fcnde de\u011fildir. Neden? \u00c7\u00fcnk\u00fc bu an\u0131t bizi var eder. \u00c7\u00fcnk\u00fc devlet, bayrak, din ve vatan yoksa geri kalan her \u015fey anlams\u0131zd\u0131r. \u00d6yle \u015feyler vard\u0131r ki, onlar yoksa di\u011fer hi\u00e7bir \u015feyin anlam\u0131 yoktur. Onun i\u00e7in tarihle ba\u011f\u0131m\u0131z\u0131 yeniden kurdu\u011fumuz bu t\u00fcr an\u0131tlar asl\u0131nda bizim ge\u00e7mi\u015ften yar\u0131nlara uzanan k\u00f6pr\u00fclerimizdir.<\/p>\n<p><b>\u201cMANEV\u0130 ANLAMI PAHA B\u0130\u00c7\u0130LEMEZ\u201d<\/b><\/p>\n<p>Belki daha da az ama manevi anlamda paha bi\u00e7ilmez bir eseri buraya kazand\u0131rm\u0131\u015f olduk. Bu an\u0131t i\u00e7in eme\u011fi ge\u00e7en herkese y\u00fcrekten te\u015fekk\u00fcr ediyorum. O y\u0131llarda yollarda hayat\u0131n\u0131 kaybeden ve \u015fehit olan, ondan sonra vatan m\u00fccadelesi i\u00e7in veya ondan \u00f6nce vatan m\u00fccadelesi i\u00e7in, bayrak m\u00fccadelesi i\u00e7in bu vatan u\u011fruna topra\u011fa d\u00fc\u015fm\u00fc\u015f, ba\u015fta Mustafa Kemal Atat\u00fcrk ve silah arkada\u015flar\u0131 olmak \u00fczere t\u00fcm \u015fehitlerimizi rahmetle an\u0131yorum. Gazilerimizi, onlardan ahirete irtihal edenleri de bu vesile ile minnetle an\u0131yorum.\u201d<\/p>\n<p><b>ANITA KARANF\u0130LLER BIRAKILDI<\/b><\/p>\n<p>Dernek ba\u015fkanlar\u0131ndan Ra\u015fit \u0130lhan, Tahir B\u00fcy\u00fckak\u0131n\u2019a derneklere verdi\u011fi katk\u0131lardan dolay\u0131 te\u015fekk\u00fcr ederek, \u201cBu an\u0131t bizim \u00e7ok de\u011ferli. Ruhunu ya\u015fatmak i\u00e7in ise bizlere g\u00f6rev d\u00fc\u015f\u00fcyor\u201d dedi. Y\u00fcksel \u00d6zt\u00fcrk ise, \u201cT\u00fcrk kimli\u011fi Bat\u0131 Trakya\u2019da halen tan\u0131nm\u0131yor. Bu dava hepimizin davas\u0131d\u0131r\u201d dedi. B\u00f6ylesine g\u00fczel bir eserin Ba\u015fiskele\u2019ye kazand\u0131r\u0131lmas\u0131ndan memnuniyet duydu\u011funu belirten Yasin \u00d6zl\u00fc de yak\u0131n zamanda Yenik\u00f6y\u2019de m\u00fcbadeleyi anlatan G\u00f6\u00e7 M\u00fczesi\u2019ni hayata ge\u00e7ireceklerini m\u00fcjdeledi. T\u00f6renin sonunda Ba\u015fkan B\u00fcy\u00fckak\u0131n ve beraberindekiler, m\u00fcbadele d\u00f6neminde hayat\u0131n\u0131 kaybedenler i\u00e7in an\u0131ta karanfil b\u0131rakt\u0131.<\/p>\n<p>\u00a0<\/p>\n<p>Kaynak: (BYZHA) Beyaz Haber Ajans\u0131<\/p>\n","protected":false},"excerpt":{"rendered":"<p>T\u00fcrkiye\u2013Yunanistan N\u00fcfus M\u00fcbadelesi\u2019nin toplumsal haf\u0131zada canl\u0131 tutulmas\u0131 amac\u0131yla hayata ge\u00e7irilen M\u00fcbadele An\u0131t\u0131, Ba\u015fiskele Yenik\u00f6y\u2019de a\u00e7\u0131ld\u0131.<\/p>\n","protected":false},"author":1,"featured_media":7607,"comment_status":"open","ping_status":"open","sticky":false,"template":"","format":"standard","meta":{"footnotes":""},"categories":[4],"tags":[1826,1827,1825,1824,295],"class_list":["post-7606","post","type-post","status-publish","format-standard","has-post-thumbnail","hentry","category-gundem","tag-bag","tag-basiskele","tag-hafiza","tag-mubadele","tag-tur"],"_links":{"self":[{"href":"https:\/\/bihavadis.com\/index.php\/wp-json\/wp\/v2\/posts\/7606","targetHints":{"allow":["GET"]}}],"collection":[{"href":"https:\/\/bihavadis.com\/index.php\/wp-json\/wp\/v2\/posts"}],"about":[{"href":"https:\/\/bihavadis.com\/index.php\/wp-json\/wp\/v2\/types\/post"}],"author":[{"embeddable":true,"href":"https:\/\/bihavadis.com\/index.php\/wp-json\/wp\/v2\/users\/1"}],"replies":[{"embeddable":true,"href":"https:\/\/bihavadis.com\/index.php\/wp-json\/wp\/v2\/comments?post=7606"}],"version-history":[{"count":1,"href":"https:\/\/bihavadis.com\/index.php\/wp-json\/wp\/v2\/posts\/7606\/revisions"}],"predecessor-version":[{"id":7608,"href":"https:\/\/bihavadis.com\/index.php\/wp-json\/wp\/v2\/posts\/7606\/revisions\/7608"}],"wp:featuredmedia":[{"embeddable":true,"href":"https:\/\/bihavadis.com\/index.php\/wp-json\/wp\/v2\/media\/7607"}],"wp:attachment":[{"href":"https:\/\/bihavadis.com\/index.php\/wp-json\/wp\/v2\/media?parent=7606"}],"wp:term":[{"taxonomy":"category","embeddable":true,"href":"https:\/\/bihavadis.com\/index.php\/wp-json\/wp\/v2\/categories?post=7606"},{"taxonomy":"post_tag","embeddable":true,"href":"https:\/\/bihavadis.com\/index.php\/wp-json\/wp\/v2\/tags?post=7606"}],"curies":[{"name":"wp","href":"https:\/\/api.w.org\/{rel}","templated":true}]}}