{"id":76063,"date":"2026-04-30T08:51:09","date_gmt":"2026-04-30T08:51:09","guid":{"rendered":"https:\/\/bihavadis.com\/?p=76063"},"modified":"2026-04-30T08:51:09","modified_gmt":"2026-04-30T08:51:09","slug":"iranda-hamaneyin-yerine-gecici-olarak-ayetullah-ali-riza-arafi-atandi","status":"publish","type":"post","link":"https:\/\/bihavadis.com\/index.php\/2026\/04\/30\/iranda-hamaneyin-yerine-gecici-olarak-ayetullah-ali-riza-arafi-atandi\/","title":{"rendered":"\u0130ran&#8217;da Hamaney&#8217;in yerine ge\u00e7ici olarak  Ayetullah Ali R\u0131za Arafi atand\u0131"},"content":{"rendered":"<p>\u0130ran&#8217;da s\u0131cak saatler&#8230;<\/p>\n<p>\u0130ran ile ABD aras\u0131ndaki m\u00fczakere s\u00fcreci devam ederken \u0130srail ve ABD, d\u00fcn sabah saatlerinde \u0130ran&#8217;a ortak sald\u0131r\u0131lar d\u00fczenledi.\u00a0<\/p>\n<p>\u0130ran devlet televizyonu, \u0130ran lideri Ayetullah Ali Hamaney&#8217;in ABD-\u0130srail&#8217;in d\u00fcn d\u00fczenledi\u011fi sald\u0131r\u0131da hayat\u0131n\u0131 kaybetti\u011fini duyurdu.<\/p>\n<p><strong>YER\u0130NE ATANAN \u0130S\u0130M BELL\u0130 OLDU<\/strong><\/p>\n<p>Hamaney&#8217;in \u00f6l\u00fcm\u00fcn\u00fcn yank\u0131lar\u0131 s\u00fcrerken dikkat \u00e7eken bir geli\u015fme ya\u015fand\u0131.\u00a0<\/p>\n<p>\u0130ran medyas\u0131 dini liderin yerine ge\u00e7ici olarak Ayetullah Ali R\u0131za Arafi&#8217;nin atand\u0131\u011f\u0131n\u0131 a\u00e7\u0131klad\u0131.\u00a0<\/p>\n<p><img decoding=\"async\" src=\"https:\/\/bihavadis.com\/wp-content\/uploads\/2026\/04\/iranda-hamaneyin-yerine-gecici-olarak-ayetullah-ali-riza-arafi-atandi-0-5Ej9DEau.jpg\"\/><\/p>\n<p><strong>EN KISA S\u00dcREDE ATAMAKLA SORUMLULAR<\/strong><\/p>\n<p>Anayasan\u0131n 111. maddesi \u015funlar\u0131 i\u00e7eriyor:<\/p>\n<p>Liderin \u00f6l\u00fcm\u00fc, istifas\u0131 veya g\u00f6revden al\u0131nmas\u0131 halinde, Uzmanlar Meclisi en k\u0131sa s\u00fcrede yeni bir Lider atamak ve g\u00f6reve getirmekle y\u00fck\u00fcml\u00fcd\u00fcr. <\/p>\n<p>Lider atanana kadar, Ba\u015fkan, Yarg\u0131 Ba\u015fkan\u0131 ve Anayasa Koruma Konseyi&#8217;nin hukuk\u00e7ular\u0131ndan birinden olu\u015fan ve Sistem Uygunluk Meclisi taraf\u0131ndan se\u00e7ilen bir konsey, ge\u00e7ici olarak Liderin t\u00fcm g\u00f6revlerini \u00fcstlenir. <\/p>\n<p>Bu s\u00fcre zarf\u0131nda bunlardan birinin herhangi bir nedenle g\u00f6revini yerine getirememesi durumunda, Konsey taraf\u0131ndan hukuk\u00e7ular\u0131n \u00e7o\u011funlu\u011fuyla se\u00e7ilen ba\u015fka bir ki\u015fi onun yerine atan\u0131r.<\/p>\n<p><img decoding=\"async\" src=\"https:\/\/bihavadis.com\/wp-content\/uploads\/2026\/04\/iranda-hamaneyin-yerine-gecici-olarak-ayetullah-ali-riza-arafi-atandi-1-iw2vSHir.jpg\"\/><\/p>\n<p><strong>SE\u00c7\u0130M S\u00dcREC\u0130 NASIL \u0130\u015eLEYECEK<\/strong><\/p>\n<p>Ayetullahlardan olu\u015fan Meclis-i Hobregan \u00fcyeleri Tahran&#8217;da yeni Rehber (Veliyyi Fakih&#8217;i) se\u00e7mek i\u00e7in toplanacak.<\/p>\n<p>Meclis-i Hobregan  Hamaney&#8217;nin yerine ge\u00e7ecek ki\u015fiyi il toplant\u0131da veya birden fazla toplant\u0131 yaparak se\u00e7ebilir.<\/p>\n<p>Mecllis-i Hobregan, g\u00fcn i\u00e7erisinde (Cumartesi)  Hamanei&#8217;nin yerine birini se\u00e7mi\u015f olabilir.<\/p>\n<p>Yeni Veliyyi Fakih ilan edilene kadar, Velayeti Fakih&#8217;in anayasal yetkilerini Cumhurba\u015fkan\u0131, Meclis Ba\u015fkan\u0131 ve Yarg\u0131 Erki Ba\u015fkan\u0131&#8217;ndan olu\u015fan \u00fc\u00e7l\u00fc heyet kullanacak.<\/p>\n<p><\/p>\n<div> <span><strong>Kaynak:<\/strong> Ensonhaber Haber Merkezi<\/span> <\/div>\n","protected":false},"excerpt":{"rendered":"<p>\u0130ran&#8217;da s\u0131cak saatler&#8230; \u0130ran ile ABD aras\u0131ndaki m\u00fczakere s\u00fcreci devam ederken \u0130srail ve ABD, d\u00fcn sabah saatlerinde \u0130ran&#8217;a ortak sald\u0131r\u0131lar d\u00fczenledi.\u00a0 \u0130ran devlet televizyonu, \u0130ran lideri Ayetullah Ali Hamaney&#8217;in ABD-\u0130srail&#8217;in d\u00fcn d\u00fczenledi\u011fi &#8230;<\/p>\n","protected":false},"author":1,"featured_media":76064,"comment_status":"open","ping_status":"open","sticky":false,"template":"","format":"standard","meta":{"footnotes":""},"categories":[6],"tags":[271,1158,397,544,2738],"class_list":["post-76063","post","type-post","status-publish","format-standard","has-post-thumbnail","hentry","category-dunya","tag-iran","tag-lider","tag-meclis","tag-sure","tag-yerine"],"_links":{"self":[{"href":"https:\/\/bihavadis.com\/index.php\/wp-json\/wp\/v2\/posts\/76063","targetHints":{"allow":["GET"]}}],"collection":[{"href":"https:\/\/bihavadis.com\/index.php\/wp-json\/wp\/v2\/posts"}],"about":[{"href":"https:\/\/bihavadis.com\/index.php\/wp-json\/wp\/v2\/types\/post"}],"author":[{"embeddable":true,"href":"https:\/\/bihavadis.com\/index.php\/wp-json\/wp\/v2\/users\/1"}],"replies":[{"embeddable":true,"href":"https:\/\/bihavadis.com\/index.php\/wp-json\/wp\/v2\/comments?post=76063"}],"version-history":[{"count":1,"href":"https:\/\/bihavadis.com\/index.php\/wp-json\/wp\/v2\/posts\/76063\/revisions"}],"predecessor-version":[{"id":76067,"href":"https:\/\/bihavadis.com\/index.php\/wp-json\/wp\/v2\/posts\/76063\/revisions\/76067"}],"wp:featuredmedia":[{"embeddable":true,"href":"https:\/\/bihavadis.com\/index.php\/wp-json\/wp\/v2\/media\/76064"}],"wp:attachment":[{"href":"https:\/\/bihavadis.com\/index.php\/wp-json\/wp\/v2\/media?parent=76063"}],"wp:term":[{"taxonomy":"category","embeddable":true,"href":"https:\/\/bihavadis.com\/index.php\/wp-json\/wp\/v2\/categories?post=76063"},{"taxonomy":"post_tag","embeddable":true,"href":"https:\/\/bihavadis.com\/index.php\/wp-json\/wp\/v2\/tags?post=76063"}],"curies":[{"name":"wp","href":"https:\/\/api.w.org\/{rel}","templated":true}]}}