{"id":76091,"date":"2026-04-30T09:15:09","date_gmt":"2026-04-30T09:15:09","guid":{"rendered":"https:\/\/bihavadis.com\/?p=76091"},"modified":"2026-04-30T09:15:09","modified_gmt":"2026-04-30T09:15:09","slug":"buca-belediyesinde-eylem-isciler-40-gundur-maas-alamiyor","status":"publish","type":"post","link":"https:\/\/bihavadis.com\/index.php\/2026\/04\/30\/buca-belediyesinde-eylem-isciler-40-gundur-maas-alamiyor\/","title":{"rendered":"Buca Belediyesi&#8217;nde Eylem: \u0130\u015f\u00e7iler 40 G\u00fcnd\u00fcr Maa\u015f Alam\u0131yor"},"content":{"rendered":"<p>\n<p>\u0130ZM\u0130R&#8217;in Buca Belediyesi&#8217;nde \u00e7al\u0131\u015fan i\u015f\u00e7iler, maa\u015f ve yan hak \u00f6demelerini 40 g\u00fcnd\u00fcr alamad\u0131klar\u0131 gerek\u00e7esiyle bug\u00fcn eylem ba\u015flatt\u0131. Cenaze, veteriner ve zab\u0131ta d\u0131\u015f\u0131ndaki t\u00fcm belediye hizmeti durduruldu.<\/p>\n<p>Buca Belediyesi&#8217;ndeki i\u015f\u00e7iler, ge\u00e7mi\u015f ve \u015fu anki yan haklar\u0131n\u0131 40 g\u00fcn ge\u00e7mesine ra\u011fmen almad\u0131klar\u0131 gerek\u00e7esiyle yeniden eylem ba\u015flatt\u0131. \u0130l\u00e7e genelinde cenaze, veteriner ve zab\u0131ta d\u0131\u015f\u0131nda t\u00fcm hizmetleri durduran i\u015f\u00e7iler, bu sabah itibar\u0131yla belediye binas\u0131 \u00f6n\u00fcnde bir araya geldi. Bina \u00f6n\u00fcnde a\u00e7\u0131klama yapan Disk Genel-\u0130\u015f \u0130zmir 6 No&#8217;lu \u015eube Ba\u015fkan\u0131 De\u011fer Y\u0131ld\u0131z, &#8220;Daha \u00f6nce yapt\u0131\u011f\u0131m\u0131z 7 g\u00fcnl\u00fck eylemden sonra belediye ba\u015fkan\u0131 ile bir anla\u015fma sa\u011flad\u0131k. Anla\u015fmaya g\u00f6re de g\u00fcn\u00fc ve tarihi belli olan tarihlerde i\u015f\u00e7i arkada\u015flar\u0131n belli alacaklar\u0131 peyderpey \u00f6denecekti. Gecikmeli olarak belli \u00fccretler \u00f6dendi ama \u00f6zellikle 5 Ocak&#8217;ta olan \u00f6denmenin yap\u0131lmas\u0131yla ilgili problemler \u00e7\u0131kt\u0131\u011f\u0131 i\u00e7in kredi ba\u015fvurusunda bulunduklar\u0131n\u0131, bunun i\u00e7inde de sendikadan ve i\u015f\u00e7iden zaman istediklerini ilettiler. Biz de onlara gereken zaman\u0131 verdik. Bizden 25 Ocak&#8217;a kadar m\u00fcsaade istediler. &#8216;Kredi \u00e7ekildi\u011finde i\u015f\u00e7inin maa\u015f\u0131n\u0131n tamam\u0131n\u0131 verece\u011fiz&#8217; dediler. Daha sonra da i\u015f\u00e7iler alacaklar\u0131n\u0131n hi\u00e7biri sekteye u\u011framadan vaktinde alacaklard\u0131. 25 Ocak&#8217;a geldi\u011fimizde o alacaklar\u0131m\u0131z\u0131n hi\u00e7birini alamad\u0131k&#8221; dedi.<\/p>\n<p>&#8216;EV VERM\u0130YORLAR&#8217;<\/p>\n<p>Cuma g\u00fcn\u00fc en son verilen s\u00f6z de yerine gelmeyince bug\u00fcn itibar\u0131yla eyleme \u00e7\u0131kmaktan ba\u015fka yollar\u0131 kalmad\u0131\u011f\u0131n\u0131 ifade eden Y\u0131ld\u0131z, &#8220;\u0130\u015f\u00e7inin dayanaca\u011f\u0131 bir g\u00fcc\u00fc kalmad\u0131. Bug\u00fcn i\u015f\u00e7iler i\u015flerine gelirken yol paras\u0131 bulam\u0131yor, evine ekmek g\u00f6t\u00fcremiyor. Hepsinin d\u00fcnya kadar borcu var. Buca halk\u0131na hizmet etmekten \u00e7ekinmedik. Bizim zaten tek derdimiz asl\u0131nda Buca halk\u0131. Buca halk\u0131na verdi\u011fimiz hizmeti aksatt\u0131\u011f\u0131m\u0131z i\u00e7in zaten \u015fu anda s\u0131k\u0131nt\u0131 ya\u015f\u0131yoruz. Ba\u015fka t\u00fcrl\u00fc bizim kimseden bir \u00e7ekincemiz, bir korkumuz ya da veremeyece\u011fimiz hesab\u0131m\u0131z yok. Baz\u0131 yolsuzluklarla ilgili bug\u00fcn bir operasyon var. Bunun bir siyasi operasyon olmad\u0131\u011f\u0131n\u0131 hepimiz biliyoruz. \u00d6yle olsa bile bizim i\u00e7in bir \u015fey ifade etmiyor. Bizim yapt\u0131\u011f\u0131m\u0131z eylem her \u015feyden ve herkesten ayr\u0131 bir eylem. \u00c7\u00fcnk\u00fc biz art\u0131k ya\u015fayam\u0131yoruz. 1886 i\u015f\u00e7imiz var. \u015eu anda eylemde de 1400 i\u015f\u00e7imiz var. Cenaze, veteriner, zab\u0131ta hizmetleri, hukuki birimler d\u0131\u015f\u0131ndaki b\u00fct\u00fcn birimlerde hizmet durmu\u015f durumda. Yan haklar dahil olmak \u00fczere yakla\u015f\u0131k 60-70 bin TL alaca\u011f\u0131m\u0131z var. Bir arkada\u015f\u0131m\u0131z 3 defa ev de\u011fi\u015ftirmek zorunda kalm\u0131\u015f. Bug\u00fcn, &#8216;Buca Belediyesi&#8217;nde \u00e7al\u0131\u015f\u0131yorum&#8217; dedi\u011finizde ev sahipleri art\u0131k ev vermiyor&#8221; diye konu\u015ftu. <\/p>\n","protected":false},"excerpt":{"rendered":"<p>\u0130zmir Buca Belediyesi i\u015f\u00e7ileri, maa\u015f ve yan hak alacaklar\u0131n\u0131 40 g\u00fcnd\u00fcr alamad\u0131klar\u0131 i\u00e7in eylem ba\u015flatt\u0131.<\/p>\n","protected":false},"author":1,"featured_media":76092,"comment_status":"open","ping_status":"open","sticky":false,"template":"","format":"standard","meta":{"footnotes":""},"categories":[8],"tags":[372,1707,1502,315,2253],"class_list":["post-76091","post","type-post","status-publish","format-standard","has-post-thumbnail","hentry","category-ekonomi","tag-belediye","tag-buca","tag-eylem","tag-hizmet","tag-isci"],"_links":{"self":[{"href":"https:\/\/bihavadis.com\/index.php\/wp-json\/wp\/v2\/posts\/76091","targetHints":{"allow":["GET"]}}],"collection":[{"href":"https:\/\/bihavadis.com\/index.php\/wp-json\/wp\/v2\/posts"}],"about":[{"href":"https:\/\/bihavadis.com\/index.php\/wp-json\/wp\/v2\/types\/post"}],"author":[{"embeddable":true,"href":"https:\/\/bihavadis.com\/index.php\/wp-json\/wp\/v2\/users\/1"}],"replies":[{"embeddable":true,"href":"https:\/\/bihavadis.com\/index.php\/wp-json\/wp\/v2\/comments?post=76091"}],"version-history":[{"count":1,"href":"https:\/\/bihavadis.com\/index.php\/wp-json\/wp\/v2\/posts\/76091\/revisions"}],"predecessor-version":[{"id":76093,"href":"https:\/\/bihavadis.com\/index.php\/wp-json\/wp\/v2\/posts\/76091\/revisions\/76093"}],"wp:featuredmedia":[{"embeddable":true,"href":"https:\/\/bihavadis.com\/index.php\/wp-json\/wp\/v2\/media\/76092"}],"wp:attachment":[{"href":"https:\/\/bihavadis.com\/index.php\/wp-json\/wp\/v2\/media?parent=76091"}],"wp:term":[{"taxonomy":"category","embeddable":true,"href":"https:\/\/bihavadis.com\/index.php\/wp-json\/wp\/v2\/categories?post=76091"},{"taxonomy":"post_tag","embeddable":true,"href":"https:\/\/bihavadis.com\/index.php\/wp-json\/wp\/v2\/tags?post=76091"}],"curies":[{"name":"wp","href":"https:\/\/api.w.org\/{rel}","templated":true}]}}