{"id":76105,"date":"2026-04-30T09:27:07","date_gmt":"2026-04-30T09:27:07","guid":{"rendered":"https:\/\/bihavadis.com\/?p=76105"},"modified":"2026-04-30T09:27:07","modified_gmt":"2026-04-30T09:27:07","slug":"baskan-pehlivandan-ogretmen-ve-saglik-calisanlarina-vefa","status":"publish","type":"post","link":"https:\/\/bihavadis.com\/index.php\/2026\/04\/30\/baskan-pehlivandan-ogretmen-ve-saglik-calisanlarina-vefa\/","title":{"rendered":"Ba\u015fkan Pehlivan&#8217;dan \u00f6\u011fretmen ve sa\u011fl\u0131k \u00e7al\u0131\u015fanlar\u0131na vefa"},"content":{"rendered":"<p><b><i>Menemen Belediyesi taraf\u0131ndan Ramazan boyunca d\u00fczenlenen iftar programlar\u0131nda vefa, dayan\u0131\u015fma, birlik ve beraberlik ruhu en \u00fcst d\u00fczeyde ya\u015fan\u0131yor. \u00d6\u011fretmenler ve sa\u011fl\u0131k \u00e7al\u0131\u015fanlar\u0131 i\u00e7in d\u00fczenlenen iftar programlar\u0131nda konu\u015fan Menemen Belediye Ba\u015fkan\u0131 Ayd\u0131n Pehlivan, &#8220;Gelece\u011fimizi ve sa\u011fl\u0131\u011f\u0131m\u0131z\u0131 emanet etti\u011fimiz iki kutsal meslek neferlerinin ba\u015f\u0131m\u0131z\u0131n \u00fcst\u00fcnde yeri var.&#8221; dedi.<\/i><\/b><\/p>\n<p>Menemen Belediyesi, \u015fehit aileleri ve gazilere y\u00f6nelik iftar program\u0131yla ba\u015flayan Ramazan boyunca iftar maratonunda sona yakla\u015f\u0131rken, \u00f6\u011fretmen ve sa\u011fl\u0131k \u00e7al\u0131\u015fanlar\u0131n\u0131 da ayn\u0131 sofrada bulu\u015fturdu. Tepe Sosyal Tesisleri&#8217;nde d\u00fczenlenen iftar programlar\u0131na kat\u0131l\u0131m yo\u011fun olurken, her iki programda tasavvuf dinletisi, semah ve dualarla, Ramazan&#8217;\u0131n ruhuna uygun bir manevi beraberli\u011fe sahne oldu.<\/p>\n<p><b>&#8220;Bir \u015fehrin ger\u00e7ek yat\u0131r\u0131m\u0131 e\u011fitimdir&#8221;<\/b><\/p>\n<p>\u00d6\u011fretmenlere y\u00f6nelik d\u00fczenlenen iftara Menemen Belediye Ba\u015fkan\u0131 Ayd\u0131n Pehlivan ile birlikte Menemen Kaymakam\u0131 Vedat Y\u0131lmaz, \u0130zmir \u0130l Milli E\u011fitim M\u00fcd\u00fcr\u00fc \u00d6mer Yah\u015fi, Menemen \u0130l\u00e7e Milli E\u011fitim M\u00fcd\u00fcr\u00fc Sibel A\u011fao\u011flu \u00d6zer, Menemen Cumhuriyet Ba\u015fsavc\u0131s\u0131 H\u00fcseyin Ka\u00e7ar, siyasi parti, kamu kurum ve kurulu\u015flar\u0131 ile STK temsilcileri ve \u00f6\u011fretmenler kat\u0131ld\u0131. Menemen Belediye Ba\u015fkan\u0131 Ayd\u0131n Pehlivan, &#8220;Tahtaya yaz\u0131lan her harfin arkas\u0131nda sizin eme\u011finiz var. Bir \u00f6\u011frencinin ba\u015far\u0131s\u0131nda sizin sabr\u0131n\u0131z var. Bir okulun ruhunda sizin y\u00fcre\u011finiz var. Sizler sadece ders anlatm\u0131yorsunuz, bir nesil yeti\u015ftiriyorsunuz. \u0130\u015fte bu y\u00fczden sizlere minnettar\u0131z. E\u011fitime dokunan, \u00f6\u011frencimize g\u00fc\u00e7 veren, \u00f6\u011fretmenimizin y\u00fck\u00fcn\u00fc hafifleten \u00e7al\u0131\u015fmalar yapt\u0131k. Okullar\u0131m\u0131z\u0131n fiziki ihtiya\u00e7lar\u0131nda yan\u0131n\u0131zda olduk. Bak\u0131m, onar\u0131m ve \u00e7evre d\u00fczenlemeleriyle e\u011fitim ortamlar\u0131n\u0131 iyile\u015ftirdik. \u00d6\u011frencilerimizin daha iyi \u015fartlarda e\u011fitim alabilmesi i\u00e7in<br \/>desteklerimizi art\u0131rd\u0131k. 8 ve 12. s\u0131n\u0131f \u00f6\u011frencilerimize son 3 y\u0131lda 30 bin dijital e\u011fitim paketi da\u011f\u0131tt\u0131k. Sosyal ve k\u00fclt\u00fcrel projelerle \u00e7ocuklar\u0131m\u0131z\u0131n sadece akademik de\u011fil, sosyal y\u00f6nden de geli\u015fmesini sa\u011flad\u0131k. Okulda ald\u0131klar\u0131 e\u011fitimin yan\u0131nda tamamen \u00fccretsiz sanat ve spor kurslar\u0131yla, geli\u015fimlerini peki\u015ftirdik. Bilim, sanat ve spor alan\u0131nda d\u00fczenledi\u011fimiz organizasyonlarla gen\u00e7lerimizin yeteneklerini ke\u015ffetmelerine imk\u00e2n sunduk. K\u00fct\u00fcphanelerimiz, et\u00fct merkezlerimiz, gen\u00e7lik ve e\u011fitim projelerimizle onlar\u0131n yan\u0131nda olduk. E\u011fitim yolculu\u011funda f\u0131rsat e\u015fitli\u011fini b\u00fcy\u00fctmek i\u00e7in ihtiya\u00e7 sahibi \u00f6\u011frencilerimize destekler verdik.&#8221; dedi.<\/p>\n<p><b>\u015eehit \u00f6\u011fretmenler unutulmad\u0131<\/b><\/p>\n<p>Konu\u015fmas\u0131nda Ne\u015fe Alten&#8217;den Ayb\u00fcke Yal\u00e7\u0131n&#8217;a kadar \u015fehit edilen \u00f6\u011fretmenler ve son olarak okulunda katledilen Fatmanur \u00c7elik \u00f6\u011fretmene de yer veren Ba\u015fkan Pehlivan, &#8220;Ge\u00e7ti\u011fimiz g\u00fcnlerde ne yaz\u0131k ki menfur bir sald\u0131r\u0131yla hayat\u0131n\u0131 kaybeden Fatmanur \u00c7elik \u00f6\u011fretmenimizi derin bir ac\u0131yla an\u0131yorum. Ba\u015f\u00f6\u011fretmenimiz Gazi Mustafa Kemal Atat\u00fcrk\u2019ten, Ne\u015fe Alten\u2019e; Necmettin Y\u0131lmaz\u2019dan, g\u00f6nl\u00fcm\u00fczde g\u00fcl\u00fcmsemesiyle ya\u015fayacak olan Ayb\u00fcke Yal\u00e7\u0131n\u2019a kadar, bu milletin evlatlar\u0131na bir harf \u00f6\u011fretmek u\u011fruna \u00f6mr\u00fcn\u00fc adayan, \u015fehit olan, y\u00fcre\u011fini bu millete adam\u0131\u015f t\u00fcm \u00f6\u011fretmenlerimize minnet duygular\u0131m\u0131 sunuyor, aziz hat\u0131ralar\u0131n\u0131 rahmetle an\u0131yorum.&#8221; dedi.<\/p>\n<p><b>14 Mart T\u0131p Bayram\u0131, iftar sofras\u0131nda kutland\u0131<\/b><\/p>\n<p>Menemen&#8217;de g\u00f6n\u00fcl sofralar\u0131n\u0131n bir di\u011feri 14 Mart T\u0131p Bayram\u0131&#8217;nda kuruldu. Menemen Belediye Ba\u015fkan\u0131 Ayd\u0131n Pehlivan&#8217;\u0131n ev sahipli\u011finde d\u00fczenlenen iftara Menemen Kaymakam\u0131 Vedat Y\u0131lmaz, Menemen Cumhuriyet Ba\u015fsavc\u0131s\u0131 H\u00fcseyin Ka\u00e7ar, Menemen \u0130l\u00e7e Sa\u011fl\u0131k M\u00fcd\u00fcr\u00fc Burak \u00c7etin, Menemen Devlet Hastanesi Ba\u015fhekimi \u0130rfan Okudur, Menemen Di\u015f Hastanesi Ba\u015fhekimi Nursel Adar ve \u00e7ok say\u0131da sa\u011fl\u0131k \u00e7al\u0131\u015fan\u0131 kat\u0131ld\u0131.<\/p>\n<p><b>&#8220;Sa\u011fl\u0131k, bir \u015fehrin vicdan\u0131d\u0131r&#8221;<\/b><\/p>\n<p>\u0130ftar program\u0131nda s\u00f6zlerine &#8220;Bir hastan\u0131n g\u00f6z\u00fcndeki umut \u0131\u015f\u0131\u011f\u0131nda sizin eme\u011finiz var\u201d diyerek ba\u015flayan Pehlivan, \u201cBir iyile\u015fme hik\u00e2yesinde sizin sabr\u0131n\u0131z var. Bu \u015fehrin huzurunda sizin al\u0131n teriniz var. Rabbim \u015fifa da\u011f\u0131tan ellerinize g\u00fc\u00e7 versin. Bizler de Menemen\u2019de belediyecili\u011fi sadece yol, kald\u0131r\u0131m, bina yapmak olarak g\u00f6rmedik. \u0130nsan\u0131 merkeze alan bir \u015fehir kurmaya gayret ettik. Sa\u011fl\u0131k kurulu\u015flar\u0131m\u0131z\u0131n ihtiya\u00e7lar\u0131nda yan\u0131n\u0131zda olduk. Fiziki iyile\u015ftirmelerle, \u00e7evre d\u00fczenlemeleriyle, destek hizmetleriyle katk\u0131 sunduk. Evde bak\u0131m hizmetlerimizle yaln\u0131z olmad\u0131\u011f\u0131n\u0131 hissettirdi\u011fimiz b\u00fcy\u00fcklerimiz oldu. Hasta nakil hizmetlerimizle \u00e7aresizli\u011fin \u00f6n\u00fcne ge\u00e7tik. Sosyal desteklerimizle tedavi s\u00fcrecindeki vatanda\u015flar\u0131m\u0131z\u0131n y\u00fck\u00fcn\u00fc hafiflettik. Sa\u011fl\u0131k taramalar\u0131yla erken te\u015fhise vesile olduk. Fark\u0131ndal\u0131k projeleriyle hayat kurtard\u0131k. Engelli vatanda\u015flar\u0131m\u0131z i\u00e7in hayat\u0131 kolayla\u015ft\u0131ran uygulamalarla sadece bireylere de\u011fil, ailelere nefes olduk. Hi\u00e7bir yerde olmayan evde fizyoterapi hizmetini hayata ge\u00e7irdik. \u00c7\u00fcnk\u00fc biz \u015funu \u00e7ok iyi biliyoruz: Sa\u011fl\u0131k, sadece hastanede verilen bir hizmet de\u011fildir. Sa\u011fl\u0131k, bir \u015fehrin vicdan\u0131d\u0131r. Bu duygu ve d\u00fc\u015f\u00fcncelerle 14 Mart T\u0131p Bayram\u0131&#8217;n\u0131 g\u00f6n\u00fclden kutluyorum.&#8221; dedi.<\/p>\n<p>\u00a0<\/p>\n<p>Kaynak: (BYZHA) Beyaz Haber Ajans\u0131<\/p>\n","protected":false},"excerpt":{"rendered":"<p>Menemen Belediyesi taraf\u0131ndan Ramazan boyunca d\u00fczenlenen iftar programlar\u0131nda vefa, dayan\u0131\u015fma, birlik ve beraberlik ruhu en \u00fcst d\u00fczeyde ya\u015fan\u0131yor.<\/p>\n","protected":false},"author":1,"featured_media":76106,"comment_status":"open","ping_status":"open","sticky":false,"template":"","format":"standard","meta":{"footnotes":""},"categories":[4],"tags":[233,1125,5039,3294,157],"class_list":["post-76105","post","type-post","status-publish","format-standard","has-post-thumbnail","hentry","category-gundem","tag-egitim","tag-menemen","tag-ogretmenler","tag-pehlivan","tag-saglik"],"_links":{"self":[{"href":"https:\/\/bihavadis.com\/index.php\/wp-json\/wp\/v2\/posts\/76105","targetHints":{"allow":["GET"]}}],"collection":[{"href":"https:\/\/bihavadis.com\/index.php\/wp-json\/wp\/v2\/posts"}],"about":[{"href":"https:\/\/bihavadis.com\/index.php\/wp-json\/wp\/v2\/types\/post"}],"author":[{"embeddable":true,"href":"https:\/\/bihavadis.com\/index.php\/wp-json\/wp\/v2\/users\/1"}],"replies":[{"embeddable":true,"href":"https:\/\/bihavadis.com\/index.php\/wp-json\/wp\/v2\/comments?post=76105"}],"version-history":[{"count":1,"href":"https:\/\/bihavadis.com\/index.php\/wp-json\/wp\/v2\/posts\/76105\/revisions"}],"predecessor-version":[{"id":76107,"href":"https:\/\/bihavadis.com\/index.php\/wp-json\/wp\/v2\/posts\/76105\/revisions\/76107"}],"wp:featuredmedia":[{"embeddable":true,"href":"https:\/\/bihavadis.com\/index.php\/wp-json\/wp\/v2\/media\/76106"}],"wp:attachment":[{"href":"https:\/\/bihavadis.com\/index.php\/wp-json\/wp\/v2\/media?parent=76105"}],"wp:term":[{"taxonomy":"category","embeddable":true,"href":"https:\/\/bihavadis.com\/index.php\/wp-json\/wp\/v2\/categories?post=76105"},{"taxonomy":"post_tag","embeddable":true,"href":"https:\/\/bihavadis.com\/index.php\/wp-json\/wp\/v2\/tags?post=76105"}],"curies":[{"name":"wp","href":"https:\/\/api.w.org\/{rel}","templated":true}]}}