{"id":76144,"date":"2026-04-30T10:03:16","date_gmt":"2026-04-30T10:03:16","guid":{"rendered":"https:\/\/bihavadis.com\/?p=76144"},"modified":"2026-04-30T10:03:16","modified_gmt":"2026-04-30T10:03:16","slug":"avrupadaki-turklerden-rotterdamda-tcg-anadoluya-yogun-ilgi","status":"publish","type":"post","link":"https:\/\/bihavadis.com\/index.php\/2026\/04\/30\/avrupadaki-turklerden-rotterdamda-tcg-anadoluya-yogun-ilgi\/","title":{"rendered":"Avrupa\u2019daki T\u00fcrklerden Rotterdam\u2019da TCG Anadolu\u2019ya yo\u011fun ilgi"},"content":{"rendered":"<p>Rotterdam\u2019da Wilhelminakade, Kop van Zuid b\u00f6lgesine konu\u015flanan 232 metre uzunlu\u011fundaki TCG Anadolu, Hollanda\u2019n\u0131n farkl\u0131 \u015fehirlerinden gelen T\u00fcrklerin yan\u0131 s\u0131ra Bel\u00e7ika ve Almanya\u2019dan gelen ziyaret\u00e7ileri de a\u011f\u0131rlad\u0131.<\/p>\n<p>Gemiyi g\u00f6rmek i\u00e7in aileleriyle limana gelen vatanda\u015flar, tarihi anlara tan\u0131kl\u0131k ettiklerini belirtti. Rotterdam\u2019da ya\u015fayan Hollandal\u0131lar\u0131n da gemiye ilgi g\u00f6sterdi\u011fi g\u00f6zlendi.<\/p>\n<p><img decoding=\"async\" src=\"https:\/\/bihavadis.com\/wp-content\/uploads\/2026\/04\/avrupadaki-turklerden-rotterdamda-tcg-anadoluya-yogun-ilgi-0-UhcJWYJL.jpg\"\/><\/p>\n<p><strong>&#8220;T\u00dcRK GEM\u0130LER\u0130N\u0130N BURADA OLMASI, \u00c7OK G\u00dcZEL B\u0130R H\u0130SS\u0130YAT&#8221;<\/strong><\/p>\n<p>Amsterdam\u2019dan e\u015fi ve iki \u00e7ocu\u011fuyla Rotterdam\u2019a gelen Osman \u00d6zdemir, geminin geli\u015fini duyduklar\u0131nda b\u00fcy\u00fck heyecan ya\u015fad\u0131klar\u0131n\u0131 belirterek, <em><b>\u201c\u00c7ocuklarla birlikte g\u00f6rmek istedik. T\u00fcrk gemilerinin burada olmas\u0131 \u00e7ok g\u00fczel bir hissiyat.\u201d <\/b><\/em>dedi.<\/p>\n<p>Bel\u00e7ika s\u0131n\u0131r\u0131ndaki Tilburg\u2019dan gelen Do\u011fan Erik ise hafta sonunu sab\u0131rs\u0131zl\u0131kla bekledi\u011fini ifade ederek, <b><em>\u201cTCG Anadolu gemimizi Rotterdam\u2019da g\u00f6rmek \u00e7ok gurur verici. \u00c7ok onurland\u0131k.\u201d<\/em><\/b> diye konu\u015ftu.<\/p>\n<p>Hollanda\u2019n\u0131n g\u00fcneyindeki Loon op Zand kasabas\u0131ndan gelen Ha\u015fmet Y\u0131lmaz da 50 y\u0131l\u0131 a\u015fk\u0131n s\u00fcredir Hollanda\u2019da ya\u015fad\u0131\u011f\u0131n\u0131 belirterek, <em><b>\u201cT\u00fcrkiye\u2019nin savunma sanayisinde ula\u015ft\u0131\u011f\u0131 noktay\u0131 g\u00f6rmek bizi memnun ediyor.\u201d<\/b><\/em> ifadelerini kulland\u0131.<\/p>\n<p><img decoding=\"async\" src=\"https:\/\/bihavadis.com\/wp-content\/uploads\/2026\/04\/avrupadaki-turklerden-rotterdamda-tcg-anadoluya-yogun-ilgi-1-iigHOAZ2.jpg\"\/><\/p>\n<p><strong>NATO TATB\u0130KATI KAPSAMINDA L\u0130MANDA<\/strong><\/p>\n<p>TCG Anadolu, NATO\u2019nun <b><em>\u201cSteadfast Dart 2026\u201d<\/em><\/b> tatbikat\u0131 kapsam\u0131nda Rotterdam\u2019a demir att\u0131. Tatbikat, NATO\u2019nun Hollanda\u2019daki Brunssum M\u00fc\u015fterek Kuvvet Komutanl\u0131\u011f\u0131 (JFC Brunssum) koordinasyonunda, Almanya\u2019n\u0131n ev sahipli\u011finde d\u00fczenleniyor.<\/p>\n<p>Liman ziyaretleri s\u0131ras\u0131nda gemide T\u00fcrk savunma sanayi \u00fcr\u00fcnlerinin tan\u0131t\u0131ld\u0131\u011f\u0131 bir fuar da ger\u00e7ekle\u015ftirildi. Hollanda Savunma Bakanl\u0131\u011f\u0131 yetkilileri ile savunma sanayi temsilcilerinin kat\u0131ld\u0131\u011f\u0131 etkinlikte S\u0130HA\u2019lar, helikopterler ve \u00e7e\u015fitli askeri te\u00e7hizat sergilendi.<\/p>\n<p><img decoding=\"async\" src=\"https:\/\/bihavadis.com\/wp-content\/uploads\/2026\/04\/avrupadaki-turklerden-rotterdamda-tcg-anadoluya-yogun-ilgi-2-9u5OiZ49.jpg\"\/><\/p>\n<p><strong>TCG ANADOLU L\u0130MANDAN AYRILIYOR<\/strong><\/p>\n<p>Per\u015fembe g\u00fcn\u00fcnden bu yana Rotterdam\u2019da bulunan TCG Anadolu\u2019nun bug\u00fcn limandan ayr\u0131lmas\u0131 planlan\u0131yor. Geminin ilk g\u00fcn\u00fcnde d\u00fczenlenen t\u00f6rende, T\u00fcrkiye\u2019deki \u00e7ocuklar\u0131n g\u00f6nderdi\u011fi mektup ve resimler de gemi personeline teslim edilmi\u015fti.<\/p>\n<p>Avrupa\u2019daki T\u00fcrkler i\u00e7in anlaml\u0131 bir bulu\u015fmaya sahne olan ziyaret, hem gurur hem de duygusal anlara sahne oldu.<\/p>\n<p><img decoding=\"async\" src=\"https:\/\/bihavadis.com\/wp-content\/uploads\/2026\/04\/avrupadaki-turklerden-rotterdamda-tcg-anadoluya-yogun-ilgi-3-udp1LERw.jpg\"\/><\/p>\n<p><img decoding=\"async\" src=\"https:\/\/bihavadis.com\/wp-content\/uploads\/2026\/04\/avrupadaki-turklerden-rotterdamda-tcg-anadoluya-yogun-ilgi-4-7f4D9xii.jpg\"\/><\/p>\n<p><img decoding=\"async\" src=\"https:\/\/bihavadis.com\/wp-content\/uploads\/2026\/04\/avrupadaki-turklerden-rotterdamda-tcg-anadoluya-yogun-ilgi-5-8vVjNWu7.jpg\"\/><\/p>\n<p><img decoding=\"async\" src=\"https:\/\/bihavadis.com\/wp-content\/uploads\/2026\/04\/avrupadaki-turklerden-rotterdamda-tcg-anadoluya-yogun-ilgi-6-KHm2gHap.jpg\"\/><\/p>\n<p><img decoding=\"async\" src=\"https:\/\/bihavadis.com\/wp-content\/uploads\/2026\/04\/avrupadaki-turklerden-rotterdamda-tcg-anadoluya-yogun-ilgi-7-dwtIc36T.jpg\"\/><\/p>\n<p><img decoding=\"async\" src=\"https:\/\/bihavadis.com\/wp-content\/uploads\/2026\/04\/avrupadaki-turklerden-rotterdamda-tcg-anadoluya-yogun-ilgi-8-KJAvYX94.jpg\"\/><\/p>\n<p><img decoding=\"async\" src=\"https:\/\/bihavadis.com\/wp-content\/uploads\/2026\/04\/avrupadaki-turklerden-rotterdamda-tcg-anadoluya-yogun-ilgi-9-U4lp1NtB.jpg\"\/><\/p>\n<p><img decoding=\"async\" src=\"https:\/\/bihavadis.com\/wp-content\/uploads\/2026\/04\/avrupadaki-turklerden-rotterdamda-tcg-anadoluya-yogun-ilgi-10-6vP5OyLY.jpg\"\/> <\/p>\n<div> <span><strong>Kaynak:<\/strong> Anadolu Ajans\u0131 (AA)<\/span> <\/div>\n","protected":false},"excerpt":{"rendered":"<p>Rotterdam\u2019da Wilhelminakade, Kop van Zuid b\u00f6lgesine konu\u015flanan 232 metre uzunlu\u011fundaki TCG Anadolu, Hollanda\u2019n\u0131n farkl\u0131 \u015fehirlerinden gelen T\u00fcrklerin yan\u0131 s\u0131ra Bel\u00e7ika ve Almanya\u2019dan gelen ziyaret\u00e7ileri de a\u011f\u0131rlad\u0131. Gemiyi g\u00f6rmek i\u00e7in aileleriyle &#8230;<\/p>\n","protected":false},"author":1,"featured_media":76145,"comment_status":"open","ping_status":"open","sticky":false,"template":"","format":"standard","meta":{"footnotes":""},"categories":[9,13],"tags":[2741,290,1515,893,517],"class_list":["post-76144","post","type-post","status-publish","format-standard","has-post-thumbnail","hentry","category-genel","category-son-dakika","tag-gelen","tag-gemi","tag-hollanda","tag-liman","tag-turk"],"_links":{"self":[{"href":"https:\/\/bihavadis.com\/index.php\/wp-json\/wp\/v2\/posts\/76144","targetHints":{"allow":["GET"]}}],"collection":[{"href":"https:\/\/bihavadis.com\/index.php\/wp-json\/wp\/v2\/posts"}],"about":[{"href":"https:\/\/bihavadis.com\/index.php\/wp-json\/wp\/v2\/types\/post"}],"author":[{"embeddable":true,"href":"https:\/\/bihavadis.com\/index.php\/wp-json\/wp\/v2\/users\/1"}],"replies":[{"embeddable":true,"href":"https:\/\/bihavadis.com\/index.php\/wp-json\/wp\/v2\/comments?post=76144"}],"version-history":[{"count":1,"href":"https:\/\/bihavadis.com\/index.php\/wp-json\/wp\/v2\/posts\/76144\/revisions"}],"predecessor-version":[{"id":76157,"href":"https:\/\/bihavadis.com\/index.php\/wp-json\/wp\/v2\/posts\/76144\/revisions\/76157"}],"wp:featuredmedia":[{"embeddable":true,"href":"https:\/\/bihavadis.com\/index.php\/wp-json\/wp\/v2\/media\/76145"}],"wp:attachment":[{"href":"https:\/\/bihavadis.com\/index.php\/wp-json\/wp\/v2\/media?parent=76144"}],"wp:term":[{"taxonomy":"category","embeddable":true,"href":"https:\/\/bihavadis.com\/index.php\/wp-json\/wp\/v2\/categories?post=76144"},{"taxonomy":"post_tag","embeddable":true,"href":"https:\/\/bihavadis.com\/index.php\/wp-json\/wp\/v2\/tags?post=76144"}],"curies":[{"name":"wp","href":"https:\/\/api.w.org\/{rel}","templated":true}]}}