{"id":76172,"date":"2026-04-30T10:18:08","date_gmt":"2026-04-30T10:18:08","guid":{"rendered":"https:\/\/bihavadis.com\/?p=76172"},"modified":"2026-04-30T10:18:08","modified_gmt":"2026-04-30T10:18:08","slug":"deniz-oncu-moto2de-sezonun-ilk-yarisinda-9-oldu","status":"publish","type":"post","link":"https:\/\/bihavadis.com\/index.php\/2026\/04\/30\/deniz-oncu-moto2de-sezonun-ilk-yarisinda-9-oldu\/","title":{"rendered":"Deniz \u00d6nc\u00fc, Moto2&#8217;de sezonun ilk yar\u0131\u015f\u0131nda 9. oldu"},"content":{"rendered":"<p>Milli motosiklet\u00e7i Deniz \u00d6nc\u00fc, Moto2 D\u00fcnya \u015eampiyonas\u0131&#8217;nda piste \u00e7\u0131kt\u0131.<\/p>\n<p>Moto2&#8217;de sezonun a\u00e7\u0131l\u0131\u015f etab\u0131 Tayland Grand Prix&#8217;si, Buriram b\u00f6lgesindeki 4,554 kilometre uzunlu\u011fu sahip Chang Uluslararas\u0131 Pisti&#8217;nde ger\u00e7ekle\u015ftirildi.<\/p>\n<p><strong>2 AYRI KAZA YA\u015eANDI<\/strong><\/p>\n<p>Red Bull sporcusu Deniz \u00d6nc\u00fc&#8217;n\u00fcn 17. cepten start ald\u0131\u011f\u0131 yar\u0131\u015fta, ilk turlarda 2 ayr\u0131 kaza ya\u015fanmas\u0131 nedeniyle k\u0131rm\u0131z\u0131 bayraklar a\u00e7\u0131ld\u0131 ve daha sonra yar\u0131\u015f yeniden ba\u015flat\u0131ld\u0131.<\/p>\n<p><strong>K\u00dcRS\u00dcDE YER ALAN \u0130S\u0130MLER<\/strong><\/p>\n<p>Tayland&#8217;daki sezonun ilk yar\u0131\u015f\u0131n\u0131, Liqui Moly Dynavolt Intact tak\u0131m\u0131ndan \u0130spanyol s\u00fcr\u00fcc\u00fc Manuel Gonzalez birinci s\u0131rada, Blu Cru Pramac Yamaha ekibinden \u0130spanyol motosiklet\u00e7i Izan Guevara ikinci s\u0131rada, CFMoto Inde Aspar tak\u0131m\u0131 ad\u0131na yar\u0131\u015fan \u0130spanyol pilot Daniel Holgado da \u00fc\u00e7\u00fcnc\u00fc s\u0131rada bitirdi.<\/p>\n<p><strong>DEN\u0130Z, 9. OLDU<\/strong><\/p>\n<p>Ay-y\u0131ld\u0131zl\u0131 motosiklet\u00e7i Deniz \u00d6nc\u00fc ise Moto2&#8217;de sezonun ilk etab\u0131 Tayland Grand Prix&#8217;sini 9. s\u0131rada tamamlad\u0131.<\/p>\n<p><strong>SIRADAK\u0130 YARI\u015e BREZ\u0130LYA&#8217;DA<\/strong><\/p>\n<p>Moto2 D\u00fcnya \u015eampiyonas\u0131&#8217;nda sezonun ikinci aya\u011f\u0131, 20-22 Mart tarihlerinde Brezilya&#8217;da ger\u00e7ekle\u015ftirilecek.<\/p>\n<div> <span><strong>Kaynak:<\/strong> Ensonhaber Haber Merkezi<\/span> <\/div>\n","protected":false},"excerpt":{"rendered":"<p>Milli motosiklet\u00e7i Deniz \u00d6nc\u00fc, Moto2 D\u00fcnya \u015eampiyonas\u0131&#8217;nda piste \u00e7\u0131kt\u0131. Moto2&#8217;de sezonun a\u00e7\u0131l\u0131\u015f etab\u0131 Tayland Grand Prix&#8217;si, Buriram b\u00f6lgesindeki 4,554 kilometre uzunlu\u011fu sahip Chang Uluslararas\u0131 Pisti&#8217;nde ger\u00e7ekle\u015ftirildi. 2 AYRI KAZA YA\u015eANDI Red &#8230;<\/p>\n","protected":false},"author":1,"featured_media":76173,"comment_status":"open","ping_status":"open","sticky":false,"template":"","format":"standard","meta":{"footnotes":""},"categories":[14],"tags":[3208,444],"class_list":["post-76172","post","type-post","status-publish","format-standard","has-post-thumbnail","hentry","category-spor","tag-sirada","tag-yaris"],"_links":{"self":[{"href":"https:\/\/bihavadis.com\/index.php\/wp-json\/wp\/v2\/posts\/76172","targetHints":{"allow":["GET"]}}],"collection":[{"href":"https:\/\/bihavadis.com\/index.php\/wp-json\/wp\/v2\/posts"}],"about":[{"href":"https:\/\/bihavadis.com\/index.php\/wp-json\/wp\/v2\/types\/post"}],"author":[{"embeddable":true,"href":"https:\/\/bihavadis.com\/index.php\/wp-json\/wp\/v2\/users\/1"}],"replies":[{"embeddable":true,"href":"https:\/\/bihavadis.com\/index.php\/wp-json\/wp\/v2\/comments?post=76172"}],"version-history":[{"count":1,"href":"https:\/\/bihavadis.com\/index.php\/wp-json\/wp\/v2\/posts\/76172\/revisions"}],"predecessor-version":[{"id":76174,"href":"https:\/\/bihavadis.com\/index.php\/wp-json\/wp\/v2\/posts\/76172\/revisions\/76174"}],"wp:featuredmedia":[{"embeddable":true,"href":"https:\/\/bihavadis.com\/index.php\/wp-json\/wp\/v2\/media\/76173"}],"wp:attachment":[{"href":"https:\/\/bihavadis.com\/index.php\/wp-json\/wp\/v2\/media?parent=76172"}],"wp:term":[{"taxonomy":"category","embeddable":true,"href":"https:\/\/bihavadis.com\/index.php\/wp-json\/wp\/v2\/categories?post=76172"},{"taxonomy":"post_tag","embeddable":true,"href":"https:\/\/bihavadis.com\/index.php\/wp-json\/wp\/v2\/tags?post=76172"}],"curies":[{"name":"wp","href":"https:\/\/api.w.org\/{rel}","templated":true}]}}