{"id":76175,"date":"2026-04-30T10:21:09","date_gmt":"2026-04-30T10:21:09","guid":{"rendered":"https:\/\/bihavadis.com\/?p=76175"},"modified":"2026-04-30T10:21:09","modified_gmt":"2026-04-30T10:21:09","slug":"arda-gulere-demedigini-birakmadi-burasi-real-madrid","status":"publish","type":"post","link":"https:\/\/bihavadis.com\/index.php\/2026\/04\/30\/arda-gulere-demedigini-birakmadi-burasi-real-madrid\/","title":{"rendered":"Arda G\u00fcler&#8217;e demedi\u011fini b\u0131rakmad\u0131: Buras\u0131 Real Madrid"},"content":{"rendered":"<p>\u0130spanya La Liga&#8217;da \u015fampiyonluk yar\u0131\u015f\u0131 t\u00fcm h\u0131z\u0131yla devam ederken Real Madrid, deplasmanda Valencia&#8217;y\u0131 2-0 ma\u011flup ederek lider Barcelona&#8217;y\u0131 takibini s\u00fcrd\u00fcrd\u00fc. Kar\u015f\u0131la\u015fman\u0131n ard\u0131ndan \u0130spanyol bas\u0131n\u0131nda ma\u00e7\u0131n yan\u0131 s\u0131ra Arda G\u00fcler&#8217;in performans\u0131 da g\u00fcndem oldu.<\/p>\n<p><b>\u0130SPANYOL YORUMCUDAN ARDA G\u00dcLER&#8217;E ELE\u015eT\u0130R\u0130<\/b><\/p>\n<p>Carrusel Deportivo&#8217;da de\u011ferlendirmelerde bulunan \u0130spanyol yorumcu Rafa Alkorta, milli futbolcu Arda G\u00fcler&#8217;e y\u00f6nelik dikkat \u00e7eken ele\u015ftirilerde bulundu.<\/p>\n<p><b>&#8220;B\u0130R T\u00dcRK\u0130YE, B\u0130R DE REAL MADRID GER\u00c7E\u011e\u0130 VAR&#8221;<\/b><\/p>\n<p>Alkorta, Arda G\u00fcler&#8217;in oyun anlay\u0131\u015f\u0131na de\u011finerek, &#8220;T\u00fcrkiye&#8217;deki gibi oynamak istiyor; t\u00fcm tak\u0131m\u0131n onun i\u00e7in oynad\u0131\u011f\u0131 ve onun saha i\u00e7inde istedi\u011fi gibi \u00f6zg\u00fcrce hareket edebildi\u011fi bir d\u00fczen ar\u0131yor. Ancak buras\u0131 T\u00fcrkiye de\u011fil, Real Madrid. Burada farkl\u0131 bir g\u00f6revi var&#8221; ifadelerini kulland\u0131.<\/p>\n<p><b>G\u00d6ZLER ARDA G\u00dcLER&#8217;DE<\/b><\/p>\n<p>\u0130spanyol bas\u0131n\u0131ndaki bu yorumlar, Real Madrid&#8217;de forma \u015fans\u0131 bulmak i\u00e7in rekabet eden Arda G\u00fcler&#8217;in adaptasyon s\u00fcrecinin yak\u0131ndan takip edildi\u011fini bir kez daha ortaya koydu.<\/p>\n","protected":false},"excerpt":{"rendered":"<p>Real Madrid&#8217;in Valencia&#8217;y\u0131 2-0 ma\u011flup etti\u011fi ma\u00e7\u0131n ard\u0131ndan \u0130spanyol bas\u0131n\u0131, Arda G\u00fcler&#8217;in performans\u0131n\u0131 ele\u015ftirdi. \u0130spanyol yorumcu Rafa Alkorta, Arda G\u00fcler&#8217;in oyun anlay\u0131\u015f\u0131na dikkat \u00e7ekerek, &#8220;T\u00fcrkiye&#8217;deki gibi oynamak istiyor; t\u00fcm tak\u0131m\u0131n onun i\u00e7in oynad\u0131\u011f\u0131 ve onun saha i\u00e7inde istedi\u011fi gibi \u00f6zg\u00fcrce hareket edebildi\u011fi bir d\u00fczen ar\u0131yor. Ancak buras\u0131 T\u00fcrkiye de\u011fil, Real Madrid. Burada farkl\u0131 bir g\u00f6revi var&#8221; dedi.<\/p>\n","protected":false},"author":1,"featured_media":76176,"comment_status":"open","ping_status":"open","sticky":false,"template":"","format":"standard","meta":{"footnotes":""},"categories":[14],"tags":[277],"class_list":["post-76175","post","type-post","status-publish","format-standard","has-post-thumbnail","hentry","category-spor","tag-arda"],"_links":{"self":[{"href":"https:\/\/bihavadis.com\/index.php\/wp-json\/wp\/v2\/posts\/76175","targetHints":{"allow":["GET"]}}],"collection":[{"href":"https:\/\/bihavadis.com\/index.php\/wp-json\/wp\/v2\/posts"}],"about":[{"href":"https:\/\/bihavadis.com\/index.php\/wp-json\/wp\/v2\/types\/post"}],"author":[{"embeddable":true,"href":"https:\/\/bihavadis.com\/index.php\/wp-json\/wp\/v2\/users\/1"}],"replies":[{"embeddable":true,"href":"https:\/\/bihavadis.com\/index.php\/wp-json\/wp\/v2\/comments?post=76175"}],"version-history":[{"count":1,"href":"https:\/\/bihavadis.com\/index.php\/wp-json\/wp\/v2\/posts\/76175\/revisions"}],"predecessor-version":[{"id":76177,"href":"https:\/\/bihavadis.com\/index.php\/wp-json\/wp\/v2\/posts\/76175\/revisions\/76177"}],"wp:featuredmedia":[{"embeddable":true,"href":"https:\/\/bihavadis.com\/index.php\/wp-json\/wp\/v2\/media\/76176"}],"wp:attachment":[{"href":"https:\/\/bihavadis.com\/index.php\/wp-json\/wp\/v2\/media?parent=76175"}],"wp:term":[{"taxonomy":"category","embeddable":true,"href":"https:\/\/bihavadis.com\/index.php\/wp-json\/wp\/v2\/categories?post=76175"},{"taxonomy":"post_tag","embeddable":true,"href":"https:\/\/bihavadis.com\/index.php\/wp-json\/wp\/v2\/tags?post=76175"}],"curies":[{"name":"wp","href":"https:\/\/api.w.org\/{rel}","templated":true}]}}