{"id":76178,"date":"2026-04-30T10:24:11","date_gmt":"2026-04-30T10:24:11","guid":{"rendered":"https:\/\/bihavadis.com\/?p=76178"},"modified":"2026-04-30T10:24:11","modified_gmt":"2026-04-30T10:24:11","slug":"trabzonspor-fatih-tekke-ile-2-puan-ortalamasi-tutturdu","status":"publish","type":"post","link":"https:\/\/bihavadis.com\/index.php\/2026\/04\/30\/trabzonspor-fatih-tekke-ile-2-puan-ortalamasi-tutturdu\/","title":{"rendered":"Trabzonspor, Fatih Tekke ile 2 puan ortalamas\u0131 tutturdu"},"content":{"rendered":"<p>Trabzonspor, ge\u00e7en sezon S\u00fcper Lig&#8217;in 27. haftas\u0131ndaki Hatayspor yenilgisinin ard\u0131ndan 32 puanla 11. s\u0131rada yer al\u0131rken \u015eenol G\u00fcne\u015f&#8217;in yerine getirilen Fatih Tekke ile \u00e7\u0131k\u0131\u015fa ge\u00e7ti.<\/p>\n<p>Karadeniz ekibi, 48 ya\u015f\u0131ndaki \u00e7al\u0131\u015ft\u0131r\u0131c\u0131 y\u00f6netiminde ge\u00e7en sezon \u00e7\u0131kt\u0131\u011f\u0131 11 kar\u015f\u0131la\u015fmada 5 galibiyet, 4 beraberlik, 2 ma\u011flubiyet ile 19 puan elde ederek ligi 51 puanla 7. s\u0131rada tamamlad\u0131.<\/p>\n<p>Bu sezon 24. hafta sonunda 15 galibiyet, 6 beraberlik ve 3 ma\u011flubiyet ya\u015fayan Karadeniz ekibi toplad\u0131\u011f\u0131 51 puanla, lider Galatasaray ve ikinci Fenerbah\u00e7e&#8217;nin ard\u0131ndan \u00fc\u00e7\u00fcnc\u00fc s\u0131rada yer alarak zirve takibini s\u00fcrd\u00fcrd\u00fc.<\/p>\n<p><strong>35 L\u0130G KAR\u015eILA\u015eMASINDA 2 PUAN ORTALAMASI<\/strong><\/p>\n<p>Trabzonspor, teknik direkt\u00f6r Fatih Tekke y\u00f6netiminde \u00e7\u0131kt\u0131\u011f\u0131 35 lig ma\u00e7\u0131nda 20 galibiyet, 10 beraberlik ve 5 ma\u011flubiyetle sahadan ayr\u0131ld\u0131.<\/p>\n<p>Fatih Tekke, 2 puan ortalamas\u0131yla 2023 y\u0131l\u0131n\u0131n mart ay\u0131nda g\u00f6reve gelen Ertu\u011frul Do\u011fan&#8217;\u0131n ba\u015fkanl\u0131\u011f\u0131 d\u00f6nemindeki 6 teknik direkt\u00f6r i\u00e7inde en y\u00fcksek puan ortalamas\u0131n\u0131 elde eden isim oldu.<\/p>\n<p>Do\u011fan d\u00f6neminde g\u00f6rev alan Abdullah Avc\u0131 (1.80), \u015eenol G\u00fcne\u015f (1.30), Nenad Bjelica (1.50), Orhan Ak (1.50) ve \u0130hsan Derelio\u011flu (0.66) puan ortalamas\u0131 elde etmi\u015fti.<\/p>\n<p><img decoding=\"async\" src=\"https:\/\/bihavadis.com\/wp-content\/uploads\/2026\/04\/trabzonspor-fatih-tekke-ile-2-puan-ortalamasi-tutturdu-0-4nB2r3yl.jpg\"\/><\/p>\n<p><strong>\u015eAMP\u0130YONLUK SONRASI EN \u0130Y\u0130 D\u00d6NEM<\/strong><\/p>\n<p>Trabzonspor, bu sezon teknik direkt\u00f6r Fatih Tekke y\u00f6netiminde \u015fampiyonluk ya\u015fad\u0131\u011f\u0131 2021-2022 sezonun ard\u0131ndan en iyi d\u00f6nemini ya\u015f\u0131yor.<\/p>\n<p>2021-2022 sezonunda 24. haftay\u0131 57 puanla lider kapatan Karadeniz ekibi, bu sezon ise ayn\u0131 d\u00f6nemi 51 puanla 3. s\u0131rada bitirdi.<\/p>\n<p>Bordo-mavili tak\u0131m, \u015fampiyonluk ya\u015fad\u0131\u011f\u0131 sezondan sonraki en iyi performans\u0131n\u0131 bu sezon sergiledi.<\/p>\n<p><strong>KUPADA F\u0130NAL OYNADI<\/strong><\/p>\n<p>Trabzonspor, Fatih Tekke y\u00f6netiminde ge\u00e7en sezon Ziraat T\u00fcrkiye Kupas\u0131&#8217;nda final oynad\u0131.<\/p>\n<p>Bodrum FK ile oynanan \u00e7eyrek final kar\u015f\u0131la\u015fmas\u0131n\u0131 uzatma b\u00f6l\u00fcm\u00fcnde att\u0131\u011f\u0131 golle 3-2 kazanarak yar\u0131 finale y\u00fckselen bordo-mavililer, yar\u0131 finalde de G\u00f6ztepe&#8217;yi 2-0 yenerek finale y\u00fckselmi\u015fti.<\/p>\n<p>Trabzonspor finalde ise Galatasaray&#8217;a 3-0 ma\u011flup oldu ve kupay\u0131 elde edemedi.<\/p>\n<p>Karadeniz ekibi, bu sezon ise T\u00fcrkiye Kupas\u0131 A Grubu&#8217;nda hafta i\u00e7inde Ba\u015fak\u015fehir&#8217;e kar\u015f\u0131 yoluna devam edip etmeme noktas\u0131nda \u00f6nemli bir ma\u00e7a \u00e7\u0131kacak.<\/p>\n<p><img decoding=\"async\" src=\"https:\/\/bihavadis.com\/wp-content\/uploads\/2026\/04\/trabzonspor-fatih-tekke-ile-2-puan-ortalamasi-tutturdu-1-ShmvKKQ6.jpg\"\/> <\/p>\n<div> <span><strong>Kaynak:<\/strong> Ensonhaber Haber Merkezi<\/span> <\/div>\n","protected":false},"excerpt":{"rendered":"<p>Trabzonspor, ge\u00e7en sezon S\u00fcper Lig&#8217;in 27. haftas\u0131ndaki Hatayspor yenilgisinin ard\u0131ndan 32 puanla 11. s\u0131rada yer al\u0131rken \u015eenol G\u00fcne\u015f&#8217;in yerine getirilen Fatih Tekke ile \u00e7\u0131k\u0131\u015fa ge\u00e7ti. Karadeniz ekibi, 48 ya\u015f\u0131ndaki \u00e7al\u0131\u015ft\u0131r\u0131c\u0131 y\u00f6netiminde ge\u00e7en sezon &#8230;<\/p>\n","protected":false},"author":1,"featured_media":76179,"comment_status":"open","ping_status":"open","sticky":false,"template":"","format":"standard","meta":{"footnotes":""},"categories":[14],"tags":[3449,1797,3206,451,1799],"class_list":["post-76178","post","type-post","status-publish","format-standard","has-post-thumbnail","hentry","category-spor","tag-donem","tag-final","tag-puanla","tag-sezon","tag-trabzonspor"],"_links":{"self":[{"href":"https:\/\/bihavadis.com\/index.php\/wp-json\/wp\/v2\/posts\/76178","targetHints":{"allow":["GET"]}}],"collection":[{"href":"https:\/\/bihavadis.com\/index.php\/wp-json\/wp\/v2\/posts"}],"about":[{"href":"https:\/\/bihavadis.com\/index.php\/wp-json\/wp\/v2\/types\/post"}],"author":[{"embeddable":true,"href":"https:\/\/bihavadis.com\/index.php\/wp-json\/wp\/v2\/users\/1"}],"replies":[{"embeddable":true,"href":"https:\/\/bihavadis.com\/index.php\/wp-json\/wp\/v2\/comments?post=76178"}],"version-history":[{"count":1,"href":"https:\/\/bihavadis.com\/index.php\/wp-json\/wp\/v2\/posts\/76178\/revisions"}],"predecessor-version":[{"id":76182,"href":"https:\/\/bihavadis.com\/index.php\/wp-json\/wp\/v2\/posts\/76178\/revisions\/76182"}],"wp:featuredmedia":[{"embeddable":true,"href":"https:\/\/bihavadis.com\/index.php\/wp-json\/wp\/v2\/media\/76179"}],"wp:attachment":[{"href":"https:\/\/bihavadis.com\/index.php\/wp-json\/wp\/v2\/media?parent=76178"}],"wp:term":[{"taxonomy":"category","embeddable":true,"href":"https:\/\/bihavadis.com\/index.php\/wp-json\/wp\/v2\/categories?post=76178"},{"taxonomy":"post_tag","embeddable":true,"href":"https:\/\/bihavadis.com\/index.php\/wp-json\/wp\/v2\/tags?post=76178"}],"curies":[{"name":"wp","href":"https:\/\/api.w.org\/{rel}","templated":true}]}}