{"id":76261,"date":"2026-04-30T11:33:14","date_gmt":"2026-04-30T11:33:14","guid":{"rendered":"https:\/\/bihavadis.com\/?p=76261"},"modified":"2026-04-30T11:33:14","modified_gmt":"2026-04-30T11:33:14","slug":"erzurumda-beyaz-kelebekler-cennete-uctu-sergisi","status":"publish","type":"post","link":"https:\/\/bihavadis.com\/index.php\/2026\/04\/30\/erzurumda-beyaz-kelebekler-cennete-uctu-sergisi\/","title":{"rendered":"Erzurum&#8217;da &#8216;Beyaz kelebekler cennete u\u00e7tu&#8217; sergisi"},"content":{"rendered":"<p>\n<p>ERZURUM&#8217;da g\u00f6rsel sanatlar \u00f6\u011fretmenleri Derya Erkut, Nejmi Atalay ve Z\u00fclk\u00fcf S\u00fcmb\u00fcl, ba\u015fta Gazze olmak \u00fczere d\u00fcnyan\u0131n \u00e7e\u015fitli b\u00f6lgelerindeki sava\u015flarda \u00f6len \u00e7ocuklara dikkat \u00e7ekmek i\u00e7in &#8216;Beyaz Kelebekler Cennete U\u00e7tu&#8217; temal\u0131 sergi a\u00e7t\u0131. Siyah perde \u00fczerine 6 bin kelebek yerle\u015ftiren \u00f6\u011fretmenlerin \u00e7ocuk foto\u011fraflar\u0131na yer verdi\u011fi sergi duyguland\u0131rd\u0131.<\/p>\n<p>Yakutiye Anadolu Lisesi G\u00f6rsel Sanatlar \u00d6\u011fretmeni Derya Erkut, Tevfik \u0130leri Anadolu Lisesi&#8217;nde g\u00f6rsel sanatlar \u00f6\u011fretmeni Z\u00fclk\u00fcf S\u00fcmb\u00fcl ve Erzurum E\u011fitim Uygulama Merkezi M\u00fcd\u00fcr Yard\u0131mc\u0131s\u0131 Nejmi Atalay, sava\u015flarda \u00f6len \u00e7ocuklara dikkat \u00e7ekmek i\u00e7in &#8216;Beyaz Kelebekler Cennete U\u00e7tu&#8217; isimli enstalasyon sergisi a\u00e7t\u0131. Sava\u015flarda ma\u011fdur olan \u00e7ocuklar\u0131n foto\u011fraflar\u0131n\u0131n yan\u0131 s\u0131ra hayat\u0131n\u0131 kaybedenleri temsilen 6 bin beyaz kelebe\u011fin kullan\u0131ld\u0131\u011f\u0131 sergi Yakutiye Anadolu Lisesi&#8217;nde a\u00e7\u0131ld\u0131. Erzurum B\u00fcy\u00fck\u015fehir Belediyesi Ba\u015fkan Vekili Mehmet Akarsu, \u0130l Milli E\u011fitim M\u00fcd\u00fcr\u00fc S\u00fcleyman Ekici, Yakutiye Milli E\u011fitim M\u00fcd\u00fcr\u00fc Abdurrahman Gazio\u011flu ve davetliler, sergiyi gezip \u00f6\u011frencilerin haz\u0131rlad\u0131klar\u0131 oratoryoyu izledi. \u00d6\u011fretmenleri tebrik eden \u0130l Milli E\u011fitim M\u00fcd\u00fcr\u00fc S\u00fcleyman Ekici, &#8220;Salona girdi\u011fimizde duygular\u0131m\u0131z \u00e7ok farkl\u0131yd\u0131. Bizim i\u00e7in g\u00f6rsellik ihtiva eden bir tablo vard\u0131. Sergiyi gezdikten sonra bunun g\u00f6nl\u00fcm\u00fczde nas\u0131l bir yara a\u00e7t\u0131\u011f\u0131n\u0131 nas\u0131l bir travma oldu\u011funu iliklerimize kadar hissettik&#8221; diye konu\u015ftu.<\/p>\n<p>&#8216;\u0130NSANLARI D\u00dc\u015e\u00dcND\u00dcRMEK \u0130STED\u0130K&#8217;<\/p>\n<p>D\u00fcnyada bu kadar \u00f6len \u00e7ocuk varken duyars\u0131z kalamad\u0131klar\u0131n\u0131 belirten Yakutiye Anadolu Lisesi G\u00f6rsel Sanatlar \u00d6\u011fretmeni Derya Erkut, \u015funlar\u0131 s\u00f6yledi: <\/p>\n<p>&#8220;Bununla ilgili bir proje yapmak istedik. G\u00f6rsel ve m\u00fczikle birle\u015fen bir sanat olan enstalasyonla fark\u0131ndal\u0131k olu\u015fturmaya \u00e7al\u0131\u015ft\u0131k. Bu \u00e7al\u0131\u015fmayla \u00f6len \u00e7ocuklara dikkat \u00e7ekmek istedik. \u0130nsanlar\u0131 biraz daha bu i\u015fin i\u00e7ine \u00e7ekmek biraz daha d\u00fc\u015f\u00fcnd\u00fcrmek istedik. Son d\u00f6nemlerde ya\u015fanan sava\u015flar sonucunda \u00f6len \u00e7ocuklar\u0131n baba ve e\u011fitimci olarak kendilerini yaralad\u0131\u011f\u0131n\u0131 ifade eden Tevfik \u0130leri Anadolu Lisesi&#8217;nde g\u00f6rsel sanatlar \u00f6\u011fretmeni Z\u00fclk\u00fcf S\u00fcmb\u00fcl, &#8220;\u0130\u00e7imize dokunan, y\u00fcre\u011fimize dokunan bu duygu selini sanatsal etkinlik yoluyla insanlara aktarmak bir fark\u0131ndal\u0131k olu\u015fturmak i\u00e7in b\u00f6yle bir \u00e7al\u0131\u015fma haz\u0131rlad\u0131k&#8221; dedi. Erzurum E\u011fitim Uygulama Merkezi M\u00fcd\u00fcr Yard\u0131mc\u0131s\u0131 Nejmi Atalay, Filistin&#8217;de Gazze&#8217;de \u015fehit edilen \u00e7ocuklar ad\u0131na b\u00f6yle sergiyi a\u00e7t\u0131klar\u0131n\u0131 s\u00f6yledi. <\/p>\n","protected":false},"excerpt":{"rendered":"<p>ERZURUM&#8217;da g\u00f6rsel sanatlar \u00f6\u011fretmenleri Derya Erkut, Nejmi Atalay ve Z\u00fclk\u00fcf S\u00fcmb\u00fcl, ba\u015fta Gazze olmak \u00fczere d\u00fcnyan\u0131n \u00e7e\u015fitli b\u00f6lgelerindeki sava\u015flarda \u00f6len \u00e7ocuklara dikkat \u00e7ekmek i\u00e7in &#8216;Beyaz Kelebekler Cennete U\u00e7tu&#8217; temal\u0131 sergi a\u00e7t\u0131.<\/p>\n","protected":false},"author":1,"featured_media":76262,"comment_status":"open","ping_status":"open","sticky":false,"template":"","format":"standard","meta":{"footnotes":""},"categories":[9,4,13],"tags":[233,8190,449,8189,2300],"class_list":["post-76261","post","type-post","status-publish","format-standard","has-post-thumbnail","hentry","category-genel","category-gundem","category-son-dakika","tag-egitim","tag-gorsel-sanatlar","tag-mudur","tag-olen-cocuk","tag-sergi"],"_links":{"self":[{"href":"https:\/\/bihavadis.com\/index.php\/wp-json\/wp\/v2\/posts\/76261","targetHints":{"allow":["GET"]}}],"collection":[{"href":"https:\/\/bihavadis.com\/index.php\/wp-json\/wp\/v2\/posts"}],"about":[{"href":"https:\/\/bihavadis.com\/index.php\/wp-json\/wp\/v2\/types\/post"}],"author":[{"embeddable":true,"href":"https:\/\/bihavadis.com\/index.php\/wp-json\/wp\/v2\/users\/1"}],"replies":[{"embeddable":true,"href":"https:\/\/bihavadis.com\/index.php\/wp-json\/wp\/v2\/comments?post=76261"}],"version-history":[{"count":1,"href":"https:\/\/bihavadis.com\/index.php\/wp-json\/wp\/v2\/posts\/76261\/revisions"}],"predecessor-version":[{"id":76263,"href":"https:\/\/bihavadis.com\/index.php\/wp-json\/wp\/v2\/posts\/76261\/revisions\/76263"}],"wp:featuredmedia":[{"embeddable":true,"href":"https:\/\/bihavadis.com\/index.php\/wp-json\/wp\/v2\/media\/76262"}],"wp:attachment":[{"href":"https:\/\/bihavadis.com\/index.php\/wp-json\/wp\/v2\/media?parent=76261"}],"wp:term":[{"taxonomy":"category","embeddable":true,"href":"https:\/\/bihavadis.com\/index.php\/wp-json\/wp\/v2\/categories?post=76261"},{"taxonomy":"post_tag","embeddable":true,"href":"https:\/\/bihavadis.com\/index.php\/wp-json\/wp\/v2\/tags?post=76261"}],"curies":[{"name":"wp","href":"https:\/\/api.w.org\/{rel}","templated":true}]}}