{"id":76264,"date":"2026-04-30T11:36:08","date_gmt":"2026-04-30T11:36:08","guid":{"rendered":"https:\/\/bihavadis.com\/?p=76264"},"modified":"2026-04-30T11:36:08","modified_gmt":"2026-04-30T11:36:08","slug":"girisimci-adaylari-sanayinin-kalbinden-ilham-aldi","status":"publish","type":"post","link":"https:\/\/bihavadis.com\/index.php\/2026\/04\/30\/girisimci-adaylari-sanayinin-kalbinden-ilham-aldi\/","title":{"rendered":"Giri\u015fimci Adaylar\u0131 Sanayinin Kalbinden \u0130lham Ald\u0131"},"content":{"rendered":"<p><span><span><span><span>Osmangazi Belediyesi, gen\u00e7leri giri\u015fimcilik ekosistemiyle bulu\u015fturmak amac\u0131yla d\u00fczenledi\u011fi \u2018Giri\u015fimci Kafas\u0131\u2019 etkinli\u011fi kapsam\u0131nda anlaml\u0131 bir programa daha imza att\u0131. Etkinlik \u00e7er\u00e7evesinde Uluda\u011f \u00dcniversitesi Gen\u00e7 Giri\u015fimciler Toplulu\u011fu\u2019ndan yakla\u015f\u0131k 50 \u00f6\u011frenci, Bursa\u2019n\u0131n \u00f6nemli sanayi kurulu\u015flar\u0131ndan Bemis Elektrik Fabrikas\u0131\u2019n\u0131 ziyaret ederek \u00fcretim s\u00fcre\u00e7lerini yak\u0131ndan inceleme f\u0131rsat\u0131 buldu.<\/span><\/span><\/span><\/span><\/p>\n<p><span><span><span><span>Osmangazi Belediyesi taraf\u0131ndan hayata ge\u00e7irilen \u2018Giri\u015fimci Kafas\u0131\u2019 s\u00f6yle\u015fisinde daha \u00f6nce gen\u00e7lerle bir araya gelen BEM\u0130S Y\u00f6netim Kurulu Ba\u015fkan\u0131 \u015einasi G\u00fcne\u015f, bu kez giri\u015fimci adaylar\u0131n\u0131 fabrikan\u0131n \u00fcretim tesisinde a\u011f\u0131rlad\u0131. G\u00fcne\u015f, fabrika turu boyunca gen\u00e7lere e\u015flik ederek Bemis\u2019in \u00fcretim s\u00fcre\u00e7leri, \u015firketin geli\u015fim yolculu\u011fu ve sanayide katma de\u011fer \u00fcretmenin \u00f6nemi hakk\u0131nda bilgiler payla\u015ft\u0131. <\/span><\/span><\/span><\/span><\/p>\n<p><span><span><b><span><span>\u201cBa\u015farma \u0130ste\u011fimiz Her Zaman Vard\u0131 ve Bunu Hayata Ge\u00e7irdik\u201d<\/span><\/span><\/b><\/span><\/span><\/p>\n<p><span><span><span><span>Giri\u015fimcilik yolculu\u011funda kar\u015f\u0131la\u015f\u0131lan f\u0131rsatlar ve zorluklar ile i\u015f d\u00fcnyas\u0131nda ba\u015far\u0131ya ula\u015fman\u0131n temel dinamiklerine dair tecr\u00fcbelerini anlatan \u015einasi G\u00fcne\u015f, s\u00f6zlerinde \u015fu ifadeleri kulland\u0131:<\/span><\/span><\/span><\/span><\/p>\n<p><span><span><span><span>\u201c1994 y\u0131l\u0131nda benzer bir i\u015f yerinde \u00e7al\u0131\u015f\u0131rken ayr\u0131larak BEM\u0130S Teknik Elektrik\u2019i kurdum. Bug\u00fcn 32 y\u0131ll\u0131k bir ge\u00e7mi\u015fe sahibiz. 11 bin metrekare kapal\u0131 alanda \u00fcretim yap\u0131yor, yakla\u015f\u0131k 7 bin \u00e7e\u015fit \u00fcr\u00fcn\u00fcm\u00fcz\u00fc 70 \u00fclkeye ihra\u00e7 ediyoruz. Elektrik malzemeleri sekt\u00f6r\u00fcnde lider konumda yer alan bir firmay\u0131z. Yakla\u015f\u0131k 150 \u00e7al\u0131\u015fan\u0131m\u0131z var. \u0130hracat oran\u0131m\u0131z y\u00fczde 40\u2019a yak\u0131n. T\u00fcrkiye\u2019de marka bilinirli\u011fi y\u00fcksek, g\u00fc\u00e7l\u00fc bir konumday\u0131z. Biz k\u00f6yde yeti\u015fmi\u015f, ba\u015far\u0131ya a\u00e7 insanlar\u0131z. Ba\u015farma iste\u011fimiz her zaman vard\u0131 ve bunu hayata ge\u00e7irdik. Bug\u00fcn de fabrikam\u0131za teknik gezi i\u00e7in gelen Uluda\u011f \u00dcniversitesi \u00f6\u011frencilerini a\u011f\u0131rl\u0131yoruz. Onlar i\u00e7in verimli bir ziyaret olmas\u0131n\u0131 umuyorum. Gen\u00e7lere tavsiyem; kolay i\u015fleri de\u011fil, zor i\u015fleri se\u00e7meleri, almaya de\u011fil vermeye odaklanmalar\u0131, \u00e7al\u0131\u015ft\u0131klar\u0131 yerde ba\u015fkas\u0131 i\u00e7in de\u011fil kendileri i\u00e7in \u00e7al\u0131\u015ft\u0131klar\u0131n\u0131 d\u00fc\u015f\u00fcnmeleri ve kendilerini teknik anlamda s\u00fcrekli geli\u015ftirmeleridir.\u201d<\/span><\/span><\/span><\/span><\/p>\n<p><span><span><span><span>Gen\u00e7lerin yo\u011fun ilgi g\u00f6sterdi\u011fi programda \u00f6\u011frenciler merak ettikleri sorular\u0131 y\u00f6neltme f\u0131rsat\u0131 bulurken, G\u00fcne\u015f\u2019in payla\u015ft\u0131\u011f\u0131 deneyimler giri\u015fimci adaylar\u0131na \u00f6nemli bir perspektif sundu. Hem \u00fcretim d\u00fcnyas\u0131n\u0131 yak\u0131ndan tan\u0131ma hem de sekt\u00f6r temsilcileriyle birebir ileti\u015fim kurma f\u0131rsat\u0131 bulan gen\u00e7ler, programdan memnuniyetle ayr\u0131ld\u0131.<\/span><\/span><\/span><\/span><\/p>\n<p>\u00a0<\/p>\n<p>Kaynak: (BYZHA) Beyaz Haber Ajans\u0131<\/p>\n","protected":false},"excerpt":{"rendered":"<p>Osmangazi Belediyesi, gen\u00e7leri giri\u015fimcilik ekosistemiyle bulu\u015fturmak amac\u0131yla d\u00fczenledi\u011fi \u2018Giri\u015fimci Kafas\u0131\u2019 etkinli\u011fi kapsam\u0131nda anlaml\u0131 bir programa daha imza att\u0131.<\/p>\n","protected":false},"author":1,"featured_media":76265,"comment_status":"open","ping_status":"open","sticky":false,"template":"","format":"standard","meta":{"footnotes":""},"categories":[4],"tags":[340,2428,375],"class_list":["post-76264","post","type-post","status-publish","format-standard","has-post-thumbnail","hentry","category-gundem","tag-genc","tag-girisimci","tag-uretim"],"_links":{"self":[{"href":"https:\/\/bihavadis.com\/index.php\/wp-json\/wp\/v2\/posts\/76264","targetHints":{"allow":["GET"]}}],"collection":[{"href":"https:\/\/bihavadis.com\/index.php\/wp-json\/wp\/v2\/posts"}],"about":[{"href":"https:\/\/bihavadis.com\/index.php\/wp-json\/wp\/v2\/types\/post"}],"author":[{"embeddable":true,"href":"https:\/\/bihavadis.com\/index.php\/wp-json\/wp\/v2\/users\/1"}],"replies":[{"embeddable":true,"href":"https:\/\/bihavadis.com\/index.php\/wp-json\/wp\/v2\/comments?post=76264"}],"version-history":[{"count":1,"href":"https:\/\/bihavadis.com\/index.php\/wp-json\/wp\/v2\/posts\/76264\/revisions"}],"predecessor-version":[{"id":76266,"href":"https:\/\/bihavadis.com\/index.php\/wp-json\/wp\/v2\/posts\/76264\/revisions\/76266"}],"wp:featuredmedia":[{"embeddable":true,"href":"https:\/\/bihavadis.com\/index.php\/wp-json\/wp\/v2\/media\/76265"}],"wp:attachment":[{"href":"https:\/\/bihavadis.com\/index.php\/wp-json\/wp\/v2\/media?parent=76264"}],"wp:term":[{"taxonomy":"category","embeddable":true,"href":"https:\/\/bihavadis.com\/index.php\/wp-json\/wp\/v2\/categories?post=76264"},{"taxonomy":"post_tag","embeddable":true,"href":"https:\/\/bihavadis.com\/index.php\/wp-json\/wp\/v2\/tags?post=76264"}],"curies":[{"name":"wp","href":"https:\/\/api.w.org\/{rel}","templated":true}]}}