{"id":76282,"date":"2026-04-30T11:51:07","date_gmt":"2026-04-30T11:51:07","guid":{"rendered":"https:\/\/bihavadis.com\/?p=76282"},"modified":"2026-04-30T11:51:07","modified_gmt":"2026-04-30T11:51:07","slug":"cevdet-yilmazdan-ozdemir-bayraktar-belgeseli-yorumu","status":"publish","type":"post","link":"https:\/\/bihavadis.com\/index.php\/2026\/04\/30\/cevdet-yilmazdan-ozdemir-bayraktar-belgeseli-yorumu\/","title":{"rendered":"Cevdet Y\u0131lmaz&#8217;dan \u00d6zdemir Bayraktar Belgeseli yorumu"},"content":{"rendered":"<p> Cumhurba\u015fkan\u0131 Yard\u0131mc\u0131s\u0131 Cevdet Y\u0131lmaz, sosyal medya hesab\u0131ndan yapt\u0131\u011f\u0131 payla\u015f\u0131mda, T\u00fcrkiye&#8217;nin ilk yerli S\u0130HA sistemi olan Bayraktar TB2&#8217;nin ve Bayraktar Ak\u0131nc\u0131&#8217;n\u0131n tasar\u0131mc\u0131s\u0131 olan ve \u00f6l\u00fcm\u00fcne kadar Baykar Makina Sanayi ve Ticaret A.\u015e&#8217;nin y\u00f6netim kurulu ba\u015fkanl\u0131\u011f\u0131n\u0131 yapan \u00d6zdemir Bayraktar i\u00e7in haz\u0131rlanan belgeseli izledi\u011fini belirterek, eme\u011fe ge\u00e7enlere te\u015fekk\u00fcr etti.<\/p>\n<p><b>&#8220;GELECEK NES\u0130LLERE \u00d6ZG\u00dcN A\u015eISI&#8221;<\/b><\/p>\n<p>Y\u0131lmaz, payla\u015f\u0131m\u0131nda, &#8220;Gen\u00e7ler ba\u015fta olmak \u00fczere, al\u0131n teri ve ak\u0131l teri d\u00f6kmenin, bir i\u015fe g\u00f6n\u00fcl vermenin k\u0131ymetini g\u00f6rmek isteyen herkese tavsiye ederim. &#8216;Yapt\u0131k ve daha fazlas\u0131n\u0131 yapabiliriz&#8217; dedirten bir hayat hikayesi. Gelecek nesillere \u00f6zg\u00fcven a\u015f\u0131s\u0131\u2026 Azimli, inan\u00e7l\u0131, adam gibi bir adam\u0131n hikayesi\u2026 &#8216;G\u00fc\u00e7l\u00fcysem hakl\u0131y\u0131m&#8217; diyen bir d\u00fcnyada, &#8216;hem hakl\u0131 hem g\u00fc\u00e7l\u00fc olmak m\u00fcmk\u00fcn&#8217; diyen, &#8216;Hakk\u0131d\u0131r Hakk&#8217;a tapan milletimin istiklal&#8217; diye hayk\u0131ran bir milletin evlad\u0131\u2026 Sadece izlemekle kalmayal\u0131m, izinden gidelim\u2026 Rahmetle ve minnetle an\u0131yoruz.&#8221; dedi.<\/p>\n","protected":false},"excerpt":{"rendered":"<p>Cumhurba\u015fkan\u0131 Yard\u0131mc\u0131s\u0131 Cevdet Y\u0131lmaz, Baykar&#8217;\u0131n kurucusu \u00d6zdemir Bayraktar&#8217;\u0131n hayat\u0131n\u0131 konu alan belgeseli izledi\u011fini belirterek, &#8220;&#8216;Yapt\u0131k ve daha fazlas\u0131n\u0131 yapabiliriz&#8217; dedirten bir hayat hikayesi. Gelecek nesillere \u00f6zg\u00fcven a\u015f\u0131s\u0131&#8221; a\u00e7\u0131klamas\u0131n\u0131 yapt\u0131.<\/p>\n","protected":false},"author":1,"featured_media":76283,"comment_status":"open","ping_status":"open","sticky":false,"template":"","format":"standard","meta":{"footnotes":""},"categories":[12],"tags":[],"class_list":["post-76282","post","type-post","status-publish","format-standard","has-post-thumbnail","hentry","category-siyaset"],"_links":{"self":[{"href":"https:\/\/bihavadis.com\/index.php\/wp-json\/wp\/v2\/posts\/76282","targetHints":{"allow":["GET"]}}],"collection":[{"href":"https:\/\/bihavadis.com\/index.php\/wp-json\/wp\/v2\/posts"}],"about":[{"href":"https:\/\/bihavadis.com\/index.php\/wp-json\/wp\/v2\/types\/post"}],"author":[{"embeddable":true,"href":"https:\/\/bihavadis.com\/index.php\/wp-json\/wp\/v2\/users\/1"}],"replies":[{"embeddable":true,"href":"https:\/\/bihavadis.com\/index.php\/wp-json\/wp\/v2\/comments?post=76282"}],"version-history":[{"count":1,"href":"https:\/\/bihavadis.com\/index.php\/wp-json\/wp\/v2\/posts\/76282\/revisions"}],"predecessor-version":[{"id":76284,"href":"https:\/\/bihavadis.com\/index.php\/wp-json\/wp\/v2\/posts\/76282\/revisions\/76284"}],"wp:featuredmedia":[{"embeddable":true,"href":"https:\/\/bihavadis.com\/index.php\/wp-json\/wp\/v2\/media\/76283"}],"wp:attachment":[{"href":"https:\/\/bihavadis.com\/index.php\/wp-json\/wp\/v2\/media?parent=76282"}],"wp:term":[{"taxonomy":"category","embeddable":true,"href":"https:\/\/bihavadis.com\/index.php\/wp-json\/wp\/v2\/categories?post=76282"},{"taxonomy":"post_tag","embeddable":true,"href":"https:\/\/bihavadis.com\/index.php\/wp-json\/wp\/v2\/tags?post=76282"}],"curies":[{"name":"wp","href":"https:\/\/api.w.org\/{rel}","templated":true}]}}