{"id":76293,"date":"2026-04-30T12:00:22","date_gmt":"2026-04-30T12:00:22","guid":{"rendered":"https:\/\/bihavadis.com\/?p=76293"},"modified":"2026-04-30T12:00:22","modified_gmt":"2026-04-30T12:00:22","slug":"bunyan-enerji-santrali-96-yildir-faaliyette","status":"publish","type":"post","link":"https:\/\/bihavadis.com\/index.php\/2026\/04\/30\/bunyan-enerji-santrali-96-yildir-faaliyette\/","title":{"rendered":"B\u00fcnyan Enerji Santrali 96 Y\u0131ld\u0131r Faaliyette"},"content":{"rendered":"<p>KAYSER\u0130&#8217;nin B\u00fcnyan il\u00e7esinde 1926 y\u0131l\u0131nda Mustafa Kemal Atat\u00fcrk&#8217;\u00fcn imzas\u0131 ile kurulan ve 1930&#8217;de faaliyete al\u0131nan B\u00fcnyan Enerji Santrali, 96 y\u0131ld\u0131r ayn\u0131 makinelerle enerji \u00fcretmeyi s\u00fcrd\u00fcr\u00fcyor. <\/p>\n<p>B\u00fcnyan il\u00e7esindeki hidroelektrik santrali, 1926 y\u0131l\u0131nda Mustafa Kemal Atat\u00fcrk&#8217;\u00fcn imzas\u0131yla kurulmaya ba\u015fland\u0131. Belediye ve Kayserili giri\u015fimcilerin deste\u011fiyle, Alman-\u00c7ek m\u00fchendisleri taraf\u0131ndan kurulup, 1930 y\u0131l\u0131nda devreye al\u0131nan, T\u00fcrkiye&#8217;nin \u00e7al\u0131\u015f\u0131r durumdaki en eski hidroelektrik santrallerinden biri olan santral, elektrik \u00fcretmeye devam ediyor. Ayr\u0131ca santralin kurulumunda \u00e7al\u0131\u015fan \u0130stanbullu bir ustan\u0131n, memleketine duydu\u011fu \u00f6zlem nedeniyle bah\u00e7eye in\u015fa etti\u011fi &#8216;K\u0131z Kulesi&#8217; maketi de ilk g\u00fcnk\u00fc gibi korunuyor. \u00d6zel bir enerji \u015firketinin \u00fcretim m\u00fcd\u00fcr\u00fc Fevzi Ekici, &#8220;Santralimiz, 1926 y\u0131l\u0131nda Kayserili giri\u015fimciler ve o d\u00f6nemin belediye i\u015f birli\u011fiyle olu\u015fturulmu\u015f ve onlar\u0131n giri\u015fimcili\u011fiyle 1926 y\u0131l\u0131nda yap\u0131m\u0131na ba\u015flanm\u0131\u015f, akabinde 1930 sonlar\u0131na do\u011fru da devreye al\u0131nm\u0131\u015f bir hidroelektrik santraldir. G\u00fcn\u00fcm\u00fcze kadar da \u00fcretimi devam etmektedir&#8221; diye konu\u015ftu.<\/p>\n<p>&#8216;EKONOM\u0130YE KATKISI DEVAM ETMEKTE&#8217;<\/p>\n<p>Fevzi Ekici, &#8220;1926 y\u0131l\u0131nda Atat\u00fcrk&#8217;\u00fcn imzas\u0131yla hem hidroelektrik santral kurulumu hem bu \u015firketin olu\u015fumu i\u00e7in Atat\u00fcrk&#8217;\u00fcn imzas\u0131yla kurulmu\u015f. Devam\u0131nda da eminim Atat\u00fcrk&#8217;\u00fcn verdi\u011fi destekle santral tamamlanm\u0131\u015f ve \u00fcretime ba\u015flam\u0131\u015ft\u0131r. O d\u00f6nemde asl\u0131nda B\u00fcnyan il\u00e7esinin haricinde Kayseri merkeze de bu enerji ta\u015f\u0131nm\u0131\u015f ve o y\u0131llarda Kayseri&#8217;de t\u00fcketilmi\u015f. Ama g\u00fcn\u00fcm\u00fczde tabii ki santral ve t\u00fcketilen g\u00fcc\u00fcn \u00e7ok fazla artmas\u0131ndan dolay\u0131 \u015fu anda da yine ekonomiye katk\u0131s\u0131 devam etmekte ama d\u00fc\u015f\u00fck bir miktarda enerji \u00fcretmektedir. Alman ve \u00c7ek m\u00fchendisli\u011fi ile yap\u0131lm\u0131\u015f bir santral. Markalar\u0131 da yine Alman ve \u00c7ek markalar\u0131. Herhangi bir de\u011fi\u015fiklik yapmad\u0131k. Trib\u00fcnler, jenerat\u00f6rler hala orijinali gibi korunmakta, bak\u0131m onar\u0131mlar\u0131 yap\u0131lmaktad\u0131r&#8221; dedi. <\/p>\n<p>&#8216;EN ESK\u0130 SANTRALLERDEN B\u0130R TANES\u0130&#8217;<\/p>\n<p>Santralin orijinalli\u011fini korumaya \u00e7al\u0131\u015ft\u0131klar\u0131n\u0131 belirten Ekici, &#8220;Tabii ki bunlar\u0131n mekanik, elektrik aksamlar\u0131n\u0131n tamam\u0131n\u0131 tamir yapabiliyoruz, modifikasyonlar yapabiliyoruz ama orijinalli\u011fini korumak \u015fart\u0131yla. B\u00fcnyan il\u00e7emizin, yukar\u0131s\u0131nda bir P\u0131narba\u015f\u0131 g\u00f6z\u00fcm\u00fcz var. Su kayna\u011f\u0131 buradan geliyor, s\u00fcrekli ak\u0131yor. Suyun hem i\u00e7me suyu hem de di\u011fer etraf\u0131ndaki yerlere her ne kadar da i\u00e7me suyu verilse de bu santralimize su, \u015fu anda yeterli gelmektedir. 1926&#8217;da kurulan bu santral belki o g\u00fcnden bug\u00fcne hala \u00e7al\u0131\u015fan, en eski santrallerinden bir tanesidir. Hala da ekonomimize katk\u0131s\u0131 olmaktad\u0131r. Biz de bunu devam ettirece\u011fiz. Biz onlar\u0131 da korumaya \u00e7al\u0131\u015f\u0131yoruz. Teknolojiye uygun yeni aletler \u00e7\u0131kt\u0131 ama yine de orijinalli\u011fini korumaya \u00e7al\u0131\u015f\u0131yoruz. Panoda da 96 y\u0131ll\u0131k alet sergiler maksad\u0131nda ama yine de kullan\u0131yoruz. Hala kullan\u0131yoruz&#8221; diye konu\u015ftu. <\/p>\n","protected":false},"excerpt":{"rendered":"<p>1926&#8217;da kurulan B\u00fcnyan Enerji Santrali, orijinal makineleriyle enerji \u00fcretmeye devam ediyor.<\/p>\n","protected":false},"author":1,"featured_media":76294,"comment_status":"open","ping_status":"open","sticky":false,"template":"","format":"standard","meta":{"footnotes":""},"categories":[8],"tags":[5947,3625,590,1568,8194],"class_list":["post-76293","post","type-post","status-publish","format-standard","has-post-thumbnail","hentry","category-ekonomi","tag-ataturkun","tag-bunyan","tag-enerji","tag-kayseri","tag-santral"],"_links":{"self":[{"href":"https:\/\/bihavadis.com\/index.php\/wp-json\/wp\/v2\/posts\/76293","targetHints":{"allow":["GET"]}}],"collection":[{"href":"https:\/\/bihavadis.com\/index.php\/wp-json\/wp\/v2\/posts"}],"about":[{"href":"https:\/\/bihavadis.com\/index.php\/wp-json\/wp\/v2\/types\/post"}],"author":[{"embeddable":true,"href":"https:\/\/bihavadis.com\/index.php\/wp-json\/wp\/v2\/users\/1"}],"replies":[{"embeddable":true,"href":"https:\/\/bihavadis.com\/index.php\/wp-json\/wp\/v2\/comments?post=76293"}],"version-history":[{"count":1,"href":"https:\/\/bihavadis.com\/index.php\/wp-json\/wp\/v2\/posts\/76293\/revisions"}],"predecessor-version":[{"id":76295,"href":"https:\/\/bihavadis.com\/index.php\/wp-json\/wp\/v2\/posts\/76293\/revisions\/76295"}],"wp:featuredmedia":[{"embeddable":true,"href":"https:\/\/bihavadis.com\/index.php\/wp-json\/wp\/v2\/media\/76294"}],"wp:attachment":[{"href":"https:\/\/bihavadis.com\/index.php\/wp-json\/wp\/v2\/media?parent=76293"}],"wp:term":[{"taxonomy":"category","embeddable":true,"href":"https:\/\/bihavadis.com\/index.php\/wp-json\/wp\/v2\/categories?post=76293"},{"taxonomy":"post_tag","embeddable":true,"href":"https:\/\/bihavadis.com\/index.php\/wp-json\/wp\/v2\/tags?post=76293"}],"curies":[{"name":"wp","href":"https:\/\/api.w.org\/{rel}","templated":true}]}}