{"id":76300,"date":"2026-04-30T12:06:15","date_gmt":"2026-04-30T12:06:15","guid":{"rendered":"https:\/\/bihavadis.com\/?p=76300"},"modified":"2026-04-30T12:06:15","modified_gmt":"2026-04-30T12:06:15","slug":"real-madrid-tek-basina-kaldi-dunya-devi-tartismali-projeden-resmen-cekildi","status":"publish","type":"post","link":"https:\/\/bihavadis.com\/index.php\/2026\/04\/30\/real-madrid-tek-basina-kaldi-dunya-devi-tartismali-projeden-resmen-cekildi\/","title":{"rendered":"Real Madrid tek ba\u015f\u0131na kald\u0131! D\u00fcnya devi tart\u0131\u015fmal\u0131 projeden resmen \u00e7ekildi"},"content":{"rendered":"<p> Barcelona&#8217;n\u0131n Avrupa S\u00fcper Ligi projesinden resmen \u00e7ekilmesiyle tart\u0131\u015fmal\u0131 organizasyonda yaln\u0131zca Real Madrid kald\u0131 ve S\u00fcper Lig hayali fiilen sona erme noktas\u0131na geldi.<\/p>\n<p><b>BARCELONA AVRUPA S\u00dcPER L\u0130G\u0130&#8217;NDEN \u00c7EK\u0130LD\u0130<\/b><\/p>\n<p>Uzun s\u00fcredir Avrupa futbolunun g\u00fcndeminde yer alan Avrupa S\u00fcper Ligi projesinde kritik bir geli\u015fme ya\u015fand\u0131. LaLiga temsilcisi Barcelona, projeden \u00e7ekildi\u011fini resmen duyurdu. Kul\u00fcp taraf\u0131ndan yap\u0131lan a\u00e7\u0131klamada, karar\u0131n Avrupa S\u00fcper Ligi \u015eirketi&#8217;ne ve projede yer alan kul\u00fcplere iletildi\u011fi belirtildi.<\/p>\n<p><b>PROJE TEK TEK DA\u011eILDI<\/b><\/p>\n<p>Avrupa futbolunda b\u00fcy\u00fck tart\u0131\u015fmalara yol a\u00e7an Avrupa S\u00fcper Ligi, 12 kul\u00fcb\u00fcn kurucu \u00fcyeli\u011fiyle ba\u015flam\u0131\u015ft\u0131. Ancak Arsenal, Chelsea, Liverpool, Manchester City, Manchester United, Tottenham Hotspur, Atletico Madrid, Milan ve Inter k\u0131sa s\u00fcre i\u00e7inde projeden ayr\u0131lm\u0131\u015ft\u0131.<\/p>\n<p><b>JUVENTUS DA AYRILMI\u015eTI<\/b><\/p>\n<p>2023 y\u0131l\u0131nda Juventus&#8217;un da projeden \u00e7ekilmesiyle Avrupa S\u00fcper Ligi&#8217;nde yaln\u0131zca Barcelona ve Real Madrid kalm\u0131\u015ft\u0131. Barcelona&#8217;n\u0131n son karar\u0131yla birlikte organizasyonda art\u0131k tek kul\u00fcp olarak Real Madrid kald\u0131.<\/p>\n<p><b>PROJE F\u0130\u0130LEN ASKIYA ALINDI<\/b><\/p>\n<p>Avrupa S\u00fcper Ligi, lansman\u0131ndan itibaren UEFA ve ulusal liglerin sert tepkileriyle kar\u015f\u0131la\u015fm\u0131\u015ft\u0131. Barcelona&#8217;n\u0131n ayr\u0131l\u0131\u011f\u0131 sonras\u0131 proje fiilen ask\u0131ya al\u0131nm\u0131\u015f durumda bulunuyor. Real Madrid ise hen\u00fcz resmi bir \u00e7ekilme a\u00e7\u0131klamas\u0131 yapmad\u0131.<\/p>\n<p><b>REAL MADRID&#8217;\u0130N KARARI MERAK KONUSU<\/b><\/p>\n<p>Avrupa S\u00fcper Ligi&#8217;nin en g\u00fc\u00e7l\u00fc savunucular\u0131ndan biri olarak bilinen Real Madrid&#8217;in bu noktadan sonra nas\u0131l bir yol izleyece\u011fi merak ediliyor. Avrupa futbol kamuoyunda, tek ba\u015f\u0131na kalan Real Madrid&#8217;in de yak\u0131n zamanda projeden \u00e7ekilebilece\u011fi y\u00f6n\u00fcnde beklentiler \u00f6ne \u00e7\u0131k\u0131yor.<\/p>\n","protected":false},"excerpt":{"rendered":"<p>Barcelona&#8217;n\u0131n Avrupa S\u00fcper Ligi projesinden resmen \u00e7ekilmesiyle tart\u0131\u015fmal\u0131 organizasyonda yaln\u0131zca Real Madrid kald\u0131 ve S\u00fcper Lig hayali fiilen sona erme noktas\u0131na geldi. Avrupa S\u00fcper Ligi projesi, 12 kul\u00fcb\u00fcn kurucu \u00fcyeli\u011fiyle ba\u015flam\u0131\u015ft\u0131 ancak bir\u00e7ok kul\u00fcp k\u0131sa s\u00fcre i\u00e7inde projeden ayr\u0131ld\u0131. 2023&#8217;te Juventus&#8217;un \u00e7ekilmesiyle sadece Barcelona ve Real Madrid kalm\u0131\u015ft\u0131. Barcelona&#8217;n\u0131n son karar\u0131yla art\u0131k tek kul\u00fcp olarak Real Madrid kald\u0131.<\/p>\n","protected":false},"author":1,"featured_media":76301,"comment_status":"open","ping_status":"open","sticky":false,"template":"","format":"standard","meta":{"footnotes":""},"categories":[14],"tags":[8195,2579,5226,2848],"class_list":["post-76300","post","type-post","status-publish","format-standard","has-post-thumbnail","hentry","category-spor","tag-avrupa-super-ligi","tag-barcelona","tag-projede","tag-real-madrid"],"_links":{"self":[{"href":"https:\/\/bihavadis.com\/index.php\/wp-json\/wp\/v2\/posts\/76300","targetHints":{"allow":["GET"]}}],"collection":[{"href":"https:\/\/bihavadis.com\/index.php\/wp-json\/wp\/v2\/posts"}],"about":[{"href":"https:\/\/bihavadis.com\/index.php\/wp-json\/wp\/v2\/types\/post"}],"author":[{"embeddable":true,"href":"https:\/\/bihavadis.com\/index.php\/wp-json\/wp\/v2\/users\/1"}],"replies":[{"embeddable":true,"href":"https:\/\/bihavadis.com\/index.php\/wp-json\/wp\/v2\/comments?post=76300"}],"version-history":[{"count":1,"href":"https:\/\/bihavadis.com\/index.php\/wp-json\/wp\/v2\/posts\/76300\/revisions"}],"predecessor-version":[{"id":76302,"href":"https:\/\/bihavadis.com\/index.php\/wp-json\/wp\/v2\/posts\/76300\/revisions\/76302"}],"wp:featuredmedia":[{"embeddable":true,"href":"https:\/\/bihavadis.com\/index.php\/wp-json\/wp\/v2\/media\/76301"}],"wp:attachment":[{"href":"https:\/\/bihavadis.com\/index.php\/wp-json\/wp\/v2\/media?parent=76300"}],"wp:term":[{"taxonomy":"category","embeddable":true,"href":"https:\/\/bihavadis.com\/index.php\/wp-json\/wp\/v2\/categories?post=76300"},{"taxonomy":"post_tag","embeddable":true,"href":"https:\/\/bihavadis.com\/index.php\/wp-json\/wp\/v2\/tags?post=76300"}],"curies":[{"name":"wp","href":"https:\/\/api.w.org\/{rel}","templated":true}]}}