{"id":76303,"date":"2026-04-30T12:09:17","date_gmt":"2026-04-30T12:09:17","guid":{"rendered":"https:\/\/bihavadis.com\/?p=76303"},"modified":"2026-04-30T12:09:17","modified_gmt":"2026-04-30T12:09:17","slug":"baskan-gorkem-duman-buca-yardimlasma-dernegi-nin-acilisini-gerceklestirdi","status":"publish","type":"post","link":"https:\/\/bihavadis.com\/index.php\/2026\/04\/30\/baskan-gorkem-duman-buca-yardimlasma-dernegi-nin-acilisini-gerceklestirdi\/","title":{"rendered":"Ba\u015fkan G\u00f6rkem Duman, Buca Yard\u0131mla\u015fma Derne\u011fi &#8216;nin a\u00e7\u0131l\u0131\u015f\u0131n\u0131 ger\u00e7ekle\u015ftirdi"},"content":{"rendered":"<p>Buca Yard\u0131mla\u015fma ve G\u00fc\u00e7lendirme Derne\u011fi\u2019nin a\u00e7\u0131l\u0131\u015f\u0131nda konu\u015fan Buca Belediye Ba\u015fkan\u0131 Mimar G\u00f6rkem Duman, \u201cBenim en b\u00fcy\u00fck arzum; Bucal\u0131lar\u0131n iyilikte ve dayan\u0131\u015fmada birbiriyle yar\u0131\u015farak \u00e7ok daha g\u00fc\u00e7l\u00fc bir hale gelmesidir&#8221; diye konu\u015ftu.<\/p>\n<p>Buca Yard\u0131mla\u015fma ve G\u00fc\u00e7lendirme Derne\u011fi, Ramazan ay\u0131n\u0131n manevi atmosferinde d\u00fczenlenen anlaml\u0131 bir iftar program\u0131 ile hizmete a\u00e7\u0131ld\u0131. A\u00e7\u0131l\u0131\u015f t\u00f6renine Buca Belediye Ba\u015fkan\u0131 Mimar G\u00f6rkem Duman, Dernek Ba\u015fkan\u0131 G\u00fcven Y\u0131ld\u0131z, belediye meclis \u00fcyeleri ve \u00e7ok say\u0131da vatanda\u015f kat\u0131ld\u0131. \u0130ftar sofras\u0131nda bir araya gelen Bucal\u0131lar, birli\u011fin ve beraberli\u011fin en g\u00fczel \u00f6rne\u011fini sergiledi.<\/p>\n<p>T\u00f6rende konu\u015fan Buca Belediye Ba\u015fkan\u0131 G\u00f6rkem Duman, Ramazan ay\u0131n\u0131n bereketini ve karde\u015fli\u011fini vurgulayarak \u015funlar\u0131 s\u00f6yledi: &#8220;Bug\u00fcn burada Buca\u2019m\u0131z\u0131n mayas\u0131nda olan o b\u00fcy\u00fck dayan\u0131\u015fma ruhunu bir \u00e7at\u0131 alt\u0131na almak, birli\u011fimizi ve beraberli\u011fimizi ta\u00e7land\u0131rmak i\u00e7in bir araday\u0131z. Bizler, \u2018Kom\u015fusu a\u00e7ken tok yatan bizden de\u011fildir\u2019 inanc\u0131yla yo\u011frulmu\u015f, yard\u0131mla\u015fmay\u0131 bir ya\u015fam bi\u00e7imi haline getirmi\u015f bir milletiz. Benim en b\u00fcy\u00fck arzum; Bucal\u0131lar\u0131n iyilikte ve dayan\u0131\u015fmada birbiriyle yar\u0131\u015farak \u00e7ok daha g\u00fc\u00e7l\u00fc bir hale gelmesidir.&#8221;<\/p>\n<p>BA\u015eKAN DUMAN\u2019DAN DERNEK KURUCULARINA TE\u015eEKK\u00dcR<\/p>\n<p>Derne\u011fin kurulmas\u0131nda eme\u011fi ge\u00e7enlere te\u015fekk\u00fcr eden Buca Belediye Ba\u015fkan\u0131 G\u00f6rkem Duman, &#8220;M\u00fcbarek Ramazan ay\u0131nda at\u0131lan bu g\u00fczel tohum, y\u0131l\u0131n 365 g\u00fcn\u00fc ayn\u0131 bereketle filizlenmeye devam edecektir. Bu \u00e7at\u0131n\u0131n kurulmas\u0131nda eme\u011fi ge\u00e7en, ta\u015f\u0131n alt\u0131na elini de\u011fil y\u00fcre\u011fini koyan ba\u015fkan\u0131m\u0131za, dostlar\u0131m\u0131za ve sizlere sonsuz te\u015fekk\u00fcrlerimi sunuyorum. Allah, birli\u011fimizi, dirli\u011fimizi ve beraberli\u011fimizi daim eylesin. Buca Yard\u0131mla\u015fma ve G\u00fc\u00e7lendirme Derne\u011fi\u2019miz il\u00e7emize hay\u0131rl\u0131, u\u011furlu olsun\u201d diye konu\u015ftu.<\/p>\n<p>\u00a0<\/p>\n<p>Kaynak: (BYZHA) Beyaz Haber Ajans\u0131<\/p>\n","protected":false},"excerpt":{"rendered":"<p>Buca Yard\u0131mla\u015fma ve G\u00fc\u00e7lendirme Derne\u011fi\u2019nin a\u00e7\u0131l\u0131\u015f\u0131nda konu\u015fan Buca Belediye Ba\u015fkan\u0131 Mimar G\u00f6rkem Duman, \u201cBenim en b\u00fcy\u00fck arzum; Bucal\u0131lar\u0131n iyilikte ve dayan\u0131\u015fmada birbiriyle yar\u0131\u015farak \u00e7ok daha g\u00fc\u00e7l\u00fc bir hale gelmesidir&#8221; diye konu\u015ftu.<\/p>\n","protected":false},"author":1,"featured_media":76304,"comment_status":"open","ping_status":"open","sticky":false,"template":"","format":"standard","meta":{"footnotes":""},"categories":[4],"tags":[986,372,1707],"class_list":["post-76303","post","type-post","status-publish","format-standard","has-post-thumbnail","hentry","category-gundem","tag-baskani","tag-belediye","tag-buca"],"_links":{"self":[{"href":"https:\/\/bihavadis.com\/index.php\/wp-json\/wp\/v2\/posts\/76303","targetHints":{"allow":["GET"]}}],"collection":[{"href":"https:\/\/bihavadis.com\/index.php\/wp-json\/wp\/v2\/posts"}],"about":[{"href":"https:\/\/bihavadis.com\/index.php\/wp-json\/wp\/v2\/types\/post"}],"author":[{"embeddable":true,"href":"https:\/\/bihavadis.com\/index.php\/wp-json\/wp\/v2\/users\/1"}],"replies":[{"embeddable":true,"href":"https:\/\/bihavadis.com\/index.php\/wp-json\/wp\/v2\/comments?post=76303"}],"version-history":[{"count":1,"href":"https:\/\/bihavadis.com\/index.php\/wp-json\/wp\/v2\/posts\/76303\/revisions"}],"predecessor-version":[{"id":76305,"href":"https:\/\/bihavadis.com\/index.php\/wp-json\/wp\/v2\/posts\/76303\/revisions\/76305"}],"wp:featuredmedia":[{"embeddable":true,"href":"https:\/\/bihavadis.com\/index.php\/wp-json\/wp\/v2\/media\/76304"}],"wp:attachment":[{"href":"https:\/\/bihavadis.com\/index.php\/wp-json\/wp\/v2\/media?parent=76303"}],"wp:term":[{"taxonomy":"category","embeddable":true,"href":"https:\/\/bihavadis.com\/index.php\/wp-json\/wp\/v2\/categories?post=76303"},{"taxonomy":"post_tag","embeddable":true,"href":"https:\/\/bihavadis.com\/index.php\/wp-json\/wp\/v2\/tags?post=76303"}],"curies":[{"name":"wp","href":"https:\/\/api.w.org\/{rel}","templated":true}]}}