{"id":76313,"date":"2026-04-30T12:15:12","date_gmt":"2026-04-30T12:15:12","guid":{"rendered":"https:\/\/bihavadis.com\/?p=76313"},"modified":"2026-04-30T12:15:12","modified_gmt":"2026-04-30T12:15:12","slug":"sarkici-omer-danis-yogun-bakimda-acil-kan-cagrisi-yapildi","status":"publish","type":"post","link":"https:\/\/bihavadis.com\/index.php\/2026\/04\/30\/sarkici-omer-danis-yogun-bakimda-acil-kan-cagrisi-yapildi\/","title":{"rendered":"\u015eark\u0131c\u0131 \u00d6mer Dan\u0131\u015f yo\u011fun bak\u0131mda! Acil kan \u00e7a\u011fr\u0131s\u0131 yap\u0131ld\u0131"},"content":{"rendered":"<p>&#8220;Beni K\u00f6y\u00fcm\u00fcn Ya\u011fmurlar\u0131nda Y\u0131kas\u0131nlar&#8221; \u015fark\u0131s\u0131yla haf\u0131zalara kaz\u0131nan 57 ya\u015f\u0131ndaki \u015fark\u0131c\u0131 \u00d6mer Dan\u0131\u015f, sa\u011fl\u0131k sorunlar\u0131yla m\u00fccadele ediyor.<\/p>\n<p><b>AC\u0130L KAN \u00c7A\u011eRISI YAPILDI<\/b><\/p>\n<p>Dan\u0131\u015f&#8217;\u0131n sosyal medya hesab\u0131ndan yap\u0131lan payla\u015f\u0131mda, \u015fark\u0131c\u0131n\u0131n diyabet nedeniyle yo\u011fun bak\u0131ma al\u0131nd\u0131\u011f\u0131 ve acil olarak 0 Rh (-) kana ihtiya\u00e7 duyuldu\u011fu belirtildi.<\/p>\n<div>\n<figure><img decoding=\"async\" src=\"https:\/\/bihavadis.com\/wp-content\/uploads\/2026\/04\/sarkici-omer-danis-yogun-bakimda-acil-kan-cagrisi-yapildi-0-m9SB2UJT.jpg\"\/><\/figure>\n<\/div>\n<p><b>&#8220;DOKTORLARIMIZ YAKINDAN TAK\u0130P ED\u0130YOR&#8221;<\/b><\/p>\n<p>Dan\u0131\u015f&#8217;\u0131n Instagram hesab\u0131ndan yap\u0131lan di\u011fer payla\u015f\u0131mda ise \u015fu ifadeler yer ald\u0131: &#8220;K\u0131ymetli dostlar, arayan soran herkese \u00e7ok te\u015fekk\u00fcr ederim. \u00d6mer Bey&#8217;in kan\u0131 toparlad\u0131, de\u011ferleri y\u00fckselmeye ba\u015flad\u0131. Tedavisi devam ediyor, doktorlar\u0131m\u0131z yak\u0131ndan takip ediyor. \u015eu an i\u00e7in kan ihtiyac\u0131 kalmam\u0131\u015ft\u0131r. \u0130htiya\u00e7 olmas\u0131 halinde tekrar payla\u015f\u0131m yapaca\u011f\u0131z. Kan vermek i\u00e7in gelip \u00e7e\u015fitli sebeplerle veremeyen ama deste\u011fini, iyi niyetini ve dualar\u0131n\u0131 esirgemeyen herkese ayr\u0131ca te\u015fekk\u00fcr ederim. \u0130lginiz bizim i\u00e7in \u00e7ok k\u0131ymetli sa\u011f olun var olun&#8221;<\/p>\n<div>\n<figure><img decoding=\"async\" src=\"https:\/\/bihavadis.com\/wp-content\/uploads\/2026\/04\/sarkici-omer-danis-yogun-bakimda-acil-kan-cagrisi-yapildi-1-e3pE1Mrf.jpg\"\/><\/figure>\n<\/div>\n<p><b>\u00d6MER DANI\u015e K\u0130MD\u0130R?<\/b><\/p>\n<p>10 Haziran 1968 tarihinde Elaz\u0131\u011f&#8217;da d\u00fcnyaya geldi. M\u00fczikle 1980 y\u0131l\u0131nda Elaz\u0131\u011f&#8217;da tan\u0131\u015ft\u0131. Beni K\u00f6y\u00fcm\u00fcn Ya\u011fmurlar\u0131nda Y\u0131kas\u0131nlar, Kurtlar Sofras\u0131, \u00d6mer Dan\u0131\u015f 98 olmak \u00fczere toplam d\u00f6rt adet solo alb\u00fcm \u00e7\u0131kard\u0131. 2001 y\u0131l\u0131nda be\u015finci alb\u00fcm\u00fc olan A\u011flama G\u00f6zbebe\u011fim&#8217;i \u00e7\u0131kard\u0131.<\/p>\n","protected":false},"excerpt":{"rendered":"<p>Bir s\u00fcre \u00f6nce diyabet tedavisi g\u00f6rmeye ba\u015flayan \u015fark\u0131c\u0131 \u00d6mer Dan\u0131\u015f, yo\u011fun bak\u0131ma kald\u0131r\u0131ld\u0131. Dan\u0131\u015f i\u00e7in acil kan \u00e7a\u011fr\u0131s\u0131 yap\u0131l\u0131rken, son a\u00e7\u0131klamada tedavinin s\u00fcrd\u00fc\u011f\u00fc belirtildi.<\/p>\n","protected":false},"author":1,"featured_media":76314,"comment_status":"open","ping_status":"open","sticky":false,"template":"","format":"standard","meta":{"footnotes":""},"categories":[1],"tags":[7141,1424],"class_list":["post-76313","post","type-post","status-publish","format-standard","has-post-thumbnail","hentry","category-uncategorized","tag-danis","tag-kan"],"_links":{"self":[{"href":"https:\/\/bihavadis.com\/index.php\/wp-json\/wp\/v2\/posts\/76313","targetHints":{"allow":["GET"]}}],"collection":[{"href":"https:\/\/bihavadis.com\/index.php\/wp-json\/wp\/v2\/posts"}],"about":[{"href":"https:\/\/bihavadis.com\/index.php\/wp-json\/wp\/v2\/types\/post"}],"author":[{"embeddable":true,"href":"https:\/\/bihavadis.com\/index.php\/wp-json\/wp\/v2\/users\/1"}],"replies":[{"embeddable":true,"href":"https:\/\/bihavadis.com\/index.php\/wp-json\/wp\/v2\/comments?post=76313"}],"version-history":[{"count":1,"href":"https:\/\/bihavadis.com\/index.php\/wp-json\/wp\/v2\/posts\/76313\/revisions"}],"predecessor-version":[{"id":76317,"href":"https:\/\/bihavadis.com\/index.php\/wp-json\/wp\/v2\/posts\/76313\/revisions\/76317"}],"wp:featuredmedia":[{"embeddable":true,"href":"https:\/\/bihavadis.com\/index.php\/wp-json\/wp\/v2\/media\/76314"}],"wp:attachment":[{"href":"https:\/\/bihavadis.com\/index.php\/wp-json\/wp\/v2\/media?parent=76313"}],"wp:term":[{"taxonomy":"category","embeddable":true,"href":"https:\/\/bihavadis.com\/index.php\/wp-json\/wp\/v2\/categories?post=76313"},{"taxonomy":"post_tag","embeddable":true,"href":"https:\/\/bihavadis.com\/index.php\/wp-json\/wp\/v2\/tags?post=76313"}],"curies":[{"name":"wp","href":"https:\/\/api.w.org\/{rel}","templated":true}]}}