{"id":76533,"date":"2026-04-30T23:09:11","date_gmt":"2026-04-30T23:09:11","guid":{"rendered":"https:\/\/bihavadis.com\/?p=76533"},"modified":"2026-04-30T23:09:11","modified_gmt":"2026-04-30T23:09:11","slug":"14-aylik-ikra-bebegin-darbedildigi-anlara-iliskin-yeni-goruntuler-ortaya-cikti","status":"publish","type":"post","link":"https:\/\/bihavadis.com\/index.php\/2026\/04\/30\/14-aylik-ikra-bebegin-darbedildigi-anlara-iliskin-yeni-goruntuler-ortaya-cikti\/","title":{"rendered":"14 ayl\u0131k \u0130kra bebe\u011fin darbedildi\u011fi anlara ili\u015fkin yeni g\u00f6r\u00fcnt\u00fcler ortaya \u00e7\u0131kt\u0131"},"content":{"rendered":"<p>T\u00fcrkiye&#8217;yi aya\u011fa kald\u0131ran olaya ili\u015fkin yeni geli\u015fme&#8230;<\/p>\n<p>\u00c7\u0131narc\u0131k il\u00e7esi Esenk\u00f6y beldesinde yakla\u015f\u0131k 1 y\u0131l \u00f6nce ald\u0131klar\u0131 eve ta\u015f\u0131nan 4 \u00e7ocuklu Baca ailesinin, binada oturan Ergin ailesiyle g\u00fcr\u00fclt\u00fc nedeniyle s\u00fcrekli tart\u0131\u015fma ya\u015fad\u0131\u011f\u0131 ve 2 aile aras\u0131nda husumet olu\u015ftu\u011fu \u00f6ne s\u00fcr\u00fcld\u00fc.<\/p>\n<p>20 \u015eubat&#8217;ta Muhammet Baca evine d\u00f6nd\u00fc\u011f\u00fc s\u0131rada, bina yak\u0131n\u0131nda kom\u015fusu Servet Ergin ile kar\u015f\u0131la\u015ft\u0131.<\/p>\n<p>Servet Ergin&#8217;in kendisine &#8216;Ne bak\u0131yorsun lan&#8217; dedi\u011fini iddia eden Muhammet Baca, jandarmaya ihbarda bulundu.<\/p>\n<p><strong>14 AYLIK BEBEK DARBED\u0130LD\u0130<\/strong><\/p>\n<p>Baca, adrese gelen jandarma ekiplerine durumu anlatt\u0131.<\/p>\n<p>14 ayl\u0131k k\u0131z\u0131 \u0130kra ile e\u015finin de kap\u0131ya gelmesi \u00fczerine Muhammet Baca, k\u0131z\u0131n\u0131 kuca\u011f\u0131na ald\u0131\u011f\u0131 s\u0131rada, Ergin&#8217;in karde\u015fi \u015eener Ergin&#8217;\u0131n sopal\u0131 sald\u0131r\u0131s\u0131na u\u011frad\u0131.<\/p>\n<p>Baca ve kuca\u011f\u0131ndaki k\u0131z\u0131 \u0130kra, ald\u0131klar\u0131 darbeyle yaraland\u0131. Jandarma ekipleri, kavgay\u0131 g\u00fc\u00e7l\u00fckle ay\u0131rd\u0131.<\/p>\n<p><img decoding=\"async\" src=\"https:\/\/bihavadis.com\/wp-content\/uploads\/2026\/04\/14-aylik-ikra-bebegin-darbedildigi-anlara-iliskin-yeni-goruntuler-ortaya-cikti-0-if2fXGLa.jpg\"\/><\/p>\n<p><strong>KAFATASINDA 3 \u00c7ATLAK MEYDANA GELD\u0130<\/strong><\/p>\n<p>Muhammet Baca\u2019n\u0131n burnunun k\u0131r\u0131ld\u0131\u011f\u0131, 14 ayl\u0131k bebe\u011fin kafas\u0131nda 3 \u00e7atlak ve sa\u011f g\u00f6z\u00fcnde yaralanma meydana geldi\u011fi saptand\u0131.<\/p>\n<p>Ambulansla Yalova E\u011fitim ve Ara\u015ft\u0131rma Hastanesi&#8217;ne kald\u0131r\u0131lan baba ile k\u0131z\u0131, tedaviye al\u0131nd\u0131.<\/p>\n<p><img decoding=\"async\" src=\"https:\/\/bihavadis.com\/wp-content\/uploads\/2026\/04\/14-aylik-ikra-bebegin-darbedildigi-anlara-iliskin-yeni-goruntuler-ortaya-cikti-1-se1x89Ie.jpg\"\/><\/p>\n<p><strong>A\u011eABEY SERBEST BIRAKILDI, KARDE\u015e\u0130 TUTUKLANDI<\/strong><\/p>\n<p>Olay\u0131n ard\u0131ndan \u015eener Ergin ile Servet Ergin, jandarma ekipleri taraf\u0131ndan g\u00f6zalt\u0131na al\u0131n\u0131p karakola g\u00f6t\u00fcr\u00fcld\u00fc.<\/p>\n<p>Muhammet Baca \u015fikayet\u00e7i oldu, g\u00f6zalt\u0131na al\u0131nan \u015eener Ergin tutukland\u0131.<\/p>\n<p>Servet Ergin ise savc\u0131l\u0131k sorgusunun ard\u0131ndan serbest b\u0131rak\u0131ld\u0131.<\/p>\n<p><strong>YEN\u0130 G\u00d6R\u00dcNT\u00dcLER ORTAYA \u00c7IKTI<\/strong><\/p>\n<p>Olay g\u00fcn\u00fcne ili\u015fkin g\u00fcvenlik kameras\u0131 g\u00f6r\u00fcnt\u00fcleri de ortaya \u00e7\u0131kt\u0131.<\/p>\n<p>G\u00f6r\u00fcnt\u00fclerde, Muhammet Baca&#8217;n\u0131n k\u0131z\u0131 \u0130kra Medine\u2019yi kuca\u011f\u0131ndayken eve b\u0131rakt\u0131\u011f\u0131 g\u00f6r\u00fcld\u00fc.<\/p>\n<p>Muhammet Baca&#8217;n\u0131n kuca\u011f\u0131ndaki k\u0131z\u0131 ve yan\u0131ndaki o\u011fluyla binaya girdi\u011fi ve evin kap\u0131s\u0131ndan annesine b\u0131rakt\u0131\u011f\u0131 anlar yer ald\u0131.<\/p>\n<p><img decoding=\"async\" src=\"https:\/\/bihavadis.com\/wp-content\/uploads\/2026\/04\/14-aylik-ikra-bebegin-darbedildigi-anlara-iliskin-yeni-goruntuler-ortaya-cikti-2-y7Gu9FJS.jpg\"\/><\/p>\n<p><strong>JANDARMANIN EVE GELD\u0130\u011e\u0130 ANLAR<\/strong><\/p>\n<p>Baca\u2019n\u0131n, \u00e7ocuklar\u0131n\u0131 b\u0131rak\u0131p otomobiline giderek po\u015fetleri al\u0131p eve d\u00f6nd\u00fckten sonra ihbarda bulundu\u011fu jandarman\u0131n eve geldi\u011fi de g\u00f6r\u00fcld\u00fc.<\/p>\n<p>Jandarma ekipleriyle birlikte kap\u0131n\u0131n \u00f6n\u00fcne inen Muhammet Baca\u2019ya, Diyar Ergin\u2019in \u2018Ne ba\u011f\u0131r\u0131yorsun sen\u2019 diyerek yumruk att\u0131\u011f\u0131, sokakta kad\u0131nlar aras\u0131nda \u00e7\u0131kan tart\u0131\u015fmada e\u015fi Bilge Baca\u2019y\u0131 g\u00f6ren Muhammet Baca\u2019n\u0131n \u2018Bilge\u2019 diye ba\u011f\u0131rarak ko\u015ftu\u011fu anlar da kameraya yans\u0131d\u0131.<\/p>\n<p><img decoding=\"async\" src=\"https:\/\/bihavadis.com\/wp-content\/uploads\/2026\/04\/14-aylik-ikra-bebegin-darbedildigi-anlara-iliskin-yeni-goruntuler-ortaya-cikti-3-Lgvn5MEm.jpg\"\/><\/p>\n<p><strong>\u0130DD\u0130ANAME HAZIRLANDI<\/strong><\/p>\n<p>Olayla ilgili ba\u015flat\u0131lan soru\u015fturma tamamlan\u0131rken, iddianame de haz\u0131rland\u0131.<\/p>\n<p>Tutuklu \u015eener Ergin&#8217;in, apartman giri\u015finde bulunan \u00e7ocuk skuteri al\u0131p, ko\u015farak geldi\u011fi ve Muhammet Baca&#8217;ya iki kez vurdu\u011fu, ilk darbenin hem babaya hem de kuca\u011f\u0131ndaki bebe\u011fe isabet etti\u011fi iddianamede yer ald\u0131.<\/p>\n<p>\u0130ddianamede, tutuklu \u015eener Ergin&#8217;in Muhammet Baca&#8217;ya y\u00f6nelik eylemi nedeniyle &#8216;Kasten yaralama&#8217; su\u00e7undan 3 y\u0131ldan 9 y\u0131la kadar, 14 ayl\u0131k bebek \u0130kra Medine Baca&#8217;ya y\u00f6nelik eylemi nedeniyle de &#8216;Kasten yaralama&#8217; su\u00e7undan 9 y\u0131ldan 27 y\u0131la kadar hapis cezas\u0131yla cezaland\u0131r\u0131lmas\u0131 talep edildi.<\/p>\n<p>Savc\u0131l\u0131k, toplamda 12 y\u0131ldan 36 y\u0131la kadar hapis cezas\u0131 istedi. Ayr\u0131ca mahkumiyet halinde tutuklu Ergin hakk\u0131nda hak yoksunluklar\u0131 uygulanmas\u0131 da talep edildi.<\/p>\n<div> <span><strong>Kaynak:<\/strong> Demir\u00f6ren Haber Ajans\u0131 (DHA)<\/span> <\/div>\n","protected":false},"excerpt":{"rendered":"<p>T\u00fcrkiye&#8217;yi aya\u011fa kald\u0131ran olaya ili\u015fkin yeni geli\u015fme&#8230; \u00c7\u0131narc\u0131k il\u00e7esi Esenk\u00f6y beldesinde yakla\u015f\u0131k 1 y\u0131l \u00f6nce ald\u0131klar\u0131 eve ta\u015f\u0131nan 4 \u00e7ocuklu Baca ailesinin, binada oturan Ergin ailesiyle g\u00fcr\u00fclt\u00fc nedeniyle s\u00fcrekli tart\u0131\u015fma ya\u015fad\u0131\u011f\u0131 ve 2 aile &#8230;<\/p>\n","protected":false},"author":1,"featured_media":76534,"comment_status":"open","ping_status":"open","sticky":false,"template":"","format":"standard","meta":{"footnotes":""},"categories":[4,13],"tags":[7151,4701,282,4150,7611],"class_list":["post-76533","post","type-post","status-publish","format-standard","has-post-thumbnail","hentry","category-gundem","category-son-dakika","tag-baca","tag-ergin","tag-jandarma","tag-kizi","tag-muhammet-baca"],"_links":{"self":[{"href":"https:\/\/bihavadis.com\/index.php\/wp-json\/wp\/v2\/posts\/76533","targetHints":{"allow":["GET"]}}],"collection":[{"href":"https:\/\/bihavadis.com\/index.php\/wp-json\/wp\/v2\/posts"}],"about":[{"href":"https:\/\/bihavadis.com\/index.php\/wp-json\/wp\/v2\/types\/post"}],"author":[{"embeddable":true,"href":"https:\/\/bihavadis.com\/index.php\/wp-json\/wp\/v2\/users\/1"}],"replies":[{"embeddable":true,"href":"https:\/\/bihavadis.com\/index.php\/wp-json\/wp\/v2\/comments?post=76533"}],"version-history":[{"count":1,"href":"https:\/\/bihavadis.com\/index.php\/wp-json\/wp\/v2\/posts\/76533\/revisions"}],"predecessor-version":[{"id":76539,"href":"https:\/\/bihavadis.com\/index.php\/wp-json\/wp\/v2\/posts\/76533\/revisions\/76539"}],"wp:featuredmedia":[{"embeddable":true,"href":"https:\/\/bihavadis.com\/index.php\/wp-json\/wp\/v2\/media\/76534"}],"wp:attachment":[{"href":"https:\/\/bihavadis.com\/index.php\/wp-json\/wp\/v2\/media?parent=76533"}],"wp:term":[{"taxonomy":"category","embeddable":true,"href":"https:\/\/bihavadis.com\/index.php\/wp-json\/wp\/v2\/categories?post=76533"},{"taxonomy":"post_tag","embeddable":true,"href":"https:\/\/bihavadis.com\/index.php\/wp-json\/wp\/v2\/tags?post=76533"}],"curies":[{"name":"wp","href":"https:\/\/api.w.org\/{rel}","templated":true}]}}