{"id":76565,"date":"2026-04-30T23:39:08","date_gmt":"2026-04-30T23:39:08","guid":{"rendered":"https:\/\/bihavadis.com\/?p=76565"},"modified":"2026-04-30T23:39:08","modified_gmt":"2026-04-30T23:39:08","slug":"emine-erdogan-sigara-toplumsal-bircok-sorunun-temelinde-yer-alan-derin-bir-gercekliktir","status":"publish","type":"post","link":"https:\/\/bihavadis.com\/index.php\/2026\/04\/30\/emine-erdogan-sigara-toplumsal-bircok-sorunun-temelinde-yer-alan-derin-bir-gercekliktir\/","title":{"rendered":"Emine Erdo\u011fan: Sigara, toplumsal bir\u00e7ok sorunun temelinde yer alan derin bir ger\u00e7ekliktir"},"content":{"rendered":"<p>\n<p>CUMHURBA\u015eKANI Recep Tayyip Erdo\u011fan&#8217;\u0131n e\u015fi Emine Erdo\u011fan, &#8220;K\u00fcresel olarak y\u0131lda 7 milyon insan, sigara nedeniyle hayat\u0131n\u0131 kaybediyor. Bu tablo, yaln\u0131zca bireysel bir sa\u011fl\u0131k meselesi de\u011fil; toplumsal bir\u00e7ok sorunun temelinde yer alan derin bir ger\u00e7ekliktir&#8221; dedi.<\/p>\n<p>Emine Erdo\u011fan, &#8216;9 \u015eubat D\u00fcnya Sigaray\u0131 B\u0131rakma G\u00fcn\u00fc&#8217; nedeniyle sanal medya hesab\u0131ndan payla\u015f\u0131mda bulundu. Erdo\u011fan, &#8220;Her bir ba\u011f\u0131ml\u0131l\u0131k, milyonlarca tutuklusu olan g\u00f6r\u00fcnmez bir hapishanedir. Bug\u00fcn, d\u00fcnyada 15 ya\u015f \u00fcst\u00fc 1,3 milyar insan t\u00fct\u00fcn ba\u011f\u0131ml\u0131s\u0131 olarak ya\u015fam\u0131n\u0131 s\u00fcrd\u00fcr\u00fcyor. K\u00fcresel olarak y\u0131lda 7 milyon insan, sigara nedeniyle hayat\u0131n\u0131 kaybediyor. Bu tablo, yaln\u0131zca bireysel bir sa\u011fl\u0131k meselesi de\u011fil; toplumsal bir\u00e7ok sorunun temelinde yer alan derin bir ger\u00e7ekliktir. 2026 Ba\u011f\u0131ms\u0131zl\u0131k Y\u0131l\u0131&#8217;nda, insan\u0131, aileyi, toplumu ve do\u011fay\u0131 sessizce t\u00fcketen bu ba\u011f\u0131ml\u0131l\u0131kla m\u00fccadelenin kararl\u0131l\u0131kla g\u00fc\u00e7lenmesini temenni ediyorum&#8221; dedi. <\/p>\n","protected":false},"excerpt":{"rendered":"<p>CUMHURBA\u015eKANI Recep Tayyip Erdo\u011fan&#8217;\u0131n e\u015fi Emine Erdo\u011fan, &#8220;K\u00fcresel olarak y\u0131lda 7 milyon insan, sigara nedeniyle hayat\u0131n\u0131 kaybediyor.<\/p>\n","protected":false},"author":1,"featured_media":76566,"comment_status":"open","ping_status":"open","sticky":false,"template":"","format":"standard","meta":{"footnotes":""},"categories":[12],"tags":[],"class_list":["post-76565","post","type-post","status-publish","format-standard","has-post-thumbnail","hentry","category-siyaset"],"_links":{"self":[{"href":"https:\/\/bihavadis.com\/index.php\/wp-json\/wp\/v2\/posts\/76565","targetHints":{"allow":["GET"]}}],"collection":[{"href":"https:\/\/bihavadis.com\/index.php\/wp-json\/wp\/v2\/posts"}],"about":[{"href":"https:\/\/bihavadis.com\/index.php\/wp-json\/wp\/v2\/types\/post"}],"author":[{"embeddable":true,"href":"https:\/\/bihavadis.com\/index.php\/wp-json\/wp\/v2\/users\/1"}],"replies":[{"embeddable":true,"href":"https:\/\/bihavadis.com\/index.php\/wp-json\/wp\/v2\/comments?post=76565"}],"version-history":[{"count":1,"href":"https:\/\/bihavadis.com\/index.php\/wp-json\/wp\/v2\/posts\/76565\/revisions"}],"predecessor-version":[{"id":76567,"href":"https:\/\/bihavadis.com\/index.php\/wp-json\/wp\/v2\/posts\/76565\/revisions\/76567"}],"wp:featuredmedia":[{"embeddable":true,"href":"https:\/\/bihavadis.com\/index.php\/wp-json\/wp\/v2\/media\/76566"}],"wp:attachment":[{"href":"https:\/\/bihavadis.com\/index.php\/wp-json\/wp\/v2\/media?parent=76565"}],"wp:term":[{"taxonomy":"category","embeddable":true,"href":"https:\/\/bihavadis.com\/index.php\/wp-json\/wp\/v2\/categories?post=76565"},{"taxonomy":"post_tag","embeddable":true,"href":"https:\/\/bihavadis.com\/index.php\/wp-json\/wp\/v2\/tags?post=76565"}],"curies":[{"name":"wp","href":"https:\/\/api.w.org\/{rel}","templated":true}]}}