{"id":76636,"date":"2026-05-01T00:42:07","date_gmt":"2026-05-01T00:42:07","guid":{"rendered":"https:\/\/bihavadis.com\/?p=76636"},"modified":"2026-05-01T00:42:07","modified_gmt":"2026-05-01T00:42:07","slug":"papa-14uncu-leodan-iran-mesaji","status":"publish","type":"post","link":"https:\/\/bihavadis.com\/index.php\/2026\/05\/01\/papa-14uncu-leodan-iran-mesaji\/","title":{"rendered":"Papa 14\u2019\u00fcnc\u00fc Leo&#8217;dan \u0130ran mesaj\u0131"},"content":{"rendered":"<p>ABD ile \u0130srail, \u0130ran&#8217;a y\u00f6nelik ortak d\u00fczenledi\u011fi sald\u0131r\u0131larda bir\u00e7ok \u00fcst d\u00fczey ismi ve \u0130ran dini lideri Ayettullah Ali Hamaney&#8217;i \u00f6ld\u00fcrd\u00fc.\u00a0<\/p>\n<p>Bu kapsamda, devlet liderlerinden \u0130ran&#8217;a taziye mesajlar\u0131 gelmeye devam ediyor.\u00a0<\/p>\n<p><strong>PAPA&#8217;DAN \u0130RAN MESAJI<\/strong><\/p>\n<p>Vatikan Devlet Ba\u015fkan\u0131 Papa 14\u2019\u00fcnc\u00fc Leo, ABD ve \u0130srail&#8217;in d\u00fcn sabah \u0130ran&#8217;a sald\u0131r\u0131s\u0131yla ba\u015flayan Orta Do\u011fu&#8217;daki gerilime ili\u015fkin a\u00e7\u0131klamada bulundu.<\/p>\n<p><strong>&#8220;SAM\u0130M\u0130 VE SORUMLU D\u0130YALOG \u0130N\u015eA ED\u0130LEB\u0130L\u0130R&#8221;<\/strong><\/p>\n<p>Orta Do\u011fu&#8217;da ve \u0130ran&#8217;da ya\u015fananlar\u0131 derin endi\u015feyle takip etti\u011fini kaydeden Papa, \u015fu a\u00e7\u0131klamada bulundu:<\/p>\n<p>\u0130stikrar ve bar\u0131\u015f; kar\u015f\u0131l\u0131kl\u0131 tehditlerle ya da y\u0131k\u0131m, ac\u0131 ve \u00f6l\u00fcm sa\u00e7an silahlarla in\u015fa edilmez ancak makul, samimi ve sorumlu diyalogla in\u015fa edilebilir.<\/p>\n<p><img decoding=\"async\" src=\"https:\/\/bihavadis.com\/wp-content\/uploads\/2026\/05\/papa-14uncu-leodan-iran-mesaji-0-XMrmS6hK.jpg\"\/> <\/p>\n<div> <span><strong>Kaynak:<\/strong> Demir\u00f6ren Haber Ajans\u0131 (DHA)<\/span> <\/div>\n","protected":false},"excerpt":{"rendered":"<p>ABD ile \u0130srail, \u0130ran&#8217;a y\u00f6nelik ortak d\u00fczenledi\u011fi sald\u0131r\u0131larda bir\u00e7ok \u00fcst d\u00fczey ismi ve \u0130ran dini lideri Ayettullah Ali Hamaney&#8217;i \u00f6ld\u00fcrd\u00fc.\u00a0 Bu kapsamda, devlet liderlerinden \u0130ran&#8217;a taziye mesajlar\u0131 gelmeye devam ediyor.\u00a0 PAPA&#8217;DAN \u0130RAN MESAJI Vatikan &#8230;<\/p>\n","protected":false},"author":1,"featured_media":76637,"comment_status":"open","ping_status":"open","sticky":false,"template":"","format":"standard","meta":{"footnotes":""},"categories":[6],"tags":[271],"class_list":["post-76636","post","type-post","status-publish","format-standard","has-post-thumbnail","hentry","category-dunya","tag-iran"],"_links":{"self":[{"href":"https:\/\/bihavadis.com\/index.php\/wp-json\/wp\/v2\/posts\/76636","targetHints":{"allow":["GET"]}}],"collection":[{"href":"https:\/\/bihavadis.com\/index.php\/wp-json\/wp\/v2\/posts"}],"about":[{"href":"https:\/\/bihavadis.com\/index.php\/wp-json\/wp\/v2\/types\/post"}],"author":[{"embeddable":true,"href":"https:\/\/bihavadis.com\/index.php\/wp-json\/wp\/v2\/users\/1"}],"replies":[{"embeddable":true,"href":"https:\/\/bihavadis.com\/index.php\/wp-json\/wp\/v2\/comments?post=76636"}],"version-history":[{"count":1,"href":"https:\/\/bihavadis.com\/index.php\/wp-json\/wp\/v2\/posts\/76636\/revisions"}],"predecessor-version":[{"id":76639,"href":"https:\/\/bihavadis.com\/index.php\/wp-json\/wp\/v2\/posts\/76636\/revisions\/76639"}],"wp:featuredmedia":[{"embeddable":true,"href":"https:\/\/bihavadis.com\/index.php\/wp-json\/wp\/v2\/media\/76637"}],"wp:attachment":[{"href":"https:\/\/bihavadis.com\/index.php\/wp-json\/wp\/v2\/media?parent=76636"}],"wp:term":[{"taxonomy":"category","embeddable":true,"href":"https:\/\/bihavadis.com\/index.php\/wp-json\/wp\/v2\/categories?post=76636"},{"taxonomy":"post_tag","embeddable":true,"href":"https:\/\/bihavadis.com\/index.php\/wp-json\/wp\/v2\/tags?post=76636"}],"curies":[{"name":"wp","href":"https:\/\/api.w.org\/{rel}","templated":true}]}}