{"id":76653,"date":"2026-05-01T00:54:10","date_gmt":"2026-05-01T00:54:10","guid":{"rendered":"https:\/\/bihavadis.com\/?p=76653"},"modified":"2026-05-01T00:54:10","modified_gmt":"2026-05-01T00:54:10","slug":"somali-adalet-ve-anayasal-isler-bakani-sheikhali-israilin-somalilandi-tanimasi-ihlaldir","status":"publish","type":"post","link":"https:\/\/bihavadis.com\/index.php\/2026\/05\/01\/somali-adalet-ve-anayasal-isler-bakani-sheikhali-israilin-somalilandi-tanimasi-ihlaldir\/","title":{"rendered":"Somali Adalet ve Anayasal \u0130\u015fler Bakan\u0131 Sheikhali: &#8220;\u0130srail&#8217;in (Somaliland&#8217;i) tan\u0131mas\u0131 ihlaldir&#8221;"},"content":{"rendered":"<p> Somali Adalet ve Anayasal \u0130\u015fler Bakan\u0131 Hassan Moallin Muhamoud Sheikhali, \u0130srail&#8217;in Somaliland&#8217;i tan\u0131mas\u0131n\u0131n uluslararas\u0131 ihlal oldu\u011funu belirterek, T\u00fcrkiye gibi dost \u00fclkelerin Somali&#8217;nin toprak b\u00fct\u00fcnl\u00fc\u011f\u00fcn\u00fc destekledi\u011fini vurgulad\u0131.<\/p>\n<p>Sheikhali, Ankara&#8217;da bir otelde Milli \u0130stihbarat Akademisi (M\u0130A) taraf\u0131ndan d\u00fczenlenen &#8220;T\u00fcrkiye Afrika Stratejik Diyalo\u011fu&#8221; ba\u015fl\u0131kl\u0131 program kapsam\u0131nda bas\u0131n mensuplar\u0131n\u0131n sorular\u0131n\u0131 yan\u0131tlad\u0131.<\/p>\n<p>\u0130srail&#8217;in Somaliland&#8217;i tan\u0131mas\u0131na ili\u015fkin soruya Sheikhali, &#8220;\u0130srail&#8217;in (Somaliland&#8217;i) tan\u0131mas\u0131 ihlaldir. \u00d6ncelikle, uluslararas\u0131 hukukun ve uluslararas\u0131 normlar\u0131n ihlalidir. \u0130srail&#8217;in uluslararas\u0131 hukuka ve uluslararas\u0131 normlara sayg\u0131 duymad\u0131\u011f\u0131n\u0131 g\u00f6steriyor.&#8221; yan\u0131t\u0131n\u0131 verdi.<\/p>\n<p>Sheikhali, bunun sadece Somali&#8217;de olmad\u0131\u011f\u0131na, y\u0131llar boyunca \u0130srail&#8217;in benzer ihlalleri ger\u00e7ekle\u015ftirdi\u011fine i\u015faret etti.<\/p>\n<p>\u00dclkesinin tek, birle\u015fik, egemen ve ba\u011f\u0131ms\u0131z oldu\u011funu s\u00f6yleyen Sheikhali, &#8220;Biz Somali halk\u0131 olarak kendimizi ihlal edilmi\u015f hissediyoruz, biz ne istediklerini biliyoruz, Somali&#8217;yi b\u00f6lmek istiyorlar. Bu \u00e7ok eski bir taktik, b\u00f6l ve y\u00f6net takti\u011fi.&#8221; diye konu\u015ftu.<\/p>\n<p>Bakan Sheikhali, &#8220;\u00fclkenin baz\u0131 k\u0131s\u0131mlar\u0131n\u0131 ele ge\u00e7irmek&#8221; i\u00e7in \u00fclkenin b\u00f6l\u00fcnmesini istediklerini ancak T\u00fcrkiye gibi dost \u00fclkelerin Somali&#8217;nin toprak b\u00fct\u00fcnl\u00fc\u011f\u00fcn\u00fc destekledi\u011fini vurgulad\u0131.<\/p>\n<p>Sheikhali, &#8220;T\u00fcrkiye ve di\u011fer uluslararas\u0131 dostlar\u0131m\u0131z gibi, bu \u00f6zel anda bize yard\u0131m eden, Somali&#8217;nin toprak b\u00fct\u00fcnl\u00fc\u011f\u00fcne, birli\u011fine ve siyasi ba\u011f\u0131ms\u0131zl\u0131\u011f\u0131na desteklerini yeniden teyit eden dostlar\u0131m\u0131z oldu\u011fu i\u00e7in \u015fansl\u0131y\u0131z. T\u00fcrkiye bu konuda \u00f6nc\u00fc oldu ve onlar\u0131n rol\u00fcn\u00fc ger\u00e7ekten takdir ediyoruz.&#8221; dedi.<\/p>\n<p>Somali&#8217;nin ter\u00f6rle m\u00fccadelesinde T\u00fcrkiye&#8217;nin katk\u0131s\u0131<\/p>\n<p>Somali&#8217;nin ter\u00f6rle m\u00fccadelesinde T\u00fcrkiye&#8217;nin rol\u00fcne ili\u015fkin konu\u015fan Sheikhali, savunma alan\u0131nda T\u00fcrkiye ile Somali aras\u0131nda 2024&#8217;te imzalanan anla\u015fmay\u0131 hat\u0131rlatt\u0131.<\/p>\n<p>Sheikhali, &#8220;T\u00fcrkiye, yapt\u0131\u011f\u0131 anla\u015fmaya sad\u0131k kalarak, ter\u00f6rizmle m\u00fccadele etmek i\u00e7in Somali&#8217;ye en yeni ekipmanlar\u0131 ve sava\u015f u\u00e7aklar\u0131n\u0131 getirdi. Bu da bize, bildi\u011fimiz gibi, T\u00fcrklerin taahh\u00fcd\u00fcn\u00fcn sadece s\u00f6zde kalmad\u0131\u011f\u0131n\u0131, eyleme de ge\u00e7ildi\u011fini g\u00f6sterir.&#8221; diye konu\u015ftu.<\/p>\n<p>Somali halk\u0131n\u0131n, T\u00fcrkiye&#8217;den g\u00f6nderilen &#8220;sava\u015f u\u00e7aklar\u0131n\u0131n g\u00fcr\u00fclt\u00fcs\u00fcyle uyand\u0131\u011f\u0131n\u0131&#8221; belirten Sheikhali, u\u00e7aklar\u0131 g\u00f6rd\u00fcklerinde mutlu olduklar\u0131n\u0131 ve uzun zamand\u0131r b\u00f6yle ses duymad\u0131klar\u0131n\u0131 dile getirdi.<\/p>\n<p>Sheikhali, &#8220;Somali halk\u0131 ilk defa stratejik ortakl\u0131\u011f\u0131n sadece insani yard\u0131m ve kalk\u0131nma ile ilgili olmad\u0131\u011f\u0131n\u0131, ayn\u0131 zamanda savunma ve Somali \u00fclkesi i\u00e7in de \u00f6nemli oldu\u011funu anl\u0131yor.&#8221; ifadesini kulland\u0131.<\/p>\n<p>&#8220;\u0130ki \u00fclke aras\u0131nda b\u00fcy\u00fck potansiyel var&#8221;<\/p>\n<p>T\u00fcrkiye-Somali ili\u015fkilerine de\u011finen Sheikhali, Cumhurba\u015fkan\u0131 Recep Tayyip Erdo\u011fan&#8217;\u0131n 2011&#8217;de Somali&#8217;ye ger\u00e7ekle\u015ftirdi\u011fi ziyarete de\u011finerek, bu ziyareti &#8220;tarihi&#8221; olarak nitelendirdi.<\/p>\n<p>S\u00f6z konusu ziyaretten \u00f6nce kimsenin Somali&#8217;ye gelmeye cesaret edemedi\u011fini belirten Sheikhali, T\u00fcrk Hava Yollar\u0131 (THY) ile iki \u00fclke aras\u0131nda ba\u011f kuruldu\u011funu s\u00f6yledi.<\/p>\n<p>\u0130ki \u00fclke ili\u015fkilerinin geli\u015fti\u011fine ve zor zamanlarda T\u00fcrkiye&#8217;nin Somali&#8217;nin yan\u0131nda oldu\u011funa i\u015faret eden Sheikhali, &#8220;Somali&#8217;de roket f\u0131rlatma rampalar\u0131 kuracak kadar kendilerine g\u00fcvenliler, orada kendi \u00fcslerini kurabilirler \u00e7\u00fcnk\u00fc g\u00fcvenlik ortam\u0131 \u00e7ok geli\u015fti.&#8221; ifadesini kulland\u0131.<\/p>\n<p>Sheikhali, bu geli\u015fmelerin, T\u00fcrkiye&#8217;nin ve Somali&#8217;nin birbirine fayda sa\u011flayabilece\u011fi anlam\u0131na geldi\u011finin alt\u0131n\u0131 \u00e7izerek, iki \u00fclke aras\u0131nda b\u00fcy\u00fck potansiyel oldu\u011funu vurgulad\u0131.<\/p>\n","protected":false},"excerpt":{"rendered":"<p>Somali Adalet ve Anayasal \u0130\u015fler Bakan\u0131 Hassan Moallin Muhamoud Sheikhali, \u0130srail&#8217;in Somaliland&#8217;i tan\u0131mas\u0131n\u0131n uluslararas\u0131 ihlal oldu\u011funu belirterek, T\u00fcrkiye gibi dost \u00fclkelerin Somali&#8217;nin toprak b\u00fct\u00fcnl\u00fc\u011f\u00fcn\u00fc destekledi\u011fini vurgulad\u0131.<\/p>\n","protected":false},"author":1,"featured_media":76654,"comment_status":"open","ping_status":"open","sticky":false,"template":"","format":"standard","meta":{"footnotes":""},"categories":[9,4,13],"tags":[1445,849,197,700,975],"class_list":["post-76653","post","type-post","status-publish","format-standard","has-post-thumbnail","hentry","category-genel","category-gundem","category-son-dakika","tag-ihlal","tag-somali","tag-turkiye","tag-ulke","tag-uluslararasi"],"_links":{"self":[{"href":"https:\/\/bihavadis.com\/index.php\/wp-json\/wp\/v2\/posts\/76653","targetHints":{"allow":["GET"]}}],"collection":[{"href":"https:\/\/bihavadis.com\/index.php\/wp-json\/wp\/v2\/posts"}],"about":[{"href":"https:\/\/bihavadis.com\/index.php\/wp-json\/wp\/v2\/types\/post"}],"author":[{"embeddable":true,"href":"https:\/\/bihavadis.com\/index.php\/wp-json\/wp\/v2\/users\/1"}],"replies":[{"embeddable":true,"href":"https:\/\/bihavadis.com\/index.php\/wp-json\/wp\/v2\/comments?post=76653"}],"version-history":[{"count":1,"href":"https:\/\/bihavadis.com\/index.php\/wp-json\/wp\/v2\/posts\/76653\/revisions"}],"predecessor-version":[{"id":76655,"href":"https:\/\/bihavadis.com\/index.php\/wp-json\/wp\/v2\/posts\/76653\/revisions\/76655"}],"wp:featuredmedia":[{"embeddable":true,"href":"https:\/\/bihavadis.com\/index.php\/wp-json\/wp\/v2\/media\/76654"}],"wp:attachment":[{"href":"https:\/\/bihavadis.com\/index.php\/wp-json\/wp\/v2\/media?parent=76653"}],"wp:term":[{"taxonomy":"category","embeddable":true,"href":"https:\/\/bihavadis.com\/index.php\/wp-json\/wp\/v2\/categories?post=76653"},{"taxonomy":"post_tag","embeddable":true,"href":"https:\/\/bihavadis.com\/index.php\/wp-json\/wp\/v2\/tags?post=76653"}],"curies":[{"name":"wp","href":"https:\/\/api.w.org\/{rel}","templated":true}]}}