{"id":76663,"date":"2026-05-01T01:03:08","date_gmt":"2026-05-01T01:03:08","guid":{"rendered":"https:\/\/bihavadis.com\/?p=76663"},"modified":"2026-05-01T01:03:08","modified_gmt":"2026-05-01T01:03:08","slug":"edremitte-dogalgaz-seferberligi","status":"publish","type":"post","link":"https:\/\/bihavadis.com\/index.php\/2026\/05\/01\/edremitte-dogalgaz-seferberligi\/","title":{"rendered":"Edremit&#8217;te Do\u011falgaz Seferberli\u011fi"},"content":{"rendered":"<p>Edremit Belediye Ba\u015fkan\u0131 Mehmet Erta\u015f, il\u00e7edeki enerji altyap\u0131s\u0131n\u0131 g\u00fc\u00e7lendirmek ve do\u011falgaz a\u011f\u0131n\u0131 geni\u015fletmek amac\u0131yla Aksa Do\u011falgaz yetkilileriyle bir koordinasyon toplant\u0131s\u0131 ger\u00e7ekle\u015ftirdi. Toplant\u0131da, Edremit\u2019in 2026 y\u0131l\u0131 do\u011falgaz yat\u0131r\u0131m planlar\u0131 ve \u00e7al\u0131\u015fma takvimi masaya yat\u0131r\u0131ld\u0131.<\/p>\n<p><b>200 K\u0130LOMETREL\u0130K YEN\u0130 HAT M\u00dcJDES\u0130<\/b><\/p>\n<p>Aksa Do\u011falgaz Bal\u0131kesir-Edremit \u015fubesinde ger\u00e7ekle\u015fen toplant\u0131ya; Edremit Belediye Ba\u015fkan\u0131 Mehmet Erta\u015f, Belediye Ba\u015fkan Yard\u0131mc\u0131s\u0131 Co\u015fkun Ta\u015fk\u0131n, Fen \u0130\u015fleri M\u00fcd\u00fcr\u00fc Utku Ko\u00e7, Aksa \u0130l M\u00fcd\u00fcr\u00fc Ferhat \u00d6zt\u00fcrk, Aksa Teknik Ofis M\u00fcd\u00fcr\u00fc Koray Tanr\u0131seven ve \u0130\u015fletme M\u00fcd\u00fcr\u00fc Levent \u00dcst\u00fcner kat\u0131ld\u0131.<\/p>\n<p>Yap\u0131lan g\u00f6r\u00fc\u015fmeler sonucunda, 2026 y\u0131l\u0131 sonuna kadar il\u00e7eye toplamda 150 kilometrelik ana hat ve 50 kilometrelik servis hatt\u0131 d\u00f6\u015fenmesi kararla\u015ft\u0131r\u0131ld\u0131. Bu dev yat\u0131r\u0131m hamlesiyle birlikte Edremit genelindeki do\u011falgaz eri\u015fim oran\u0131n\u0131n ciddi anlamda art\u0131r\u0131lmas\u0131 hedefleniyor.<\/p>\n<p><b>MIHLI MEVK\u0130NE KADAR DO\u011eALGAZ G\u0130DECEK<\/b><\/p>\n<p>Toplant\u0131da al\u0131nan kararlara g\u00f6re, Ramazan Bayram\u0131\u2019n\u0131n hemen ard\u0131ndan \u00e7al\u0131\u015fmalar ivme kazanacak. \u00d6n\u00fcnden ana hat ge\u00e7en b\u00f6lgeler h\u0131zla aboneli\u011fe a\u00e7\u0131lacak. 2026 y\u0131l\u0131 bitmeden Manast\u0131r \u00c7ay\u0131 mevkine kadar, daha sonra Alt\u0131noluk Mahallesi M\u0131hl\u0131 mevkine olan b\u00f6lgelerin do\u011falgaz konforuna kavu\u015fturulmas\u0131 hedefleniyor.<\/p>\n<p><b>\u201cHIZ KESMEDEN DEVAM EDECE\u011e\u0130Z\u201d<\/b><\/p>\n<p>Toplant\u0131 sonras\u0131 Edremit Belediye Ba\u015fkan\u0131 Mehmet Erta\u015f, halk\u0131n ya\u015fam kalitesini art\u0131rmak i\u00e7in altyap\u0131 \u00e7al\u0131\u015fmalar\u0131n\u0131n \u00f6ncelik oldu\u011funu vurgulayarak: &#8220;G\u00f6reve geldi\u011fimiz ilk g\u00fcnden bu yana, modern kent ya\u015fam\u0131n\u0131n vazge\u00e7ilmezi do\u011falgaz\u0131n her haneye ula\u015fmas\u0131 i\u00e7in t\u00fcm imkanlar\u0131m\u0131z\u0131 seferber ettik. Aksa Do\u011falgaz ekibiyle kurdu\u011fumuz koordinasyon sayesinde, Edremit\u2019in d\u00f6rt bir yan\u0131n\u0131 do\u011falgazla bulu\u015fturma noktas\u0131nda kararl\u0131y\u0131z. Planlad\u0131\u011f\u0131m\u0131z bu b\u00fcy\u00fck yat\u0131r\u0131m\u0131 hayata ge\u00e7irmek ad\u0131na titizlikle s\u00fcrd\u00fcrerek, h\u0131z\u0131m\u0131z\u0131 her ge\u00e7en g\u00fcn daha da art\u0131rarak \u00e7al\u0131\u015fmalar\u0131m\u0131za devam edece\u011fiz.&#8221; diye konu\u015ftu.<\/p>\n<p>\u00a0<\/p>\n<p>Kaynak: (BYZHA) Beyaz Haber Ajans\u0131<\/p>\n","protected":false},"excerpt":{"rendered":"<p>Edremit Belediye Ba\u015fkan\u0131 Mehmet Erta\u015f, il\u00e7edeki enerji altyap\u0131s\u0131n\u0131 g\u00fc\u00e7lendirmek ve do\u011falgaz a\u011f\u0131n\u0131 geni\u015fletmek amac\u0131yla Aksa Do\u011falgaz yetkilileriyle bir koordinasyon toplant\u0131s\u0131 ger\u00e7ekle\u015ftirdi.<\/p>\n","protected":false},"author":1,"featured_media":76664,"comment_status":"open","ping_status":"open","sticky":false,"template":"","format":"standard","meta":{"footnotes":""},"categories":[4],"tags":[1538,582],"class_list":["post-76663","post","type-post","status-publish","format-standard","has-post-thumbnail","hentry","category-gundem","tag-dogalgaz","tag-edremit"],"_links":{"self":[{"href":"https:\/\/bihavadis.com\/index.php\/wp-json\/wp\/v2\/posts\/76663","targetHints":{"allow":["GET"]}}],"collection":[{"href":"https:\/\/bihavadis.com\/index.php\/wp-json\/wp\/v2\/posts"}],"about":[{"href":"https:\/\/bihavadis.com\/index.php\/wp-json\/wp\/v2\/types\/post"}],"author":[{"embeddable":true,"href":"https:\/\/bihavadis.com\/index.php\/wp-json\/wp\/v2\/users\/1"}],"replies":[{"embeddable":true,"href":"https:\/\/bihavadis.com\/index.php\/wp-json\/wp\/v2\/comments?post=76663"}],"version-history":[{"count":1,"href":"https:\/\/bihavadis.com\/index.php\/wp-json\/wp\/v2\/posts\/76663\/revisions"}],"predecessor-version":[{"id":76665,"href":"https:\/\/bihavadis.com\/index.php\/wp-json\/wp\/v2\/posts\/76663\/revisions\/76665"}],"wp:featuredmedia":[{"embeddable":true,"href":"https:\/\/bihavadis.com\/index.php\/wp-json\/wp\/v2\/media\/76664"}],"wp:attachment":[{"href":"https:\/\/bihavadis.com\/index.php\/wp-json\/wp\/v2\/media?parent=76663"}],"wp:term":[{"taxonomy":"category","embeddable":true,"href":"https:\/\/bihavadis.com\/index.php\/wp-json\/wp\/v2\/categories?post=76663"},{"taxonomy":"post_tag","embeddable":true,"href":"https:\/\/bihavadis.com\/index.php\/wp-json\/wp\/v2\/tags?post=76663"}],"curies":[{"name":"wp","href":"https:\/\/api.w.org\/{rel}","templated":true}]}}