{"id":76679,"date":"2026-05-01T01:15:07","date_gmt":"2026-05-01T01:15:07","guid":{"rendered":"https:\/\/bihavadis.com\/?p=76679"},"modified":"2026-05-01T01:15:07","modified_gmt":"2026-05-01T01:15:07","slug":"yunanistanda-abd-ve-israilin-irana-yonelik-saldirilari-protesto-edildi","status":"publish","type":"post","link":"https:\/\/bihavadis.com\/index.php\/2026\/05\/01\/yunanistanda-abd-ve-israilin-irana-yonelik-saldirilari-protesto-edildi\/","title":{"rendered":"Yunanistan\u2019da ABD ve \u0130srail\u2019in \u0130ran\u2019a y\u00f6nelik sald\u0131r\u0131lar\u0131 protesto edildi"},"content":{"rendered":"<p>\u0130ran&#8217;\u0131n dini lideri Ayetullah Ali Hamaney, Cumartesi g\u00fcn\u00fc ABD ve \u0130srail&#8217;in ortak d\u00fczenledi\u011fi bir hava sald\u0131r\u0131s\u0131nda \u00f6ld\u00fcr\u00fcld\u00fc.<\/p>\n<p>Sald\u0131r\u0131n\u0131n ard\u0131ndan Tahran y\u00f6netimi, misilleme olarak \u0130srail ve K\u00f6rfez \u00fclkelerine f\u00fcze sald\u0131r\u0131lar\u0131 ba\u015flatt\u0131.<\/p>\n<p>Yunanistan\u2019\u0131n ba\u015fkenti Atina\u2019da ABD ve \u0130srail\u2019in \u0130ran\u2019a y\u00f6nelik sald\u0131r\u0131lar\u0131 protesto edildi.<\/p>\n<p><strong>AT\u0130NA&#8217;DA PROTESTOLAR BA\u015eLADI<\/strong><\/p>\n<p>Olay\u0131n ard\u0131ndan b\u00f6lgede gerilim h\u0131zla t\u0131rman\u0131rken, Yunanistan\u2019da protestolar patlak verdi.<\/p>\n<p>Yunanistan\u2019da \u0130srail ve ABD&#8217;ye kar\u015f\u0131 eylemlere ba\u015flad\u0131.<\/p>\n<p>\u0130\u015f\u00e7i sendikalar\u0131 ve \u00e7e\u015fitli \u00f6rg\u00fctler taraf\u0131ndan d\u00fczenlenen protestoda g\u00f6stericiler, Eleftherias Park\u0131&#8217;nda ABD\u2019nin Atina B\u00fcy\u00fckel\u00e7ili\u011fi&#8217;ne y\u00fcr\u00fcd\u00fc.<\/p>\n<p><strong>SAVA\u015e KAR\u015eITI M\u0130T\u0130NG D\u00dcZENLEND\u0130<\/strong><\/p>\n<p>Sendikalar ve sivil toplum \u00f6rg\u00fctleri, ABD ve \u0130srail&#8217;in \u0130ran&#8217;a y\u00f6nelik askeri sald\u0131r\u0131lar\u0131n\u0131 protesto etmek ve Yunanistan&#8217;\u0131n Orta Do\u011fu&#8217;da t\u0131rmanan \u00e7at\u0131\u015fmaya dahil olmamas\u0131 \u00e7a\u011fr\u0131s\u0131nda bulunmak i\u00e7in Atina&#8217;da ABD B\u00fcy\u00fckel\u00e7ili\u011fi&#8217;ne do\u011fru bir sava\u015f kar\u015f\u0131t\u0131 miting ve y\u00fcr\u00fcy\u00fc\u015f d\u00fczenledi.<\/p>\n<p>Protestoda g\u00f6stericiler, <em><b>&#8220;Orta Do\u011fu\u2019yu kana buluyorlar, Yunanistan katliamdan uzak dur&#8221; <\/b><\/em>ve<em><b> &#8220;Amerikal\u0131lar, halklar\u0131n katilleri&#8221; <\/b><\/em>\u015feklinde s\u0131k s\u0131k ABD kar\u015f\u0131t\u0131 sloganlar att\u0131lar.<\/p>\n<p><strong>YUNAN H\u00dcK\u00dcMET\u0130NDEN UYARI<\/strong><\/p>\n<p>Baz\u0131 g\u00f6stericiler ise ellerinde Filistin ve \u0130ran bayraklar\u0131 ta\u015f\u0131d\u0131.<\/p>\n<p>G\u00f6stericiler, \u0130ran halk\u0131 ile dayan\u0131\u015fma i\u00e7inde olduklar\u0131n\u0131 belirterek, \u00e7at\u0131\u015fmalar\u0131n b\u00f6lgesel bir \u00e7at\u0131\u015fmaya d\u00f6n\u00fc\u015febilece\u011fi uyar\u0131s\u0131nda bulundular.<\/p>\n<p>ABD\u2019nin s\u00f6z konusu sald\u0131r\u0131lar\u0131 Orta Do\u011fu&#8217;daki enerji yollar\u0131n\u0131 kontrol etme amac\u0131yla d\u00fczenledi\u011fini s\u00f6yleyen g\u00f6stericiler, \u0130ran&#8217;a y\u00f6nelik askeri sald\u0131r\u0131ya kar\u015f\u0131 olduklar\u0131n\u0131 belirttiler.<\/p>\n<p>G\u00f6stericiler, Yunan h\u00fck\u00fcmetinden do\u011frudan ya da dolayl\u0131 olarak ABD ve \u0130srail&#8217;e \u00fcs ve lojistik destek sa\u011flayarak herhangi bir askeri operasyona kat\u0131lmaktan ka\u00e7\u0131nmas\u0131 \u00e7a\u011fr\u0131s\u0131nda bulundu.<\/p>\n<p>Protesto, ABD B\u00fcy\u00fckel\u00e7ili\u011fi \u00f6n\u00fcnde bar\u0131\u015f\u00e7\u0131l bir \u015fekilde sona erdi.<\/p>\n<p><img decoding=\"async\" src=\"https:\/\/bihavadis.com\/wp-content\/uploads\/2026\/05\/yunanistanda-abd-ve-israilin-irana-yonelik-saldirilari-protesto-edildi-0-2ex4kiDz.jpg\"\/> <\/p>\n<div> <span><strong>Kaynak:<\/strong> \u0130hlas Haber Ajans\u0131 (\u0130HA)<\/span> <\/div>\n","protected":false},"excerpt":{"rendered":"<p>\u0130ran&#8217;\u0131n dini lideri Ayetullah Ali Hamaney, Cumartesi g\u00fcn\u00fc ABD ve \u0130srail&#8217;in ortak d\u00fczenledi\u011fi bir hava sald\u0131r\u0131s\u0131nda \u00f6ld\u00fcr\u00fcld\u00fc. Sald\u0131r\u0131n\u0131n ard\u0131ndan Tahran y\u00f6netimi, misilleme olarak \u0130srail ve K\u00f6rfez \u00fclkelerine f\u00fcze sald\u0131r\u0131lar\u0131 ba\u015flatt\u0131. Yunanistan\u2019\u0131n &#8230;<\/p>\n","protected":false},"author":1,"featured_media":76680,"comment_status":"open","ping_status":"open","sticky":false,"template":"","format":"standard","meta":{"footnotes":""},"categories":[6],"tags":[272,271,792,1274,2805],"class_list":["post-76679","post","type-post","status-publish","format-standard","has-post-thumbnail","hentry","category-dunya","tag-abd","tag-iran","tag-israil","tag-protesto","tag-yunanistan"],"_links":{"self":[{"href":"https:\/\/bihavadis.com\/index.php\/wp-json\/wp\/v2\/posts\/76679","targetHints":{"allow":["GET"]}}],"collection":[{"href":"https:\/\/bihavadis.com\/index.php\/wp-json\/wp\/v2\/posts"}],"about":[{"href":"https:\/\/bihavadis.com\/index.php\/wp-json\/wp\/v2\/types\/post"}],"author":[{"embeddable":true,"href":"https:\/\/bihavadis.com\/index.php\/wp-json\/wp\/v2\/users\/1"}],"replies":[{"embeddable":true,"href":"https:\/\/bihavadis.com\/index.php\/wp-json\/wp\/v2\/comments?post=76679"}],"version-history":[{"count":1,"href":"https:\/\/bihavadis.com\/index.php\/wp-json\/wp\/v2\/posts\/76679\/revisions"}],"predecessor-version":[{"id":76682,"href":"https:\/\/bihavadis.com\/index.php\/wp-json\/wp\/v2\/posts\/76679\/revisions\/76682"}],"wp:featuredmedia":[{"embeddable":true,"href":"https:\/\/bihavadis.com\/index.php\/wp-json\/wp\/v2\/media\/76680"}],"wp:attachment":[{"href":"https:\/\/bihavadis.com\/index.php\/wp-json\/wp\/v2\/media?parent=76679"}],"wp:term":[{"taxonomy":"category","embeddable":true,"href":"https:\/\/bihavadis.com\/index.php\/wp-json\/wp\/v2\/categories?post=76679"},{"taxonomy":"post_tag","embeddable":true,"href":"https:\/\/bihavadis.com\/index.php\/wp-json\/wp\/v2\/tags?post=76679"}],"curies":[{"name":"wp","href":"https:\/\/api.w.org\/{rel}","templated":true}]}}