{"id":76722,"date":"2026-05-01T01:51:08","date_gmt":"2026-05-01T01:51:08","guid":{"rendered":"https:\/\/bihavadis.com\/?p=76722"},"modified":"2026-05-01T01:51:08","modified_gmt":"2026-05-01T01:51:08","slug":"bakan-kurumdan-chpye-sert-yanit","status":"publish","type":"post","link":"https:\/\/bihavadis.com\/index.php\/2026\/05\/01\/bakan-kurumdan-chpye-sert-yanit\/","title":{"rendered":"Bakan Kurum&#8217;dan CHP&#8217;ye Sert Yan\u0131t"},"content":{"rendered":"<p>\n<p>\u00c7EVRE, \u015eehircilik ve \u0130klim De\u011fi\u015fikli\u011fi Bakan\u0131 Murat Kurum, CHP Genel Ba\u015fkan\u0131 \u00d6zg\u00fcr \u00d6zel&#8217;e y\u00f6nelik, &#8220;11 ilimizde imzas\u0131n\u0131 att\u0131\u011f\u0131m\u0131z meydanlar\u0131m\u0131z, \u00e7ar\u015f\u0131lar\u0131m\u0131z, tarihi eserlerimizle yalanlara cevab\u0131m\u0131z\u0131 verdik. Huzurla yuvalar\u0131na giren 2 milyon vatanda\u015f\u0131m\u0131z\u0131n g\u00fclen y\u00fczleriyle cevap verdik. Ama g\u00f6r\u00fcyoruz ki hi\u00e7 mahcup olmuyorlar. 11 ile bir \u00e7ivi \u00e7akmayan partinin genel ba\u015fkan\u0131 olarak tarihe ge\u00e7eceksiniz&#8221; dedi.<\/p>\n<p>Ankara&#8217;da \u0130leti\u015fim Ba\u015fkanl\u0131\u011f\u0131 taraf\u0131ndan &#8216;Asr\u0131n \u0130n\u015fas\u0131 G\u00fc\u00e7l\u00fc T\u00fcrkiye&#8217;nin \u0130hya Vizyonu Paneli&#8217; d\u00fczenlendi. Panele \u00c7evre, \u015eehircilik ve \u0130klim De\u011fi\u015fikli\u011fi Bakan\u0131 Murat Kurum ile \u0130leti\u015fim Ba\u015fkan\u0131 Burhanettin Duran ve \u00e7ok say\u0131da davetli kat\u0131ld\u0131. Panelin a\u00e7\u0131l\u0131\u015f konu\u015fmas\u0131n\u0131 yapan \u0130leti\u015fim Ba\u015fkan\u0131 Burhanettin Duran, 6 \u015eubat 2023 depremlerinin ard\u0131ndan afet ve sonras\u0131ndaki s\u00fcrecin ger\u00e7e\u011fi merkeze alan g\u00fc\u00e7l\u00fc ileti\u015fim ortam\u0131n\u0131n ne denli hayati oldu\u011funu bir kez daha g\u00f6sterdi\u011fini belirterek, bu ba\u011flamda, sa\u011fl\u0131kl\u0131 ileti\u015fim ortam\u0131n\u0131n tesisi i\u00e7in yo\u011fun gayret sarf ettiklerini s\u00f6yledi.<\/p>\n<p>&#8216;200&#8217;E YAKIN DEZENFORMAT\u0130F \u0130\u00c7ER\u0130\u011eE M\u00dcDAHALE ETT\u0130K&#8217;<\/p>\n<p>Duran, yalanlar\u0131n, kurgulanm\u0131\u015f i\u00e7eriklerin ve \u00e7arp\u0131t\u0131lm\u0131\u015f bilgilerin, \u00f6zellikle kriz anlar\u0131nda ne denli h\u0131zl\u0131 yay\u0131labildi\u011finin tecr\u00fcbe edildi\u011fini i\u015faret ederek, &#8220;Bu d\u00f6nemde, dezenformasyonun kimi zaman kas\u0131tl\u0131 y\u00f6nlendirmelerle, kimi zaman da bilgi eksikli\u011finden kaynaklanan yanl\u0131\u015f aktar\u0131mlarla yayg\u0131nla\u015ft\u0131\u011f\u0131na \u015fahit olduk. Toplumun huzuruna kasteden, afet sahas\u0131nda asayi\u015fi zedeleyen ve arama kurtarma faaliyetlerini sekteye u\u011fratan bu yan\u0131lt\u0131c\u0131 bilgilerle m\u00fccadele edilmesi son derece \u00f6nemliydi. Bu \u00e7er\u00e7evede, 200&#8217;e yak\u0131n dezenformatif i\u00e7eri\u011fe m\u00fcdahale ettik, do\u011frusunu milletimizle payla\u015ft\u0131k. Devletimizin ilgili kurumlar\u0131yla koordineli \u015fekilde kamuoyunun do\u011fru bilgilendirilmesinde elimizden gelen \u00e7abay\u0131 g\u00f6sterdik. Ayr\u0131ca milletimizin kesintisiz ileti\u015fimi s\u00fcrd\u00fcrebilmek ad\u0131na C\u0130MER kriz ileti\u015fim stratejisini derhal uygulamaya ge\u00e7irdik. Bu \u00e7er\u00e7evede 6 \u015eubat sabah\u0131 08.30 itibar\u0131yla depremzede vatanda\u015flar\u0131m\u0131z i\u00e7in \u00f6zel bir ileti\u015fim kanal\u0131 olarak &#8216;C\u0130MER Deprem Acil&#8217; uygulamas\u0131n\u0131 kullan\u0131ma sunduk. &#8216;C\u0130MER Deprem Acil&#8217; uygulamas\u0131na gelen toplam 1,7 milyon ba\u015fvuru kapsam\u0131ndaki her t\u00fcrl\u00fc talep ve ihtiya\u00e7 kurumlar\u0131m\u0131z ile e\u015f g\u00fcd\u00fcm i\u00e7inde hassasiyetle takip edildi ve \u00e7\u00f6z\u00fcme kavu\u015fturuldu. C\u0130MER \u00c7a\u011fr\u0131 Merkezi \u00fczerinden ise deprem sonras\u0131 3 ayl\u0131k s\u00fcre\u00e7te 7\/24 \u00e7al\u0131\u015fma esas\u0131yla 220 binin \u00fczerinde \u00e7a\u011fr\u0131y\u0131 cevaplad\u0131k&#8221; dedi.<\/p>\n<p>BAKAN KURUM: A&#8217;DAN Z&#8217;YE TOPYEKUN \u015eEH\u0130RC\u0130L\u0130K V\u0130ZYONUYLA HAREKET ETT\u0130K<\/p>\n<p>\u00c7evre, \u015eehircilik ve \u0130klim De\u011fi\u015fikli\u011fi Bakan\u0131 Murat Kurum ise 6 \u015eubat 2023 depremlerinin 15&#8217;inci g\u00fcn\u00fcnde konutlar\u0131n temellerini att\u0131klar\u0131n\u0131, daha felaketin \u00fczerinden 45 g\u00fcn ge\u00e7mi\u015fken ilk konutlar\u0131 teslim ettiklerini belirterek, 3 bin 481 \u015fantiye kurduklar\u0131n\u0131, 11 ilde 200 bin i\u015f\u00e7inin 7\/24 \u00e7al\u0131\u015farak saatte 23, g\u00fcnde 550 konut \u00fcretti\u011fini s\u00f6yledi. Bakan Kurum, &#8220;Biz biliyoruz ki \u015fehir, sadece insan\u0131n in\u015fa etti\u011fi bir mekan de\u011fildir. \u015eehir ayn\u0131 zamanda insan\u0131 in\u015fa eden bir yap\u0131d\u0131r. Ge\u00e7mi\u015fimizi ta\u015f\u0131r, bug\u00fcn\u00fcm\u00fcz\u00fc \u015fekillendirir, yar\u0131n\u0131m\u0131za istikamet verir. Biz \u015fehirleri bu anlay\u0131\u015fla, k\u00f6klerini T\u00fcrk-\u0130slam medeniyetinden alan, insan\u0131 merkeze koyan bir tasavvurla in\u015fa ederiz. Bizim \u015fehir anlay\u0131\u015f\u0131m\u0131zda insan vard\u0131r, ahlak vard\u0131r, kom\u015fuluk vard\u0131r, merhamet vard\u0131r. Bizim i\u00e7in \u015fehir; insan\u0131n ruhunu yormayan, hayat\u0131n\u0131 kolayla\u015ft\u0131ran, dayan\u0131\u015fmay\u0131 b\u00fcy\u00fcten bir ya\u015fam alan\u0131d\u0131r. Camisiyle, \u00e7ar\u015f\u0131s\u0131yla, okulu ve meydan\u0131yla insan\u0131 merkeze alan bir hayat\u0131n ad\u0131d\u0131r. 11 ilimizde de konutlar\u0131 in\u015fa ederken ya\u015fam alanlar\u0131 a\u00e7t\u0131k. &#8216;\u015eehirlerin kimli\u011fidir&#8217; dedik, meydanlar in\u015fa ettik. Habib-i Neccar Camii, Tarihi Meclis Binas\u0131 gibi bir\u00e7ok eseri asl\u0131n\u0131 hi\u00e7 bozmadan ihya ettik. \u015eehirlerimizin kalbi \u00e7ar\u015f\u0131lar\u0131 bulundu\u011fu yere \u00f6zg\u00fc bir anlay\u0131\u015fla in\u015fa ederek esnaf\u0131m\u0131za yeni ekmek kap\u0131lar\u0131 sunduk. A&#8217;dan Z&#8217;ye topyekun bir \u015fehircilik vizyonuyla hareket ettik&#8221; diye konu\u015ftu.<\/p>\n<p>&#8216;\u0130FT\u0130RALARA 455 B\u0130N KONUTUMUZLA YANIT VERD\u0130K&#8217;<\/p>\n<p>Bakan Kurum, asr\u0131n felaketi sonras\u0131, asr\u0131n in\u015fa s\u00fcrecinde bir\u00e7ok zorlukla kar\u015f\u0131la\u015ft\u0131klar\u0131n\u0131 ama en \u00e7ok dezenformasyonlardan yorulduklar\u0131n\u0131 vurgulayarak, &#8220;Daha ilk g\u00fcn, ilk saatlerde biz insanlar\u0131m\u0131za ula\u015fmaya \u00e7al\u0131\u015f\u0131rken, tek bir can\u0131m\u0131z\u0131n daha hayat\u0131n\u0131 nas\u0131l kurtarabiliriz diye \u00e7al\u0131\u015f\u0131rken onlar yalan haberleri yaymaya ba\u015flad\u0131lar. &#8216;H\u00fck\u00fcmet bu enkaz\u0131n alt\u0131nda kal\u0131r&#8217; diye ellerini ovu\u015fturanlar yalanlarla korku pompalad\u0131lar. Yanl\u0131\u015f bilgiler yayarak \u00e7al\u0131\u015fmalar\u0131m\u0131z\u0131, emeklerimizi sabote ettiler. Ac\u0131y\u0131 kaosa d\u00f6n\u00fc\u015ft\u00fcr\u00fcp, toplumu harekete ge\u00e7irmeye \u00e7al\u0131\u015ft\u0131lar. Maalesef, asr\u0131n felaketi gibi do\u011fal bir depremi &#8216;y\u0131k\u0131lm\u0131\u015f, dizleri \u00fcst\u00fcne \u00e7\u00f6km\u00fc\u015f bir T\u00fcrkiye&#8217; felaketine, bir toplumsal felakete d\u00f6n\u00fc\u015ft\u00fcrmek istediler. Bir yandan \u00e7al\u0131\u015fmalar\u0131m\u0131z\u0131 s\u00fcrd\u00fcr\u00fcrken bir yandan da \u0130leti\u015fim Ba\u015fkanl\u0131\u011f\u0131m\u0131z ile bu yalanlara kar\u015f\u0131 m\u00fccadele ettik. ve geldi\u011fimiz noktada t\u00fcm bu yalanlara, iftiralara yan\u0131t\u0131m\u0131z\u0131, dimdik ayakta duran 455 bin konutumuzla verdik. 11 ilimizde imzas\u0131n\u0131 att\u0131\u011f\u0131m\u0131z meydanlar\u0131m\u0131z, \u00e7ar\u015f\u0131lar\u0131m\u0131z, tarihi eserlerimizle yalanlara cevab\u0131m\u0131z\u0131 verdik. Huzurla yuvalar\u0131na giren 2 milyon vatanda\u015f\u0131m\u0131z\u0131n g\u00fclen y\u00fczleriyle cevap verdik. Ama g\u00f6r\u00fcyoruz ki hi\u00e7 mahcup olmuyorlar. Hala da yalanlara devam ediyorlar. \u00c7\u00f6p kutusu g\u00f6ndermekle \u00f6v\u00fcn\u00fcyorlar ama bizim bu kadar emek verdi\u011fimiz 455 bin konutu be\u011fenmiyorlar. Kendi de bal gibi biliyor afet konutlar\u0131nda faiz olmad\u0131\u011f\u0131n\u0131, bile bile milletimizin g\u00f6z\u00fcn\u00fcn i\u00e7ine baka baka yalan\u0131n\u0131 s\u00fcrd\u00fcr\u00fcyor. &#8216;T\u00fcm afetlerde oldu\u011fu gibi burada da konutlar faizsiz, sabit fiyatla olacak&#8217; diyoruz, anlat\u0131yoruz, duyuyor ama devam ediyor. G\u00fcya sonra \u00e7\u0131kacak &#8216;Ben dedim de yapt\u0131lar&#8217; diyecek. Kimse bunu yutmaz \u00d6zg\u00fcr Bey. Milletin akl\u0131yla oynama. Beceriksizli\u011finizi, millete ilgisizli\u011finizi bunlarla \u00f6rtemeyeceksin. Bizi &#8216;enkaz\u0131n alt\u0131nda kalacaklar&#8217; diye beklerken, bu enkaz\u0131n alt\u0131nda siz kald\u0131n\u0131z. Bu oyunlar\u0131nla da o enkaz\u0131n alt\u0131ndan \u00e7\u0131kamayacaks\u0131n\u0131z. 11 ile bir \u00e7ivi \u00e7akmayan partinin genel ba\u015fkan\u0131 olarak tarihe ge\u00e7eceksiniz. Onlar bu dezenformasyona devam etsin&#8221; dedi.<\/p>\n<p>&#8216;M\u0130LLET\u0130M\u0130Z\u0130 ONLARIN \u0130NSAFINA TERK ETMED\u0130K&#8217;<\/p>\n<p>Bakan Kurum, ayr\u0131ca, &#8220;Siyasi ayr\u0131m g\u00f6zetmeksizin belediye ba\u015fkanlar\u0131m\u0131z\u0131 dinliyoruz, taleplerini bir bir al\u0131yoruz. Milletimiz i\u00e7in yap\u0131lmas\u0131 gereken ne varsa not ediyor ve bir bir hayata ge\u00e7iyoruz. Sizin gibi \u00e7\u00f6p kutusu g\u00f6ndermekle \u00f6v\u00fcnmedik. Biz milletimizle el ele verdik, asr\u0131n in\u015fas\u0131n\u0131 ger\u00e7ekle\u015ftirdik. \u0130stiyoruz ki her yerde belediyelerimiz depremle m\u00fccadele etsin. Gelin hep birlikte elimizi ta\u015f\u0131n alt\u0131na koyal\u0131m diyoruz. CHP Genel Ba\u015fkan\u0131, &#8216;Niye Bakana te\u015fekk\u00fcr ediyorsunuz&#8217; diye milletvekillerini, belediye ba\u015fkanlar\u0131n\u0131 azarl\u0131yor. B\u00f6yle bir anlay\u0131\u015f olabilir mi? B\u00f6yle bir siyaset olur mu? Deprem b\u00f6lgesi CHP&#8217;nin insaf\u0131na kalsayd\u0131 bug\u00fcn 11 ilimizin hepsi Ulu Camii gibi temel a\u015famas\u0131nda olurdu. Biz milletimizi onlar\u0131n insaf\u0131na terk etmedik&#8221; ifadelerini kulland\u0131. <\/p>\n","protected":false},"excerpt":{"rendered":"<p>Murat Kurum, CHP liderinin ele\u015ftirilerine 455 bin konutla cevap verdiklerini belirtti.<\/p>\n","protected":false},"author":1,"featured_media":76723,"comment_status":"open","ping_status":"open","sticky":false,"template":"","format":"standard","meta":{"footnotes":""},"categories":[12],"tags":[60,8219,362,818,1570],"class_list":["post-76722","post","type-post","status-publish","format-standard","has-post-thumbnail","hentry","category-siyaset","tag-deprem","tag-ettik","tag-insa","tag-konut","tag-kurum"],"_links":{"self":[{"href":"https:\/\/bihavadis.com\/index.php\/wp-json\/wp\/v2\/posts\/76722","targetHints":{"allow":["GET"]}}],"collection":[{"href":"https:\/\/bihavadis.com\/index.php\/wp-json\/wp\/v2\/posts"}],"about":[{"href":"https:\/\/bihavadis.com\/index.php\/wp-json\/wp\/v2\/types\/post"}],"author":[{"embeddable":true,"href":"https:\/\/bihavadis.com\/index.php\/wp-json\/wp\/v2\/users\/1"}],"replies":[{"embeddable":true,"href":"https:\/\/bihavadis.com\/index.php\/wp-json\/wp\/v2\/comments?post=76722"}],"version-history":[{"count":1,"href":"https:\/\/bihavadis.com\/index.php\/wp-json\/wp\/v2\/posts\/76722\/revisions"}],"predecessor-version":[{"id":76724,"href":"https:\/\/bihavadis.com\/index.php\/wp-json\/wp\/v2\/posts\/76722\/revisions\/76724"}],"wp:featuredmedia":[{"embeddable":true,"href":"https:\/\/bihavadis.com\/index.php\/wp-json\/wp\/v2\/media\/76723"}],"wp:attachment":[{"href":"https:\/\/bihavadis.com\/index.php\/wp-json\/wp\/v2\/media?parent=76722"}],"wp:term":[{"taxonomy":"category","embeddable":true,"href":"https:\/\/bihavadis.com\/index.php\/wp-json\/wp\/v2\/categories?post=76722"},{"taxonomy":"post_tag","embeddable":true,"href":"https:\/\/bihavadis.com\/index.php\/wp-json\/wp\/v2\/tags?post=76722"}],"curies":[{"name":"wp","href":"https:\/\/api.w.org\/{rel}","templated":true}]}}