{"id":76725,"date":"2026-05-01T01:54:07","date_gmt":"2026-05-01T01:54:07","guid":{"rendered":"https:\/\/bihavadis.com\/?p=76725"},"modified":"2026-05-01T01:54:07","modified_gmt":"2026-05-01T01:54:07","slug":"baskan-tugay-kadir-gecesinde-birlik-ve-beraberlige-vurgu-yapti","status":"publish","type":"post","link":"https:\/\/bihavadis.com\/index.php\/2026\/05\/01\/baskan-tugay-kadir-gecesinde-birlik-ve-beraberlige-vurgu-yapti\/","title":{"rendered":"Ba\u015fkan Tugay Kadir Gecesi&#8217;nde birlik ve beraberli\u011fe vurgu yapt\u0131"},"content":{"rendered":"<p>\u0130zmir B\u00fcy\u00fck\u015fehir Belediye Ba\u015fkan\u0131 Dr. Cemil Tugay, Kadir Gecesi\u2019nde Karaba\u011flar\u2019da d\u00fczenlenen iftar bulu\u015fmas\u0131nda birlik ve beraberlik mesajlar\u0131 verdi. Hem\u015fehrilerinin bu anlaml\u0131 g\u00fcnde sadece kendisi i\u00e7in de\u011fil di\u011fer insanlar ad\u0131na da dua edeceklerine inand\u0131\u011f\u0131n\u0131 aktaran Ba\u015fkan Tugay, \u201cBizim ba\u015fa \u00e7\u0131kamayaca\u011f\u0131m\u0131z hi\u00e7bir \u015fey yok. \u00dclkemiz ne kadar zorluk, s\u0131k\u0131nt\u0131 i\u00e7inde olursa olsun insanlar\u0131m\u0131z ayr\u0131\u015fmad\u0131k\u00e7a, birlik, beraberli\u011fi sa\u011flad\u0131k\u00e7a her t\u00fcrl\u00fc zorlu\u011fun \u00fcstesinden geliriz\u201d dedi.<\/p>\n<p>\u0130zmir B\u00fcy\u00fck\u015fehir Belediyesi\u2019nin ramazan ay\u0131nda t\u00fcm il\u00e7eleri kapsayacak \u015fekilde organize etti\u011fi iftar bulu\u015fmalar\u0131 Kadir Gecesi\u2019nde Karaba\u011flar ile devam etti. Vatan Mahallesi Kapal\u0131 Pazaryeri\u2019nde kurulan iftar sofras\u0131na kat\u0131lan \u0130zmir B\u00fcy\u00fck\u015fehir Belediye Ba\u015fkan\u0131 Dr. Cemil Tugay\u2019a Karaba\u011flar Belediye Ba\u015fkan\u0131 Helil K\u0131nay da e\u015flik etti. Bulu\u015fmada belediye meclis \u00fcyeleri, siyasi partilerin temsilcileri, b\u00fcrokratlar, mahalle muhtarlar\u0131, esnaflar ve yurtta\u015flar yer ald\u0131.<\/p>\n<p>Ba\u015fkan Tugay, masalar\u0131 tek tek dola\u015farak davetlilerle selamla\u015ft\u0131. Gen\u00e7lerle ve \u00e7ocuklarla bol bol foto\u011fraf \u00e7ektiren Ba\u015fkan Tugay, gelen taleplerin not al\u0131nmas\u0131n\u0131 sa\u011flad\u0131. \u0130ftar program\u0131nda s\u0131cak \u00e7ay ve pamuk \u015feker ikram\u0131 da yap\u0131ld\u0131. \u00a0\u00c7ocuklara futbol ve voleybol topu ile oyuncak veren Ba\u015fkan Tugay, \u0130zmirlilerle bol bol sohbet etti.<\/p>\n<p><strong>\u201cBu \u015fehrin her insan\u0131 de\u011ferlidir\u201d<\/strong><\/p>\n<p>\u0130ftar alan\u0131nda vatanda\u015flara seslenen Ba\u015fkan Dr. Cemil Tugay, \u201cBug\u00fcn Kadir Gecesi. Ne g\u00fczel ki sizin mahallenize misafir olduk. Bu \u015fehrin her insan\u0131 de\u011ferlidir. Bu \u015fehrin t\u00fcm insanlar\u0131na en iyi hizmeti yapabilmek i\u00e7in \u00e7aba g\u00f6steriyoruz. Bu sofran\u0131n etraf\u0131nda herhangi bir ayr\u0131m g\u00f6zetmeden bir araya gelmemiz \u00e7ok \u00f6nemli. Bizim ba\u015fa \u00e7\u0131kamayaca\u011f\u0131m\u0131z hi\u00e7bir \u015fey yok. \u00dclkemiz ne kadar zorluk, s\u0131k\u0131nt\u0131 i\u00e7inde olursa olsun, insanlar\u0131m\u0131z ayr\u0131\u015fmad\u0131k\u00e7a, birlik, beraberli\u011fi sa\u011flad\u0131k\u00e7a her t\u00fcrl\u00fc zorlu\u011fun \u00fcstesinden geliriz. Biz buna y\u00fcrekten inan\u0131yoruz, sizin de inanman\u0131z\u0131 diliyoruz. Etti\u011finiz dualar Allah kat\u0131nda kabul olsun. Bu gece bin geceden daha hay\u0131rl\u0131. \u0130nan\u0131yorum bu gece yurtta\u015flar\u0131m\u0131z sadece kendi i\u00e7in de\u011fil \u015fehrimizde ve \u00fclkemizde ya\u015fayan, darl\u0131k \u00e7eken herkes i\u00e7in dua edecekler. Birka\u00e7 g\u00fcn sonra Ramazan Bayram\u0131\u2019n\u0131 kutlayaca\u011f\u0131z. Sizlerin, ailenizin, sevdiklerinizin bayram\u0131n\u0131 kutluyorum. Her zaman g\u00fczel g\u00fcnlerde bulu\u015fmak \u00fczere\u201d dedi.<\/p>\n<p><strong>\u201cBu ak\u015fam bu sofrada umudumuzu payla\u015ft\u0131k\u201d<\/strong><\/p>\n<p>Karaba\u011flar Belediye Ba\u015fkan\u0131 Helil K\u0131nay ise \u201cBu ak\u015fam bu sofrada umudumuzu payla\u015ft\u0131k. Kadir Gecesi\u2019nde dualar\u0131m\u0131z\u0131n kabul olmas\u0131n\u0131 diliyorum. \u00dclkemizin g\u00fczellikleri daim olsun. Ramazan\u0131n bereketiyle birlikte gelmesini diliyorum\u201d diye konu\u015ftu.<\/p>\n<p><strong>Esnaf odalar\u0131n\u0131n temsilcileri ile bir araya geldi<\/strong><\/p>\n<p>Ba\u015fkan Tugay, iftar program\u0131n\u0131n ard\u0131ndan kahvehaneleri ziyaret etti. Kahvehanede esnaf odalar\u0131n\u0131n temsilcileri ile bir araya gelen Tugay, birlik ve beraberlikle t\u00fcm sorunlar\u0131n a\u015f\u0131laca\u011f\u0131n\u0131 belirterek, her \u015feyin g\u00fczel olaca\u011f\u0131n\u0131 s\u00f6yledi.<\/p>\n<p><strong>Son durak Yar\u0131mada<\/strong><\/p>\n<p>\u0130ftar program\u0131; 17 Mart\u2019ta Karaburun Mordo\u011fan Merkez\u2019de, 18 Mart\u2019ta \u00c7e\u015fme Meydan\u2019da ve 19 Mart\u2019ta Urla Meydan\u2019da kurulacak sofralarla son bulacak.<\/p>\n<p>\u00a0<\/p>\n<p>\u00a0<\/p>\n<p>Kaynak: (BYZHA) Beyaz Haber Ajans\u0131<\/p>\n","protected":false},"excerpt":{"rendered":"<p>\u0130zmir B\u00fcy\u00fck\u015fehir Belediye Ba\u015fkan\u0131 Dr. Cemil Tugay, Kadir Gecesi\u2019nde Karaba\u011flar\u2019da d\u00fczenlenen iftar bulu\u015fmas\u0131nda birlik ve beraberlik mesajlar\u0131 verdi.<\/p>\n","protected":false},"author":1,"featured_media":76726,"comment_status":"open","ping_status":"open","sticky":false,"template":"","format":"standard","meta":{"footnotes":""},"categories":[4],"tags":[516,372,2426,675,1782],"class_list":["post-76725","post","type-post","status-publish","format-standard","has-post-thumbnail","hentry","category-gundem","tag-baskan","tag-belediye","tag-gece","tag-iftar","tag-tugay"],"_links":{"self":[{"href":"https:\/\/bihavadis.com\/index.php\/wp-json\/wp\/v2\/posts\/76725","targetHints":{"allow":["GET"]}}],"collection":[{"href":"https:\/\/bihavadis.com\/index.php\/wp-json\/wp\/v2\/posts"}],"about":[{"href":"https:\/\/bihavadis.com\/index.php\/wp-json\/wp\/v2\/types\/post"}],"author":[{"embeddable":true,"href":"https:\/\/bihavadis.com\/index.php\/wp-json\/wp\/v2\/users\/1"}],"replies":[{"embeddable":true,"href":"https:\/\/bihavadis.com\/index.php\/wp-json\/wp\/v2\/comments?post=76725"}],"version-history":[{"count":1,"href":"https:\/\/bihavadis.com\/index.php\/wp-json\/wp\/v2\/posts\/76725\/revisions"}],"predecessor-version":[{"id":76727,"href":"https:\/\/bihavadis.com\/index.php\/wp-json\/wp\/v2\/posts\/76725\/revisions\/76727"}],"wp:featuredmedia":[{"embeddable":true,"href":"https:\/\/bihavadis.com\/index.php\/wp-json\/wp\/v2\/media\/76726"}],"wp:attachment":[{"href":"https:\/\/bihavadis.com\/index.php\/wp-json\/wp\/v2\/media?parent=76725"}],"wp:term":[{"taxonomy":"category","embeddable":true,"href":"https:\/\/bihavadis.com\/index.php\/wp-json\/wp\/v2\/categories?post=76725"},{"taxonomy":"post_tag","embeddable":true,"href":"https:\/\/bihavadis.com\/index.php\/wp-json\/wp\/v2\/tags?post=76725"}],"curies":[{"name":"wp","href":"https:\/\/api.w.org\/{rel}","templated":true}]}}