{"id":76742,"date":"2026-05-01T02:09:05","date_gmt":"2026-05-01T02:09:05","guid":{"rendered":"https:\/\/bihavadis.com\/?p=76742"},"modified":"2026-05-01T02:09:05","modified_gmt":"2026-05-01T02:09:05","slug":"tedesco-yilin-kareleri-oylamasina-katildi","status":"publish","type":"post","link":"https:\/\/bihavadis.com\/index.php\/2026\/05\/01\/tedesco-yilin-kareleri-oylamasina-katildi\/","title":{"rendered":"Tedesco, Y\u0131l\u0131n Kareleri Oylamas\u0131na Kat\u0131ld\u0131"},"content":{"rendered":"<p> Fenerbah\u00e7e Teknik Direkt\u00f6r\u00fc Domenico Tedesco, Anadolu Ajans\u0131n\u0131n (AA) g\u00f6z\u00fcnden 2025&#8217;e damga vuran olaylara ait foto\u011fraflar\u0131n yer ald\u0131\u011f\u0131 AA&#8217;n\u0131n &#8220;Y\u0131l\u0131n Kareleri&#8221; oylamas\u0131na kat\u0131ld\u0131.<\/p>\n<p>\u0130talyan \u00e7al\u0131\u015ft\u0131r\u0131c\u0131, lifebox, AJet ve ROKETSAN sponsorlu\u011funda d\u00fczenlenen yar\u0131\u015fmada, AA foto muhabirleri ve muhabirlerinin 2025&#8217;te T\u00fcrkiye ile d\u00fcnya g\u00fcndeminde yank\u0131 bulan 6 kategorideki 112 foto\u011fraf\u0131n\u0131 inceledi.<\/p>\n<p>Gen\u00e7 teknik adam, &#8220;Spor&#8221; kategorisinde \u00d6mer Taha \u00c7etin&#8217;in &#8220;Kupa Sevinci&#8221; isimli foto\u011fraf\u0131n\u0131 oylad\u0131.<\/p>\n<p>40 ya\u015f\u0131ndaki teknik direkt\u00f6r, &#8220;Do\u011fal Ya\u015fam ve \u00c7evre&#8221; kategorisinde ise Lokman Vural Elibol&#8217;un &#8220;Kar yaran&#8221; foto\u011fraf\u0131na oy verdi.<\/p>\n<p>Oylama 15 \u015eubat&#8217;a kadar devam edecek<\/p>\n<p>AA&#8217;n\u0131n 2012&#8217;den bu yana d\u00fczenledi\u011fi yar\u0131\u015fmada, bu y\u0131l &#8220;Haber&#8221;, &#8220;Do\u011fal Ya\u015fam ve \u00c7evre&#8221;, &#8220;Spor&#8221; ve &#8220;G\u00fcnl\u00fck Hayat&#8221; olmak \u00fczere 4 ana kategorinin yan\u0131 s\u0131ra &#8220;Gazze: A\u00e7l\u0131k&#8221; ve &#8220;Portre&#8221; ba\u015fl\u0131kl\u0131 2 \u00f6zel kategori yer al\u0131yor.<\/p>\n<p>T\u00fcrk\u00e7e ve \u0130ngilizce alt yaz\u0131yla d\u00fcnya genelinde yap\u0131lan oylamaya kat\u0131lanlar, istedikleri say\u0131da foto\u011frafa oy verebiliyor.<\/p>\n<p>Oylama &#8220;yilinkareleri.aa.com.tr&#8221; internet sitesinden 15 \u015eubat Pazar saat 17.00&#8217;ye kadar devam edecek.<\/p>\n","protected":false},"excerpt":{"rendered":"<p>Fenerbah\u00e7e&#8217;nin teknik direkt\u00f6r\u00fc Tedesco, AA&#8217;n\u0131n Y\u0131l\u0131n Kareleri oylamas\u0131nda foto\u011fraflar\u0131 inceledi.<\/p>\n","protected":false},"author":1,"featured_media":0,"comment_status":"open","ping_status":"open","sticky":false,"template":"","format":"standard","meta":{"footnotes":""},"categories":[14],"tags":[311,552],"class_list":["post-76742","post","type-post","status-publish","format-standard","hentry","category-spor","tag-foto","tag-kategori"],"_links":{"self":[{"href":"https:\/\/bihavadis.com\/index.php\/wp-json\/wp\/v2\/posts\/76742","targetHints":{"allow":["GET"]}}],"collection":[{"href":"https:\/\/bihavadis.com\/index.php\/wp-json\/wp\/v2\/posts"}],"about":[{"href":"https:\/\/bihavadis.com\/index.php\/wp-json\/wp\/v2\/types\/post"}],"author":[{"embeddable":true,"href":"https:\/\/bihavadis.com\/index.php\/wp-json\/wp\/v2\/users\/1"}],"replies":[{"embeddable":true,"href":"https:\/\/bihavadis.com\/index.php\/wp-json\/wp\/v2\/comments?post=76742"}],"version-history":[{"count":1,"href":"https:\/\/bihavadis.com\/index.php\/wp-json\/wp\/v2\/posts\/76742\/revisions"}],"predecessor-version":[{"id":76743,"href":"https:\/\/bihavadis.com\/index.php\/wp-json\/wp\/v2\/posts\/76742\/revisions\/76743"}],"wp:attachment":[{"href":"https:\/\/bihavadis.com\/index.php\/wp-json\/wp\/v2\/media?parent=76742"}],"wp:term":[{"taxonomy":"category","embeddable":true,"href":"https:\/\/bihavadis.com\/index.php\/wp-json\/wp\/v2\/categories?post=76742"},{"taxonomy":"post_tag","embeddable":true,"href":"https:\/\/bihavadis.com\/index.php\/wp-json\/wp\/v2\/tags?post=76742"}],"curies":[{"name":"wp","href":"https:\/\/api.w.org\/{rel}","templated":true}]}}