{"id":76744,"date":"2026-05-01T02:12:13","date_gmt":"2026-05-01T02:12:13","guid":{"rendered":"https:\/\/bihavadis.com\/?p=76744"},"modified":"2026-05-01T02:12:13","modified_gmt":"2026-05-01T02:12:13","slug":"iranin-ankara-buyukelciliginde-bayraklar-yariya-indirildi","status":"publish","type":"post","link":"https:\/\/bihavadis.com\/index.php\/2026\/05\/01\/iranin-ankara-buyukelciliginde-bayraklar-yariya-indirildi\/","title":{"rendered":"\u0130ran\u2019\u0131n Ankara B\u00fcy\u00fckel\u00e7ili\u011fi\u2019nde bayraklar yar\u0131ya indirildi"},"content":{"rendered":"<p>\u0130ran\u2019da Hamaney\u2019in \u00f6ld\u00fcr\u00fclmesinin ard\u0131ndan \u00fclke genelinde 40 g\u00fcnl\u00fck yas ilan edildi. Ankara\u2019daki \u0130ran diplomatik temsilcili\u011finde de yas kapsam\u0131nda bayraklar yar\u0131ya \u00e7ekildi.<\/p>\n<p><strong>ABD B\u00dcY\u00dcKEL\u00c7\u0130L\u0130\u011e\u0130 \u00d6N\u00dcNDE PROTESTO<\/strong><\/p>\n<p>ABD\u2019nin Ankara B\u00fcy\u00fckel\u00e7ili\u011fi \u00f6n\u00fcnde toplanan kalabal\u0131k, \u0130ran bayraklar\u0131 ve Hamaney\u2019in foto\u011fraflar\u0131n\u0131 ta\u015f\u0131d\u0131. G\u00f6stericiler, ellerindeki d\u00f6vizlerde \u201c\u0130slam\u2019\u0131n ve M\u00fcsl\u00fcmanlar\u0131n as\u0131l d\u00fc\u015fman\u0131 emperyalizm ve siyonizmdir\u201d ile \u201cAmerika\u2019n\u0131n \u00f6zg\u00fcrl\u00fck ve demokrasisi katliamd\u0131r\u201d yaz\u0131l\u0131 pankartlar bulundurdu.<\/p>\n<p>Topluluk, \u201cKahrolsun ABD\u201d ve \u201cKahrolsun \u0130srail\u201d sloganlar\u0131 atarak tepkilerini dile getirdi.<\/p>\n<p><img decoding=\"async\" src=\"https:\/\/bihavadis.com\/wp-content\/uploads\/2026\/05\/iranin-ankara-buyukelciliginde-bayraklar-yariya-indirildi-0-uxjgqUB7.jpg\"\/><\/p>\n<p><img decoding=\"async\" src=\"https:\/\/bihavadis.com\/wp-content\/uploads\/2026\/05\/iranin-ankara-buyukelciliginde-bayraklar-yariya-indirildi-1-AyKkVy7q.jpg\"\/><\/p>\n<p><img decoding=\"async\" src=\"https:\/\/bihavadis.com\/wp-content\/uploads\/2026\/05\/iranin-ankara-buyukelciliginde-bayraklar-yariya-indirildi-2-vcNUzYul.jpg\"\/><\/p>\n<p><img decoding=\"async\" src=\"https:\/\/bihavadis.com\/wp-content\/uploads\/2026\/05\/iranin-ankara-buyukelciliginde-bayraklar-yariya-indirildi-3-NuksYGsy.jpg\"\/><\/p>\n<p><img decoding=\"async\" src=\"https:\/\/bihavadis.com\/wp-content\/uploads\/2026\/05\/iranin-ankara-buyukelciliginde-bayraklar-yariya-indirildi-4-DC3mfzm9.jpg\"\/><\/p>\n<p><img decoding=\"async\" src=\"https:\/\/bihavadis.com\/wp-content\/uploads\/2026\/05\/iranin-ankara-buyukelciliginde-bayraklar-yariya-indirildi-5-NsThDy1n.jpg\"\/><\/p>\n<p><img decoding=\"async\" src=\"https:\/\/bihavadis.com\/wp-content\/uploads\/2026\/05\/iranin-ankara-buyukelciliginde-bayraklar-yariya-indirildi-6-rU19UvFk.jpg\"\/><\/p>\n<p><img decoding=\"async\" src=\"https:\/\/bihavadis.com\/wp-content\/uploads\/2026\/05\/iranin-ankara-buyukelciliginde-bayraklar-yariya-indirildi-7-l1WDJqTO.jpg\"\/> <\/p>\n<div> <span><strong>Kaynak:<\/strong> \u0130hlas Haber Ajans\u0131 (\u0130HA)<\/span> <\/div>\n","protected":false},"excerpt":{"rendered":"<p>\u0130ran\u2019da Hamaney\u2019in \u00f6ld\u00fcr\u00fclmesinin ard\u0131ndan \u00fclke genelinde 40 g\u00fcnl\u00fck yas ilan edildi. Ankara\u2019daki \u0130ran diplomatik temsilcili\u011finde de yas kapsam\u0131nda bayraklar yar\u0131ya \u00e7ekildi. ABD B\u00dcY\u00dcKEL\u00c7\u0130L\u0130\u011e\u0130 \u00d6N\u00dcNDE PROTESTO ABD\u2019nin Ankara B\u00fcy\u00fckel\u00e7ili\u011fi \u00f6n\u00fcnde &#8230;<\/p>\n","protected":false},"author":1,"featured_media":76745,"comment_status":"open","ping_status":"open","sticky":false,"template":"","format":"standard","meta":{"footnotes":""},"categories":[9,13],"tags":[],"class_list":["post-76744","post","type-post","status-publish","format-standard","has-post-thumbnail","hentry","category-genel","category-son-dakika"],"_links":{"self":[{"href":"https:\/\/bihavadis.com\/index.php\/wp-json\/wp\/v2\/posts\/76744","targetHints":{"allow":["GET"]}}],"collection":[{"href":"https:\/\/bihavadis.com\/index.php\/wp-json\/wp\/v2\/posts"}],"about":[{"href":"https:\/\/bihavadis.com\/index.php\/wp-json\/wp\/v2\/types\/post"}],"author":[{"embeddable":true,"href":"https:\/\/bihavadis.com\/index.php\/wp-json\/wp\/v2\/users\/1"}],"replies":[{"embeddable":true,"href":"https:\/\/bihavadis.com\/index.php\/wp-json\/wp\/v2\/comments?post=76744"}],"version-history":[{"count":1,"href":"https:\/\/bihavadis.com\/index.php\/wp-json\/wp\/v2\/posts\/76744\/revisions"}],"predecessor-version":[{"id":76754,"href":"https:\/\/bihavadis.com\/index.php\/wp-json\/wp\/v2\/posts\/76744\/revisions\/76754"}],"wp:featuredmedia":[{"embeddable":true,"href":"https:\/\/bihavadis.com\/index.php\/wp-json\/wp\/v2\/media\/76745"}],"wp:attachment":[{"href":"https:\/\/bihavadis.com\/index.php\/wp-json\/wp\/v2\/media?parent=76744"}],"wp:term":[{"taxonomy":"category","embeddable":true,"href":"https:\/\/bihavadis.com\/index.php\/wp-json\/wp\/v2\/categories?post=76744"},{"taxonomy":"post_tag","embeddable":true,"href":"https:\/\/bihavadis.com\/index.php\/wp-json\/wp\/v2\/tags?post=76744"}],"curies":[{"name":"wp","href":"https:\/\/api.w.org\/{rel}","templated":true}]}}