{"id":76815,"date":"2026-05-01T03:09:07","date_gmt":"2026-05-01T03:09:07","guid":{"rendered":"https:\/\/bihavadis.com\/?p=76815"},"modified":"2026-05-01T03:09:07","modified_gmt":"2026-05-01T03:09:07","slug":"ayvalikta-mezarliklar-bayram-ziyaretlerine-hazirlandi","status":"publish","type":"post","link":"https:\/\/bihavadis.com\/index.php\/2026\/05\/01\/ayvalikta-mezarliklar-bayram-ziyaretlerine-hazirlandi\/","title":{"rendered":"Ayval\u0131k&#8217;ta Mezarl\u0131klar Bayram Ziyaretlerine Haz\u0131rland\u0131&#8230;"},"content":{"rendered":"<p><span><span><span><span><span><span>Ayval\u0131k&#8217;ta Ramazan Bayram\u0131 \u00f6ncesinde mezarl\u0131klarda dip bucak temizlik ve bak\u0131m \u00e7al\u0131\u015fmalar\u0131 ger\u00e7ekle\u015ftirildi. Ayval\u0131k Belediyesi Park ve Bah\u00e7eler M\u00fcd\u00fcrl\u00fc\u011f\u00fc ekipleri, il\u00e7e genelindeki ve k\u0131rsaldaki mezarl\u0131klarda detayl\u0131 bir \u00e7al\u0131\u015fma yapt\u0131.<\/span><\/span><\/span><\/span><\/span><\/span><\/p>\n<p><span><span><span><span><span><span>Mezarl\u0131klarda, geli\u015fig\u00fczel at\u0131lan \u00e7\u00f6pler, yaban otlar\u0131 temizlenirken a\u011fa\u00e7lar budand\u0131, yollar\u0131n bak\u0131m ve d\u00fczenlemesi ger\u00e7ekle\u015ftirildi. Yap\u0131lan \u00e7al\u0131\u015fmalarla mezarl\u0131klar, bayramda kabir ziyaretine gelecek olan vatanda\u015flar i\u00e7in haz\u0131r hale getirildi.<\/span><\/span><\/span><\/span><\/span><\/span><\/p>\n<p><span><span><span><span><span><span>Ayval\u0131k Belediye Ba\u015fkan\u0131 Mesut Ergin, mezarl\u0131klar\u0131n d\u00fczenli olarak temizlendi\u011fini belirterek, \u201cBunun yan\u0131 s\u0131ra bayramlar \u00f6ncesinde de ayr\u0131 bir \u00f6zen ve titiz bir \u00e7al\u0131\u015fma g\u00f6steriyoruz. T\u00fcm vatanda\u015flar\u0131m\u0131za huzurlu, sa\u011fl\u0131kl\u0131 ve keyifli bir bayram diliyorum\u201d dedi<\/span><\/span><\/span><\/span><\/span><\/span><\/p>\n<p>\u00a0<\/p>\n<p>\u00a0<\/p>\n<p>Kaynak: (BYZHA) Beyaz Haber Ajans\u0131<\/p>\n","protected":false},"excerpt":{"rendered":"<p>Ayval\u0131k&#8217;ta Ramazan Bayram\u0131 \u00f6ncesinde mezarl\u0131klarda dip bucak temizlik ve bak\u0131m \u00e7al\u0131\u015fmalar\u0131 ger\u00e7ekle\u015ftirildi.<\/p>\n","protected":false},"author":1,"featured_media":76816,"comment_status":"open","ping_status":"open","sticky":false,"template":"","format":"standard","meta":{"footnotes":""},"categories":[4],"tags":[],"class_list":["post-76815","post","type-post","status-publish","format-standard","has-post-thumbnail","hentry","category-gundem"],"_links":{"self":[{"href":"https:\/\/bihavadis.com\/index.php\/wp-json\/wp\/v2\/posts\/76815","targetHints":{"allow":["GET"]}}],"collection":[{"href":"https:\/\/bihavadis.com\/index.php\/wp-json\/wp\/v2\/posts"}],"about":[{"href":"https:\/\/bihavadis.com\/index.php\/wp-json\/wp\/v2\/types\/post"}],"author":[{"embeddable":true,"href":"https:\/\/bihavadis.com\/index.php\/wp-json\/wp\/v2\/users\/1"}],"replies":[{"embeddable":true,"href":"https:\/\/bihavadis.com\/index.php\/wp-json\/wp\/v2\/comments?post=76815"}],"version-history":[{"count":1,"href":"https:\/\/bihavadis.com\/index.php\/wp-json\/wp\/v2\/posts\/76815\/revisions"}],"predecessor-version":[{"id":76817,"href":"https:\/\/bihavadis.com\/index.php\/wp-json\/wp\/v2\/posts\/76815\/revisions\/76817"}],"wp:featuredmedia":[{"embeddable":true,"href":"https:\/\/bihavadis.com\/index.php\/wp-json\/wp\/v2\/media\/76816"}],"wp:attachment":[{"href":"https:\/\/bihavadis.com\/index.php\/wp-json\/wp\/v2\/media?parent=76815"}],"wp:term":[{"taxonomy":"category","embeddable":true,"href":"https:\/\/bihavadis.com\/index.php\/wp-json\/wp\/v2\/categories?post=76815"},{"taxonomy":"post_tag","embeddable":true,"href":"https:\/\/bihavadis.com\/index.php\/wp-json\/wp\/v2\/tags?post=76815"}],"curies":[{"name":"wp","href":"https:\/\/api.w.org\/{rel}","templated":true}]}}