{"id":76823,"date":"2026-05-01T03:15:07","date_gmt":"2026-05-01T03:15:07","guid":{"rendered":"https:\/\/bihavadis.com\/?p=76823"},"modified":"2026-05-01T03:15:07","modified_gmt":"2026-05-01T03:15:07","slug":"chpden-istifa-eden-mesut-ozarslan-cok-konusulacak-mansur-yavas-cikisi","status":"publish","type":"post","link":"https:\/\/bihavadis.com\/index.php\/2026\/05\/01\/chpden-istifa-eden-mesut-ozarslan-cok-konusulacak-mansur-yavas-cikisi\/","title":{"rendered":"CHP&#8217;den istifa eden Mesut \u00d6zarslan \u00e7ok konu\u015fulacak Mansur Yava\u015f \u00e7\u0131k\u0131\u015f\u0131"},"content":{"rendered":"<p>8 \u015eubat ak\u015fam\u0131 Cumhuriyet Halk Partisi&#8217;nden istifa etti\u011fini duyuran Ke\u00e7i\u00f6ren Belediye Ba\u015fkan\u0131 Mesut \u00d6zarslan, CHP Genel Ba\u015fkan\u0131 \u00d6zg\u00fcr \u00d6zel&#8217;in kendisine k\u00fcf\u00fcrl\u00fc mesajlar g\u00f6nderdi\u011fini iddia ederek su\u00e7 duyurusunda bulundu. \u00d6zarslan, yapt\u0131\u011f\u0131 a\u00e7\u0131klamalarda Ankara B\u00fcy\u00fck\u015fehir Belediye Ba\u015fkan\u0131 Mansur Yava\u015f&#8217;la ilgili de dikkat \u00e7eken bir \u00e7\u0131k\u0131\u015f yapt\u0131. <\/p>\n<p><b>&#8220;BEZG\u0130N B\u0130R \u015eEK\u0130LDE CHP&#8217;DE DURUYOR&#8221;<\/b><\/p>\n<p>Mansur Yava\u015f&#8217;a ki\u015fisel bir k\u0131rg\u0131nl\u0131\u011f\u0131 olmad\u0131\u011f\u0131n\u0131 ifade eden \u00d6zarslan, Yava\u015f&#8217;\u0131n da CHP&#8217;de isteksiz bir \u015fekilde bulundu\u011funu \u00f6ne s\u00fcrd\u00fc. \u00d6zarslan, &#8220;Ne yaps\u0131n, bulundu\u011fu partisiyle k\u00f6t\u00fc d\u00fc\u015fmemek i\u00e7in\u2026 O da bezgin bir \u015fekilde orada kald\u0131\u011f\u0131na inan\u0131yorum&#8221; ifadelerini kulland\u0131.<\/p>\n<p><b>&#8220;DESTE\u011e\u0130N\u0130 \u00c7EKERLERSE KAR\u015eILI\u011eI KALMAZ&#8221;<\/b><\/p>\n<p>Yava\u015f&#8217;\u0131n siyasi ge\u00e7mi\u015fine ve ald\u0131\u011f\u0131 desteklere dikkat \u00e7eken \u00d6zarslan, Ankara B\u00fcy\u00fck\u015fehir Belediye Ba\u015fkan\u0131&#8217;n\u0131n \u00fclk\u00fcc\u00fc ve muhafazakar camian\u0131n deste\u011fiyle se\u00e7ildi\u011fini savundu. \u00d6zarslan, bu deste\u011fin \u00e7ekilmesi halinde Yava\u015f&#8217;\u0131n hem Ankara&#8217;da hem de T\u00fcrkiye genelinde bir kar\u015f\u0131l\u0131\u011f\u0131n\u0131n kalmayaca\u011f\u0131n\u0131 iddia etti.<\/p>\n<p><b>&#8220;RABB\u0130M TEZ ZAMANDA KURTARSIN&#8221;<\/b><\/p>\n<p>A\u00e7\u0131klamalar\u0131n\u0131n devam\u0131nda Mansur Yava\u015f&#8217;\u0131n \u015fahs\u0131yla bir problemi olmad\u0131\u011f\u0131n\u0131 vurgulayan \u00d6zarslan, &#8220;Ama ne diyeyim, y\u00fcce Mevlam yard\u0131mc\u0131s\u0131 olsun. Rabbim tez zamanda kurtars\u0131n&#8221; ifadelerini kulland\u0131.<\/p>\n<p><b>MANSUR YAVA\u015e&#8217;TAN TEPK\u0130 GELM\u0130\u015eT\u0130<\/b><\/p>\n<p>\u00d6te yandan Mansur Yava\u015f, \u00d6zarslan&#8217;\u0131n istifas\u0131n\u0131n ard\u0131ndan yapt\u0131\u011f\u0131 payla\u015f\u0131mda Ke\u00e7i\u00f6ren halk\u0131n\u0131n iradesinin yok say\u0131ld\u0131\u011f\u0131n\u0131 belirterek, sand\u0131kta verilen yetkinin ki\u015fisel tercihlerle devredilemeyece\u011fini vurgulam\u0131\u015ft\u0131. Yava\u015f, yapt\u0131\u011f\u0131 a\u00e7\u0131klamada \u015fu ifadelere yer vermi\u015fti: &#8220;Ke\u00e7i\u00f6ren halk\u0131n\u0131n iradesine g\u00f6lge d\u00fc\u015f\u00fcren bu karar asla kabul edilemezdir. Hem\u015fehrilerimiz sand\u0131kta a\u00e7\u0131k, net ve tart\u0131\u015fmas\u0131z bir tercih ortaya koymu\u015f; Ke\u00e7i\u00f6ren&#8217;in y\u00f6netimini Cumhuriyet Halk Partisi&#8217;ne emanet etmi\u015ftir ve bunu da \u00f6zg\u00fcr iradesiyle vermi\u015ftir. E\u011fer Ke\u00e7i\u00f6ren halk\u0131 bu il\u00e7enin AK Parti taraf\u0131ndan y\u00f6netilmesini isteseydi, bunu sand\u0131kta zaten a\u00e7\u0131k\u00e7a ve teredd\u00fcts\u00fcz \u015fekilde ifade ederdi. Sand\u0131k, milletin s\u00f6z\u00fcd\u00fcr; o s\u00f6z\u00fcn \u00fcst\u00fcnde hi\u00e7bir gerek\u00e7e, hi\u00e7bir hesap olamaz.<\/p>\n<p>Unutulmamal\u0131d\u0131r ki;<\/p>\n<p>Yetki milletindir.<\/p>\n<p>Sand\u0131kta al\u0131nan yetki, ki\u015filere ya da kurumlara de\u011fil, do\u011frudan se\u00e7mene aittir.<\/p>\n<p>Bu yetki bir emanettir; keyfi bi\u00e7imde devredilemez, el de\u011fi\u015ftiremez, gasbedilemez.<\/p>\n<p>Bug\u00fcne kadar Cumhuriyet Halk Partisi&#8217;nin politikalar\u0131yla ilgili tek bir \u015fik\u00e2yeti dahi olmad\u0131\u011f\u0131 gibi, konu her g\u00fcndeme geldi\u011finde hakk\u0131nda yakla\u015f\u0131k bir ayd\u0131r ortaya at\u0131lan &#8220;AK Parti&#8217;ye ge\u00e7ece\u011fi&#8221; y\u00f6n\u00fcndeki iddialar\u0131 da herkesin huzurunda kesin bir dille yalanlam\u0131\u015ft\u0131r.<\/p>\n<p>Binlerce partili, binlerce g\u00f6n\u00fcll\u00fc; hi\u00e7bir kar\u015f\u0131l\u0131k beklemeden, gece g\u00fcnd\u00fcz demeden, inan\u00e7la ve fedak\u00e2rl\u0131kla kendisinin se\u00e7ilmesi i\u00e7in emek vermi\u015ftir. Ortaya konan bu karar, yaln\u0131zca bir siyasi tercih de\u011fil; o eme\u011fe, o inanca ve o al\u0131n terine yap\u0131lm\u0131\u015f a\u00e7\u0131k bir sayg\u0131s\u0131zl\u0131kt\u0131r.<\/p>\n<p> Siyaset ge\u00e7icidir; makamlar gelir ge\u00e7er.<\/p>\n<p>Ama baz\u0131 kararlar vard\u0131r ki, haf\u0131zalara kaz\u0131n\u0131r.<\/p>\n<p>\u00c7\u00fcnk\u00fc millet, kendisine yap\u0131lan\u0131 da<\/p>\n<p>kendisini yok sayan\u0131 da<\/p>\n<p>g\u00fcn\u00fc geldi\u011finde mutlaka hat\u0131rlar.&#8221;<\/p>\n","protected":false},"excerpt":{"rendered":"<p>CHP&#8217;den istifa eden Ke\u00e7i\u00f6ren Belediye Ba\u015fkan\u0131 Mesut \u00d6zarslan, Ankara B\u00fcy\u00fck\u015fehir Belediye Ba\u015fkan\u0131 Mansur Yava\u015f&#8217;\u0131n CHP&#8217;de &#8220;bezgin bir \u015fekilde&#8221; bulundu\u011funu savunarak &#8220;Y\u00fcce Mevlam yard\u0131mc\u0131s\u0131 olsun&#8221; dedi<\/p>\n","protected":false},"author":1,"featured_media":76824,"comment_status":"open","ping_status":"open","sticky":false,"template":"","format":"standard","meta":{"footnotes":""},"categories":[12],"tags":[3106,561,4614,4440,563],"class_list":["post-76823","post","type-post","status-publish","format-standard","has-post-thumbnail","hentry","category-siyaset","tag-halk","tag-ifade","tag-kecioren","tag-ozarslan","tag-parti"],"_links":{"self":[{"href":"https:\/\/bihavadis.com\/index.php\/wp-json\/wp\/v2\/posts\/76823","targetHints":{"allow":["GET"]}}],"collection":[{"href":"https:\/\/bihavadis.com\/index.php\/wp-json\/wp\/v2\/posts"}],"about":[{"href":"https:\/\/bihavadis.com\/index.php\/wp-json\/wp\/v2\/types\/post"}],"author":[{"embeddable":true,"href":"https:\/\/bihavadis.com\/index.php\/wp-json\/wp\/v2\/users\/1"}],"replies":[{"embeddable":true,"href":"https:\/\/bihavadis.com\/index.php\/wp-json\/wp\/v2\/comments?post=76823"}],"version-history":[{"count":1,"href":"https:\/\/bihavadis.com\/index.php\/wp-json\/wp\/v2\/posts\/76823\/revisions"}],"predecessor-version":[{"id":76825,"href":"https:\/\/bihavadis.com\/index.php\/wp-json\/wp\/v2\/posts\/76823\/revisions\/76825"}],"wp:featuredmedia":[{"embeddable":true,"href":"https:\/\/bihavadis.com\/index.php\/wp-json\/wp\/v2\/media\/76824"}],"wp:attachment":[{"href":"https:\/\/bihavadis.com\/index.php\/wp-json\/wp\/v2\/media?parent=76823"}],"wp:term":[{"taxonomy":"category","embeddable":true,"href":"https:\/\/bihavadis.com\/index.php\/wp-json\/wp\/v2\/categories?post=76823"},{"taxonomy":"post_tag","embeddable":true,"href":"https:\/\/bihavadis.com\/index.php\/wp-json\/wp\/v2\/tags?post=76823"}],"curies":[{"name":"wp","href":"https:\/\/api.w.org\/{rel}","templated":true}]}}