{"id":76826,"date":"2026-05-01T03:18:04","date_gmt":"2026-05-01T03:18:04","guid":{"rendered":"https:\/\/bihavadis.com\/?p=76826"},"modified":"2026-05-01T03:18:04","modified_gmt":"2026-05-01T03:18:04","slug":"kktcli-izciler-bu-kez-uzay-atmosferinde-kamp-kurdu","status":"publish","type":"post","link":"https:\/\/bihavadis.com\/index.php\/2026\/05\/01\/kktcli-izciler-bu-kez-uzay-atmosferinde-kamp-kurdu\/","title":{"rendered":"KKTC&#8217;li \u0130zciler Bu Kez Uzay Atmosferinde Kamp Kurdu"},"content":{"rendered":"<p><b>KKTC \u0130zci Liderleri Derne\u011fi Girne Belediyesi \u0130zcileri, 13\u201315 Mart tarihleri aras\u0131nda Uzay Kamp\u0131 T\u00fcrkiye\u2019de ger\u00e7ekle\u015ftirilen \u201cY\u0131ld\u0131zlar ve Gezegenler Program\u0131na\u201d kat\u0131larak bilim ve uzay temal\u0131 unutulmaz bir deneyim ya\u015fad\u0131. Kampa kat\u0131l\u0131m i\u00e7in gerekli b\u00fct\u00e7e izcilerin d\u00fczenledi\u011fi \u00e7e\u015fitli etkinliklerle olu\u015fturulurken, Girne Belediyesi\u2019nin sa\u011flad\u0131\u011f\u0131 destek sayesinde ekip Uzay Kamp\u0131 T\u00fcrkiye\u2019de e\u011fitim alma f\u0131rsat\u0131 buldu.<\/b><\/p>\n<p><b>\u00a0<\/b>Kafile ba\u015fkan\u0131 Ye\u015fim Beyzade \u00f6nderli\u011finde 3 lider ve 13 izciden olu\u015fan ekip, kamp s\u00fcresince uzay ve bilim odakl\u0131 \u00e7e\u015fitli uygulamal\u0131 aktivitelere kat\u0131ld\u0131. Program kapsam\u0131nda izciler; astronot sim\u00fclat\u00f6rleri, u\u00e7u\u015f g\u00f6revleri ve tak\u0131m \u00e7al\u0131\u015fmas\u0131na dayal\u0131 aktivitelerle uzay g\u00f6revlerinin farkl\u0131 a\u015famalar\u0131n\u0131 deneyimledi. Fen bilimleri temelli deneyler ve problem \u00e7\u00f6zmeye y\u00f6nelik uygulamalar sayesinde kat\u0131l\u0131mc\u0131lar hem bilimsel konular hakk\u0131nda bilgi edindi hem de ekip \u00e7al\u0131\u015fmas\u0131n\u0131n \u00f6nemini ya\u015fayarak \u00f6\u011frendi.<\/p>\n<p>Kafile ba\u015fkan\u0131 Ye\u015fim Beyzade, programla ilgili d\u00fc\u015f\u00fcncelerini \u015fu s\u00f6zlerle payla\u015ft\u0131:<\/p>\n<p>\u201cD\u00fcnyada bulunan iki kamptan birinin bizim \u00fclkemizde kurulmu\u015f olmas\u0131 bizler i\u00e7in b\u00fcy\u00fck \u015fans. Buras\u0131 k\u00fc\u00e7\u00fck bir &#8216;astronot e\u011fitim merkezi&#8217; gibi kurgulanm\u0131\u015f. Uzay Kamp\u0131 T\u00fcrkiye, \u00e7ocuklar\u0131n uzaya olan merak\u0131n\u0131 besleyen ve onlar\u0131 bilimle bulu\u015fturan \u00f6nemli bir e\u011fitim ortam\u0131 sunuyor. Kampta yap\u0131lan uygulamal\u0131 etkinlikler sayesinde \u00e7ocuklar fizik, kimya, biyoloji ve teknoloji alanlar\u0131n\u0131 ya\u015fayarak \u00f6\u011freniyor hem zihinsel hem de sosyal becerilerini geli\u015ftiriyor. Bu deneyim, onlar\u0131n ke\u015ffetme duygusunu g\u00fc\u00e7lendirirken gelecekteki meslek se\u00e7imlerine de ilham vermektedir. Kamp sonunda \u00e7ocuklar g\u00f6ky\u00fcz\u00fcne art\u0131k sadece bakmakla kalmay\u0131p, g\u00f6rd\u00fcklerini anlayabilmenin, anlamland\u0131rabilmenin mutlulu\u011funu ya\u015f\u0131yor.\u201d<\/p>\n<p>\u00a0<\/p>\n<p>Kaynak: (BYZHA) Beyaz Haber Ajans\u0131<\/p>\n","protected":false},"excerpt":{"rendered":"<p>KKTC \u0130zci Liderleri Derne\u011fi Girne Belediyesi \u0130zcileri, 13\u201315 Mart tarihleri aras\u0131nda Uzay Kamp\u0131 T\u00fcrkiye\u2019de ger\u00e7ekle\u015ftirilen \u201cY\u0131ld\u0131zlar ve Gezegenler Program\u0131na\u201d kat\u0131larak bilim ve uzay temal\u0131 unutulmaz bir deneyim ya\u015fad\u0131.<\/p>\n","protected":false},"author":1,"featured_media":76827,"comment_status":"open","ping_status":"open","sticky":false,"template":"","format":"standard","meta":{"footnotes":""},"categories":[7],"tags":[42,2706,2744,3058],"class_list":["post-76826","post","type-post","status-publish","format-standard","has-post-thumbnail","hentry","category-egitim","tag-bilim","tag-izci","tag-kamp","tag-uzay"],"_links":{"self":[{"href":"https:\/\/bihavadis.com\/index.php\/wp-json\/wp\/v2\/posts\/76826","targetHints":{"allow":["GET"]}}],"collection":[{"href":"https:\/\/bihavadis.com\/index.php\/wp-json\/wp\/v2\/posts"}],"about":[{"href":"https:\/\/bihavadis.com\/index.php\/wp-json\/wp\/v2\/types\/post"}],"author":[{"embeddable":true,"href":"https:\/\/bihavadis.com\/index.php\/wp-json\/wp\/v2\/users\/1"}],"replies":[{"embeddable":true,"href":"https:\/\/bihavadis.com\/index.php\/wp-json\/wp\/v2\/comments?post=76826"}],"version-history":[{"count":1,"href":"https:\/\/bihavadis.com\/index.php\/wp-json\/wp\/v2\/posts\/76826\/revisions"}],"predecessor-version":[{"id":76828,"href":"https:\/\/bihavadis.com\/index.php\/wp-json\/wp\/v2\/posts\/76826\/revisions\/76828"}],"wp:featuredmedia":[{"embeddable":true,"href":"https:\/\/bihavadis.com\/index.php\/wp-json\/wp\/v2\/media\/76827"}],"wp:attachment":[{"href":"https:\/\/bihavadis.com\/index.php\/wp-json\/wp\/v2\/media?parent=76826"}],"wp:term":[{"taxonomy":"category","embeddable":true,"href":"https:\/\/bihavadis.com\/index.php\/wp-json\/wp\/v2\/categories?post=76826"},{"taxonomy":"post_tag","embeddable":true,"href":"https:\/\/bihavadis.com\/index.php\/wp-json\/wp\/v2\/tags?post=76826"}],"curies":[{"name":"wp","href":"https:\/\/api.w.org\/{rel}","templated":true}]}}