{"id":76885,"date":"2026-05-01T04:06:09","date_gmt":"2026-05-01T04:06:09","guid":{"rendered":"https:\/\/bihavadis.com\/?p=76885"},"modified":"2026-05-01T04:06:09","modified_gmt":"2026-05-01T04:06:09","slug":"abbas-arakci-yeni-lider-bir-iki-gun-icinde-secilebilir","status":"publish","type":"post","link":"https:\/\/bihavadis.com\/index.php\/2026\/05\/01\/abbas-arakci-yeni-lider-bir-iki-gun-icinde-secilebilir\/","title":{"rendered":"Abbas Arak\u00e7i: Yeni lider bir iki g\u00fcn i\u00e7inde se\u00e7ilebilir"},"content":{"rendered":"<p>ABD ile \u0130ran, d\u00fczenledikleri ortak sald\u0131r\u0131 ile \u0130ran&#8217;da dini lider Ayettullah Ali Hamaney ile bir\u00e7ok \u00fcst d\u00fczey ismi \u00f6ld\u00fcrd\u00fc.\u00a0<\/p>\n<p>\u0130ran D\u0131\u015fi\u015fleri Bakan\u0131 Arak\u00e7i, Al Jazeera televizyonuna verdi\u011fi r\u00f6portajda, \u00fclkedeki son geli\u015fmelerle ilgili de\u011ferlendirmelerde bulundu.<\/p>\n<p><strong>&#8220;REJ\u0130M DE\u011e\u0130\u015e\u0130KL\u0130\u011e\u0130 \u0130MKANSIZ B\u0130R G\u00d6REVD\u0130R&#8221;<\/strong><\/p>\n<p>Arak\u00e7i, \u0130ran lideri Hamaney&#8217;e suikast\u0131 <em><b>\u201c\u00e7ok tehlikeli ve emsalsiz\u201d<\/b><\/em> bir eylem olarak nitelendirdi ve bunun uluslararas\u0131 hukukun a\u00e7\u0131k bir ihlali oldu\u011funu belirtti.<\/p>\n<p>\u0130ranl\u0131 Bakan, <em><b>&#8220;Rejim de\u011fi\u015fikli\u011fi imkans\u0131z bir g\u00f6revdir. Bir liderin yoklu\u011fu veya \u00f6l\u00fcm\u00fc, sistemin \u00e7\u00f6kt\u00fc\u011f\u00fc anlam\u0131na gelmez. Devlet kurumlar\u0131 yerlerinde duruyor ve anayasal prosed\u00fcrlerimiz i\u015fliyor. Bir iki g\u00fcn i\u00e7inde yeni liderin se\u00e7ildi\u011fini g\u00f6rebilirsiniz.&#8221;<\/b><\/em> diye konu\u015ftu.<\/p>\n<p><strong>&#8220;\u00dcLKELERDEK\u0130 AMER\u0130KAN VARLI\u011eINI HEDEF ALIYORUZ&#8221;<\/strong><\/p>\n<p>Suikast\u0131n, mevcut \u00e7at\u0131\u015fmay\u0131 daha karma\u015f\u0131k ve daha tehlikeli bir hale getirdi\u011fini belirten Arak\u00e7i, <em><b>&#8220;Savunmam\u0131z i\u00e7in herhangi bir s\u0131n\u0131r veya k\u0131s\u0131tlama koymuyoruz.&#8221;<\/b><\/em> dedi.<\/p>\n<p>\u0130ran&#8217;\u0131n ABD-\u0130srail&#8217;in sald\u0131r\u0131lar\u0131na kar\u015f\u0131l\u0131k b\u00f6lgedeki ABD \u00fcslerini hedef almas\u0131na ili\u015fkin Arak\u00e7i, <em><b>&#8220;Fars (Basra) K\u00f6rfezi&#8217;ndeki \u00fclkelerle ili\u015fkilerimiz iyi ve bizimle hi\u00e7bir sorunlar\u0131 yok. Fars K\u00f6rfezi&#8217;ndeki kom\u015fular\u0131m\u0131za sald\u0131rm\u0131yoruz aksine bu \u00fclkelerdeki Amerikan varl\u0131\u011f\u0131n\u0131 hedef al\u0131yoruz&#8221;<\/b><\/em> ifadelerini kulland\u0131.<\/p>\n<p>\u0130ranl\u0131 Bakan, b\u00f6lgedeki Amerikan askeri \u00fcslerine d\u00fczenlenen sald\u0131r\u0131lar sonras\u0131nda ABD&#8217;nin bu \u00fcsleri bo\u015faltmaya ba\u015flad\u0131\u011f\u0131n\u0131 kaydetti.<\/p>\n<p><img decoding=\"async\" src=\"https:\/\/bihavadis.com\/wp-content\/uploads\/2026\/05\/abbas-arakci-yeni-lider-bir-iki-gun-icinde-secilebilir-0-ayrzwHCV.jpg\"\/><\/p>\n<p><strong>&#8220;B\u0130Z HER ZAMAN D\u0130PLOMAS\u0130YE A\u00c7IK OLDUK&#8221;<\/strong><\/p>\n<p>ABD&#8217;nin ikinci kez m\u00fczakereler s\u0131ras\u0131nda sald\u0131r\u0131 ba\u015flatt\u0131\u011f\u0131na vurgu yapan Arak\u00e7i,  \u015feklinde konu\u015ftu.<\/p>\n<p>\u0130ranl\u0131 Bakan Arak\u00e7i, \u00fclkesinin \u015fu anda H\u00fcrm\u00fcz Bo\u011faz\u0131&#8217;n\u0131 kapatma niyetinde olmad\u0131\u011f\u0131n\u0131 ve <em><b>&#8220;bu a\u015famada bo\u011fazdaki seyr\u00fcseferleri aksatacak herhangi bir \u015fey yapmay\u0131 planlamad\u0131\u011f\u0131n\u0131&#8221;<\/b><\/em> s\u00f6yledi.<\/p>\n<div> <span><strong>Kaynak:<\/strong> Anadolu Ajans\u0131 (AA)<\/span> <\/div>\n","protected":false},"excerpt":{"rendered":"<p>ABD ile \u0130ran, d\u00fczenledikleri ortak sald\u0131r\u0131 ile \u0130ran&#8217;da dini lider Ayettullah Ali Hamaney ile bir\u00e7ok \u00fcst d\u00fczey ismi \u00f6ld\u00fcrd\u00fc.\u00a0 \u0130ran D\u0131\u015fi\u015fleri Bakan\u0131 Arak\u00e7i, Al Jazeera televizyonuna verdi\u011fi r\u00f6portajda, \u00fclkedeki son geli\u015fmelerle ilgili &#8230;<\/p>\n","protected":false},"author":1,"featured_media":76886,"comment_status":"open","ping_status":"open","sticky":false,"template":"","format":"standard","meta":{"footnotes":""},"categories":[6],"tags":[272,1545,271],"class_list":["post-76885","post","type-post","status-publish","format-standard","has-post-thumbnail","hentry","category-dunya","tag-abd","tag-arakci","tag-iran"],"_links":{"self":[{"href":"https:\/\/bihavadis.com\/index.php\/wp-json\/wp\/v2\/posts\/76885","targetHints":{"allow":["GET"]}}],"collection":[{"href":"https:\/\/bihavadis.com\/index.php\/wp-json\/wp\/v2\/posts"}],"about":[{"href":"https:\/\/bihavadis.com\/index.php\/wp-json\/wp\/v2\/types\/post"}],"author":[{"embeddable":true,"href":"https:\/\/bihavadis.com\/index.php\/wp-json\/wp\/v2\/users\/1"}],"replies":[{"embeddable":true,"href":"https:\/\/bihavadis.com\/index.php\/wp-json\/wp\/v2\/comments?post=76885"}],"version-history":[{"count":1,"href":"https:\/\/bihavadis.com\/index.php\/wp-json\/wp\/v2\/posts\/76885\/revisions"}],"predecessor-version":[{"id":76888,"href":"https:\/\/bihavadis.com\/index.php\/wp-json\/wp\/v2\/posts\/76885\/revisions\/76888"}],"wp:featuredmedia":[{"embeddable":true,"href":"https:\/\/bihavadis.com\/index.php\/wp-json\/wp\/v2\/media\/76886"}],"wp:attachment":[{"href":"https:\/\/bihavadis.com\/index.php\/wp-json\/wp\/v2\/media?parent=76885"}],"wp:term":[{"taxonomy":"category","embeddable":true,"href":"https:\/\/bihavadis.com\/index.php\/wp-json\/wp\/v2\/categories?post=76885"},{"taxonomy":"post_tag","embeddable":true,"href":"https:\/\/bihavadis.com\/index.php\/wp-json\/wp\/v2\/tags?post=76885"}],"curies":[{"name":"wp","href":"https:\/\/api.w.org\/{rel}","templated":true}]}}