{"id":76908,"date":"2026-05-01T04:30:16","date_gmt":"2026-05-01T04:30:16","guid":{"rendered":"https:\/\/bihavadis.com\/?p=76908"},"modified":"2026-05-01T04:30:16","modified_gmt":"2026-05-01T04:30:16","slug":"kadir-gecesi-iftarinda-burhaniyeliler-cumhuriyet-meydaninda-bulustu","status":"publish","type":"post","link":"https:\/\/bihavadis.com\/index.php\/2026\/05\/01\/kadir-gecesi-iftarinda-burhaniyeliler-cumhuriyet-meydaninda-bulustu\/","title":{"rendered":"Kadir Gecesi \u0130ftar\u0131nda Burhaniyeliler Cumhuriyet Meydan\u0131&#8217;nda Bulu\u015ftu"},"content":{"rendered":"<p><span><span><span><span><span><span>Kadir Gecesi\u2019nde d\u00fczenlenen iftar program\u0131nda 4.000&#8217;i a\u015fk\u0131n Burhaniyeli, Cumhuriyet Meydan\u0131\u2019nda ayn\u0131 sofrada bulu\u015ftu.<\/span><\/span><\/span><\/span><\/span><\/span><\/p>\n<p><span><span><span><span><span><span>Burhaniye Belediyesi taraf\u0131ndan d\u00fczenlenen iftar yeme\u011fine; Burhaniye Kaymakam\u0131 Cumali Atilla, Burhaniye Belediye Ba\u015fkan\u0131 Ali Kemal Deveciler ve e\u015fi Nuriye Deveciler, Burhaniye \u0130l\u00e7e Emniyet M\u00fcd\u00fcr\u00fc Faik Karaba\u015f, Burhaniye \u0130l\u00e7e Jandarma Komutan\u0131 Yarbay \u00dcnal Bayhan, Burhaniye Belediye Ba\u015fkan Yard\u0131mc\u0131lar\u0131 Ayten Tuna, Oktay Erbalaban, Tamer Midilli, Burhaniye Belediye Meclis Ba\u015fkan Vekili Tar\u0131k Erdil, Bal\u0131kesir B\u00fcy\u00fck\u015fehir Belediyesi Burhaniye Koordinat\u00f6r\u00fc Murat Yazgan, siyasi partilerin il\u00e7e ba\u015fkanlar\u0131 ve y\u00f6netim kurulu \u00fcyeleri, Burhaniye Kent Konseyi Ba\u015fkan\u0131 Hasan Metin, Burhaniye \u0130l\u00e7e Milli E\u011fitim M\u00fcd\u00fcr\u00fc Bora Zihni, Burhaniye Belediye Meclis \u00dcyeleri, muhtarlar, sivil toplum \u00f6rg\u00fctleri temsilcileri ve vatanda\u015flar kat\u0131l\u0131m sa\u011flad\u0131.<\/span><\/span><\/span><\/span><\/span><\/span><\/p>\n<p><span><span><span><span><span><span>Kadir Gecesi iftar program\u0131nda vatanda\u015flara seslenen Ba\u015fkan Deveciler, \u201cBurhaniye Belediyesi olarak Ramazan Ay\u0131\u2019n\u0131n ruhuna yak\u0131\u015f\u0131r \u015fekilde dayan\u0131\u015fma ve payla\u015fmay\u0131 esas alan \u00e7al\u0131\u015fmalar ger\u00e7ekle\u015ftirdik. Hay\u0131rsever vatanda\u015flar\u0131m\u0131z ile ihtiya\u00e7 sahibi hem\u015fehrilerimiz aras\u0131nda g\u00f6n\u00fcl k\u00f6pr\u00fcleri kurduk. Ramazan Ay\u0131 boyunca kurdu\u011fumuz iftar sofralar\u0131nda binlerce vatanda\u015f\u0131m\u0131zla bir araya gelerek bu m\u00fcbarek ay\u0131n bereketini ve huzurunu birlikte ya\u015fad\u0131k. Birlik ve beraberli\u011fimizin daim oldu\u011fu, karde\u015fli\u011fin ve dayan\u0131\u015fman\u0131n g\u00fc\u00e7lendi\u011fi nice Ramazanlara eksilmeden eri\u015fmeyi temenni ediyorum. T\u00fcm hem\u015fehrilerimin Ramazan Bayram\u0131\u2019n\u0131 \u015fimdiden tebrik ediyor; bar\u0131\u015f\u0131n, ho\u015fg\u00f6r\u00fcn\u00fcn ve huzurun hakim oldu\u011fu nice bayramlar diliyorum.\u201d dedi.<\/span><\/span><\/span><\/span><\/span><\/span><\/p>\n<p><span><span><span><span><span><span>Burhaniye Belediyesi, Kadir Gecesi\u2019ne \u00f6zel bir iftar program\u0131 d\u00fczenleyerek, il\u00e7ede payla\u015fma ve dayan\u0131\u015fma ruhunu en g\u00fc\u00e7l\u00fc \u015fekilde yans\u0131tt\u0131.<\/span><\/span><\/span><\/span><\/span><\/span><\/p>\n<p>\u00a0<\/p>\n<p>Kaynak: (BYZHA) Beyaz Haber Ajans\u0131<\/p>\n","protected":false},"excerpt":{"rendered":"<p>Kadir Gecesi\u2019nde d\u00fczenlenen iftar program\u0131nda 4.000&#8217;i a\u015fk\u0131n Burhaniyeli, Cumhuriyet Meydan\u0131\u2019nda ayn\u0131 sofrada bulu\u015ftu.<\/p>\n","protected":false},"author":1,"featured_media":76909,"comment_status":"open","ping_status":"open","sticky":false,"template":"","format":"standard","meta":{"footnotes":""},"categories":[4],"tags":[516,589,675],"class_list":["post-76908","post","type-post","status-publish","format-standard","has-post-thumbnail","hentry","category-gundem","tag-baskan","tag-burhaniye","tag-iftar"],"_links":{"self":[{"href":"https:\/\/bihavadis.com\/index.php\/wp-json\/wp\/v2\/posts\/76908","targetHints":{"allow":["GET"]}}],"collection":[{"href":"https:\/\/bihavadis.com\/index.php\/wp-json\/wp\/v2\/posts"}],"about":[{"href":"https:\/\/bihavadis.com\/index.php\/wp-json\/wp\/v2\/types\/post"}],"author":[{"embeddable":true,"href":"https:\/\/bihavadis.com\/index.php\/wp-json\/wp\/v2\/users\/1"}],"replies":[{"embeddable":true,"href":"https:\/\/bihavadis.com\/index.php\/wp-json\/wp\/v2\/comments?post=76908"}],"version-history":[{"count":1,"href":"https:\/\/bihavadis.com\/index.php\/wp-json\/wp\/v2\/posts\/76908\/revisions"}],"predecessor-version":[{"id":76910,"href":"https:\/\/bihavadis.com\/index.php\/wp-json\/wp\/v2\/posts\/76908\/revisions\/76910"}],"wp:featuredmedia":[{"embeddable":true,"href":"https:\/\/bihavadis.com\/index.php\/wp-json\/wp\/v2\/media\/76909"}],"wp:attachment":[{"href":"https:\/\/bihavadis.com\/index.php\/wp-json\/wp\/v2\/media?parent=76908"}],"wp:term":[{"taxonomy":"category","embeddable":true,"href":"https:\/\/bihavadis.com\/index.php\/wp-json\/wp\/v2\/categories?post=76908"},{"taxonomy":"post_tag","embeddable":true,"href":"https:\/\/bihavadis.com\/index.php\/wp-json\/wp\/v2\/tags?post=76908"}],"curies":[{"name":"wp","href":"https:\/\/api.w.org\/{rel}","templated":true}]}}