{"id":76926,"date":"2026-05-01T04:48:08","date_gmt":"2026-05-01T04:48:08","guid":{"rendered":"https:\/\/bihavadis.com\/?p=76926"},"modified":"2026-05-01T04:48:08","modified_gmt":"2026-05-01T04:48:08","slug":"bahceliden-salonu-ayaga-kaldiran-sozler-hep-bir-agizdan-o-slogani-attilar","status":"publish","type":"post","link":"https:\/\/bihavadis.com\/index.php\/2026\/05\/01\/bahceliden-salonu-ayaga-kaldiran-sozler-hep-bir-agizdan-o-slogani-attilar\/","title":{"rendered":"Bah\u00e7eli&#8217;den salonu aya\u011fa kald\u0131ran s\u00f6zler! Hep bir a\u011f\u0131zdan o slogan\u0131 att\u0131lar"},"content":{"rendered":"<p>Partisinin kurulu\u015funun 57. y\u0131l d\u00f6n\u00fcm\u00fc dolay\u0131s\u0131yla ATO Congresium&#8217;da d\u00fczenlenen &#8216;\u015eanla \u015eerefle 57. Y\u0131l&#8217; program\u0131nda konu\u015fan MHP Genel Ba\u015fkan\u0131 Devlet Bah\u00e7eli, dikkat \u00e7eken a\u00e7\u0131klamalarda bulundu. <\/p>\n<p><b>SALONU AYA\u011eA KALDIRAN S\u00d6ZLER <\/b><\/p>\n<p>&#8220;Giden gitmi\u015f, satan satm\u0131\u015f, d\u00f6nen d\u00f6nm\u00fc\u015f, \u00e7\u00fcr\u00fck cevher ay\u0131klanm\u0131\u015ft\u0131r, kabuk gitse de i\u015fte \u00f6z buradad\u0131r&#8221; diyen Bah\u00e7eli, &#8220;Davas\u0131n\u0131 namus bilen inanm\u0131\u015f y\u00fcrekler buradad\u0131r, serden ge\u00e7enler buradad\u0131r, \u00c7ankaya yoku\u015funda ba\u011flanan, Asya&#8217;n\u0131n bozkurtlar\u0131 Mar\u015f\u0131n\u0131 kalpten s\u00f6yleyenler buradad\u0131r. Bizim ne oldu\u011fumuzu soranlar\u0131n unutkanl\u0131\u011f\u0131n ya da ink\u00e2r\u0131n pen\u00e7esine d\u00fc\u015ft\u00fckleri maalesef a\u00e7\u0131kt\u0131r. Biz ilk g\u00fcnk\u00fc gibi T\u00fcrk\u00e7\u00fcy\u00fcz, Turanc\u0131y\u0131z, kayna\u011f\u0131n\u0131 T\u00fcrkistan \u00fclk\u00fcs\u00fcnde bulan T\u00fcrk milliyet\u00e7ileriyiz. Orada burada bizi sorgulayan siyasi dev\u015firmelere soruyoruz: Peki siz kimsiniz? Liberal deseniz de\u011filsiniz, muhafazak\u00e2r deseniz de\u011filsiniz, demokrat deseniz yine de\u011filsiniz, olsa olsa siz tam bir siyasi d\u00fcmencisiniz&#8221; ifadelerine yer verdi. Bu s\u00f6zler ayakta alk\u0131\u015flan\u0131rken salondakiler &#8220;Durma ilerle evlatlar\u0131n seninle&#8221; \u015feklinde slogan att\u0131.<\/p>\n<p><b>Bah\u00e7eli&#8217;nin a\u00e7\u0131klamalar\u0131ndan sat\u0131rba\u015flar\u0131; <\/b><\/p>\n<p>&#8220;T\u00fcrk milleti sevdal\u0131s\u0131 de\u011ferli \u00fclk\u00fcda\u015flar\u0131m, sayg\u0131de\u011fer han\u0131mefendiler ve beyefendiler, asaletin, cesaretin ve dirayetin sembol\u00fc sevgili bozkurtlar, asenalar, Milliyet\u00e7i Hareket Partisi&#8217;nin 57 y\u0131ll\u0131k \u015fan\u0131 ve \u015ferefiyle, 57 y\u0131ll\u0131k ilkesi ve ahlak\u0131yla, 57 y\u0131ll\u0131k inanc\u0131 ve yetenekleriyle, 57 y\u0131ll\u0131k hayali ve hedefleriyle tek y\u00fcrek olmu\u015f, kenetlenmi\u015f bir h\u00e2lin ayd\u0131nl\u0131\u011f\u0131nda bekliyor, hepinizi kemal-i h\u00fcrmet ve sevgiyle selaml\u0131yorum.<\/p>\n<p>Ekranlar\u0131n ba\u015f\u0131nda bizleri izleyen aziz milletimizin her g\u00fczel insan\u0131na, g\u00f6n\u00fcl ve k\u00fclt\u00fcr co\u011frafyalar\u0131m\u0131zda hayat m\u00fccadelesi veren her karde\u015fimize en halisane duygular\u0131mla birlikte sayg\u0131 ve sevgilerimi sunuyor, esenlikler diliyorum, \u015fanla ve \u015ferefle icra edilen 57. Y\u0131l program\u0131m\u0131z\u0131n d\u00fczenlenmesinde eme\u011fi ge\u00e7en her arkada\u015f\u0131ma, her karde\u015fime te\u015fekk\u00fcr ediyor, hepinize ho\u015f geldiniz, sefalar getirdiniz diyorum.<\/p>\n<p><b>CUMHURBA\u015eKANI ERDO\u011eAN&#8217;A TE\u015eEKK\u00dcR<\/b><\/p>\n<p>Cumhurba\u015fkan\u0131m\u0131z ve AK Parti Genel Ba\u015fkan\u0131 Say\u0131n Recep Tayyip Erdo\u011fan&#8217;a Milliyet\u00e7i Hareket Partisi&#8217;nin 57. Kurulu\u015f Y\u0131ld\u00f6n\u00fcm\u00fc m\u00fcnasebetiyle g\u00f6ndermi\u015f oldu\u011fu, T\u00fcrk bayra\u011f\u0131 motifinde haz\u0131rlanm\u0131\u015f ve 57 y\u0131la ithafen 57 g\u00fcl\u00fcn yer ald\u0131\u011f\u0131 tebrik \u00e7i\u00e7e\u011finden dolay\u0131 zat\u0131\u00e2lilerine te\u015fekk\u00fcrlerimi ve \u015f\u00fckranlar\u0131m\u0131 sunuyorum. Allah&#8217;tan niyaz ediyorum ki davam\u0131z\u0131 ve dava arkada\u015flar\u0131m\u0131z\u0131 g\u00f6rd\u00fcklerinden geri koymas\u0131n, milliyet\u00e7i \u00fclk\u00fcc\u00fc hareketi mahcup ettirmesin, ma\u011flubiyetlerin kumda\u011f\u0131na d\u00fc\u015f\u00fcrmesin.<\/p>\n<p><b>&#8220;BA\u011eIMSIZ V\u0130CDANIMIZLA 57 YIL GE\u00c7\u0130RD\u0130K&#8221;<\/b><\/p>\n<p>Aziz \u00fclk\u00fcda\u015flar\u0131m, dile kolay, yar\u0131m asr\u0131 yedi y\u0131l a\u015fan bir siyasi varl\u0131\u011f\u0131n \u015fan\u0131 ve \u015ferefiyle, hakk\u0131n, halk\u0131n ve hakikatin bitirici m\u00fccadelesini veriyoruz. Ba\u011f\u0131ms\u0131z vicdan\u0131m\u0131zla, bar\u0131\u015fsever zihniyetimizle, insansever, milletsever ve vatansever anlay\u0131\u015f\u0131m\u0131zla, T\u00fcrk tarih ve k\u00fclt\u00fcr\u00fcne olan muazzam ba\u011fl\u0131l\u0131\u011f\u0131m\u0131zla, mill\u00ee ve manev\u00ee de\u011ferler h\u00fck\u00fcmlerine hasb\u00ee ve haysiyetli ba\u011flan\u0131\u015f\u0131m\u0131zla 57 y\u0131ll\u0131k bir mazinin geride b\u0131rakman\u0131n onurunu ya\u015f\u0131yoruz. 8\u20139 \u015eubat 1969&#8217;un Adana&#8217;s\u0131nda bir kez kalkan \u00fc\u00e7 hilalimiz hamdolsun bir daha inmedi, indirmeye \u00e7al\u0131\u015fanlara da f\u0131rsat verilmedi. <\/p>\n<p><b>&#8220;KUR\u015eUN YED\u0130K ZULME YEN\u0130LMED\u0130K&#8221;<\/b><\/p>\n<p>On y\u0131llar\u0131n tozunu yuttuk ama hain oyunlar\u0131 yutmad\u0131k, on y\u0131llar\u0131n zorluklar\u0131yla s\u0131nand\u0131k ama mill\u00ee birlik ve karde\u015fli\u011fimizin testisini k\u0131rmad\u0131k. Toprak alt\u0131ndaki k\u00f6klerin a\u011fa\u00e7lar\u0131 bol meyveli k\u0131lmas\u0131na ra\u011fmen a\u011fa\u00e7tan bir \u015fey istememesi gibi, biz de kara sevdal\u0131 oldu\u011fumuz milletimize hizmet etmekten dolay\u0131 kar\u015f\u0131l\u0131k beklemedik. Biz sevgimizle hep hasb\u00ee olduk, bu \u00fclkeyi kar\u015f\u0131l\u0131ks\u0131z sevdik, milletimizin her g\u00fczelli\u011fini, her emanetini, her de\u011ferini ve her insan\u0131n\u0131 Allah i\u00e7in sahiplendik, ba\u011fr\u0131m\u0131za bast\u0131k. B\u00fcy\u00fck halk ozan\u0131m\u0131z Yunus&#8217;un &#8220;\u0130steyeceksen i\u015f i\u00e7inden iste&#8221; dedi\u011fi gibi biz de \u00f6yle yapt\u0131k, \u00e7\u00fcnk\u00fc Allah&#8217;\u0131n bize bizden daha yak\u0131n oldu\u011funa iman ettik. Bazen &#8220;g\u00f6r\u00fclmedik olsun be Yaradan, yard\u0131m bize&#8221; dedik, bazen &#8220;duyulmad\u0131k olsun, her \u015feyin bir vakti vard\u0131r&#8221; dedik, bazen yaln\u0131z kald\u0131k ama ald\u0131rmad\u0131k, &#8220;d\u00fc\u015ferse hanemize kurt yaln\u0131zl\u0131\u011f\u0131 d\u00fc\u015fs\u00fcn&#8221; dedik, zor ve \u00e7etin y\u0131llarda ayaz\u0131 yedik, bug\u00fcn de lokmam\u0131z\u0131 d\u00f6rde b\u00f6l\u00fcp yedik, cami avlular\u0131nda \u015fehit tabutlar\u0131n\u0131 omuzlarken i\u00e7imizi i\u00e7imize yedik. K\u00f6\u015fe ba\u015flar\u0131nda s\u0131k\u0131lan kur\u015funlar\u0131 yedik ama zulme yenilmedik, millete yenilmedik, zillete yenilmedik.<\/p>\n<p><b>&#8220;\u015eARTLAR BA\u015eKACA B\u0130R SE\u00c7ENE\u011eE KAPANDI\u011eINDA&#8230;&#8221;<\/b><\/p>\n<p>Her t\u00fcrl\u00fc fedakarl\u0131\u011f\u0131 g\u00f6ze al\u0131yor musunuz, \u00f6nce bunun cevab\u0131 gereklidir, \u015fahs\u00ee ve d\u00fcnyev\u00ee \u00e7\u0131karlar\u0131n\u0131z\u0131 aziz millet varl\u0131\u011f\u0131 i\u00e7in elinizin tersiyle itiyor musunuz, m\u00fctabiken bunun netle\u015fmesi laz\u0131md\u0131r. \u015eartlar ba\u015fkaca bir se\u00e7ene\u011fe kapand\u0131\u011f\u0131nda vatan, millet ve devlet u\u011fruna candan, yardan ve serden ge\u00e7menin s\u0131n\u0131r hatt\u0131nda m\u0131s\u0131n\u0131z, elbette bunun belli olmas\u0131 ve belirginlik kazanmas\u0131 da m\u00fchim bir ihtiya\u00e7t\u0131r. Milliyet\u00e7ilik, milletin binlerce y\u0131ll\u0131k miras\u0131n\u0131 y\u00fcreklerde ta\u015f\u0131makt\u0131r, yok oldu\u011fu san\u0131lan bir co\u011frafyadan yeniden do\u011fmakt\u0131r ve ihtiya\u00e7 oldu\u011funda \u00f6l\u00fcm kar\u015f\u0131s\u0131nda imtihan olmakt\u0131r. Sahte samimiyet maskesi takan turfanda ve t\u00fcfekli milliyet\u00e7ilerin at\u0131p tutmalar\u0131, kemiksiz palavralar\u0131 ve kesintisiz parazitlikleri bizim nazar\u0131m\u0131zda sadece i\u00e7i bo\u015f varil g\u00fcr\u00fclt\u00fcs\u00fcn\u00fc and\u0131rmaktad\u0131r.&#8221;<\/p>\n","protected":false},"excerpt":{"rendered":"<p>Partisinin kurulu\u015funun 57. y\u0131l d\u00f6n\u00fcm\u00fc dolay\u0131s\u0131yla d\u00fczenlenen programda a\u00e7\u0131klamalarda bulunan MHP lideri Devlet Bah\u00e7eli, &#8221;Giden gitmi\u015ftir, satan satm\u0131\u015ft\u0131r, d\u00f6nen d\u00f6nm\u00fc\u015ft\u00fcr. Davas\u0131n\u0131 namus bilen inanm\u0131\u015f y\u00fcrekler buradad\u0131r, serdenge\u00e7tiler, Asya&#8217;n\u0131n bozkurtlar\u0131 buradad\u0131r&#8221; dedi. Salonu aya\u011fa kald\u0131ran bu s\u00f6zler sonras\u0131 &#8221;Durma ilerle evlatlar\u0131n seninle&#8221; sloganlar\u0131 at\u0131ld\u0131.<\/p>\n","protected":false},"author":1,"featured_media":76927,"comment_status":"open","ping_status":"open","sticky":false,"template":"","format":"standard","meta":{"footnotes":""},"categories":[12],"tags":[8230,2099,8229,517],"class_list":["post-76926","post","type-post","status-publish","format-standard","has-post-thumbnail","hentry","category-siyaset","tag-57-yillik","tag-milleti","tag-milliyetci","tag-turk"],"_links":{"self":[{"href":"https:\/\/bihavadis.com\/index.php\/wp-json\/wp\/v2\/posts\/76926","targetHints":{"allow":["GET"]}}],"collection":[{"href":"https:\/\/bihavadis.com\/index.php\/wp-json\/wp\/v2\/posts"}],"about":[{"href":"https:\/\/bihavadis.com\/index.php\/wp-json\/wp\/v2\/types\/post"}],"author":[{"embeddable":true,"href":"https:\/\/bihavadis.com\/index.php\/wp-json\/wp\/v2\/users\/1"}],"replies":[{"embeddable":true,"href":"https:\/\/bihavadis.com\/index.php\/wp-json\/wp\/v2\/comments?post=76926"}],"version-history":[{"count":1,"href":"https:\/\/bihavadis.com\/index.php\/wp-json\/wp\/v2\/posts\/76926\/revisions"}],"predecessor-version":[{"id":76928,"href":"https:\/\/bihavadis.com\/index.php\/wp-json\/wp\/v2\/posts\/76926\/revisions\/76928"}],"wp:featuredmedia":[{"embeddable":true,"href":"https:\/\/bihavadis.com\/index.php\/wp-json\/wp\/v2\/media\/76927"}],"wp:attachment":[{"href":"https:\/\/bihavadis.com\/index.php\/wp-json\/wp\/v2\/media?parent=76926"}],"wp:term":[{"taxonomy":"category","embeddable":true,"href":"https:\/\/bihavadis.com\/index.php\/wp-json\/wp\/v2\/categories?post=76926"},{"taxonomy":"post_tag","embeddable":true,"href":"https:\/\/bihavadis.com\/index.php\/wp-json\/wp\/v2\/tags?post=76926"}],"curies":[{"name":"wp","href":"https:\/\/api.w.org\/{rel}","templated":true}]}}